{"id":15859,"date":"2021-09-16T23:22:37","date_gmt":"2021-09-17T04:22:37","guid":{"rendered":"https:\/\/thepueblatimes.mx\/?p=15859"},"modified":"2021-09-16T23:22:37","modified_gmt":"2021-09-17T04:22:37","slug":"detienen-a-policia-que-violo-a-menor-de-edad-en-ahuazotepec","status":"publish","type":"post","link":"https:\/\/thepueblatimes.mx\/index.php\/2021\/09\/16\/detienen-a-policia-que-violo-a-menor-de-edad-en-ahuazotepec\/","title":{"rendered":"Detienen a polic\u00eda que viol\u00f3 a menor de edad en Ahuazotepec"},"content":{"rendered":"<p>Ahuazotepec, Pue.- Varios d\u00edas de b\u00fasqueda y la presi\u00f3n social que hicieron pobladores y familiares de Camila, ya<strong>\u00a0fue detenido cerca del municipio de Chignahuapan Sixto N., presunto violador de la menor en el municipio de Ahuazotepec, quien se desempe\u00f1aba como polic\u00eda en este municipio.<\/strong><\/p>\n<p><strong>El agresor sexual de Camila, que iba a ser su padrino<\/strong>, ya se encuentra en las instalaciones de la casa de justicia del municipio de Huauchinango, en donde enfrentara los cargos que se le imputan.<\/p>\n<p>La detenci\u00f3n se dio por parte de la FGE en un trabajo coordinado con las diversas corporaciones polic\u00edacas que implementaron un fuerte operativo para localizar al masculino que se encontraba refugiado e inclusive ofreci\u00f3 dinero para evitar la detenci\u00f3n.<\/p>\n<p>&nbsp;<\/p>\n","protected":false},"excerpt":{"rendered":"<p>Ahuazotepec, Pue.- Varios d\u00edas de b\u00fasqueda y la presi\u00f3n social que hicieron pobladores y familiares de Camila, ya\u00a0fue detenido cerca del municipio de Chignahuapan Sixto N., presunto violador de la menor en el municipio de Ahuazotepec, quien se desempe\u00f1aba como polic\u00eda en este municipio. El agresor sexual de Camila, que iba a ser su padrino,&#8230;<\/p>\n","protected":false},"author":15,"featured_media":15860,"comment_status":"open","ping_status":"open","sticky":false,"template":"","format":"standard","meta":[],"categories":[20],"tags":[49],"yoast_head":"<!-- This site is optimized with the Yoast SEO plugin v20.8 - https:\/\/yoast.com\/wordpress\/plugins\/seo\/ -->\n<title>Detienen a polic\u00eda que viol\u00f3 a menor de edad en Ahuazotepec - The Puebla Times<\/title>\n<meta name=\"robots\" content=\"index, follow, max-snippet:-1, max-image-preview:large, max-video-preview:-1\" \/>\n<link rel=\"canonical\" href=\"https:\/\/thepueblatimes.mx\/index.php\/2021\/09\/16\/detienen-a-policia-que-violo-a-menor-de-edad-en-ahuazotepec\/\" \/>\n<meta property=\"og:locale\" content=\"es_ES\" \/>\n<meta property=\"og:type\" content=\"article\" \/>\n<meta property=\"og:title\" content=\"Detienen a polic\u00eda que viol\u00f3 a menor de edad en Ahuazotepec - The Puebla Times\" \/>\n<meta property=\"og:description\" content=\"Ahuazotepec, Pue.- Varios d\u00edas de b\u00fasqueda y la presi\u00f3n social que hicieron pobladores y familiares de Camila, ya\u00a0fue detenido cerca del municipio de Chignahuapan Sixto N., presunto violador de la menor en el municipio de Ahuazotepec, quien se desempe\u00f1aba como polic\u00eda en este municipio. El agresor sexual de Camila, que iba a ser su padrino,...\" \/>\n<meta property=\"og:url\" content=\"https:\/\/thepueblatimes.mx\/index.php\/2021\/09\/16\/detienen-a-policia-que-violo-a-menor-de-edad-en-ahuazotepec\/\" \/>\n<meta property=\"og:site_name\" content=\"The Puebla Times\" \/>\n<meta property=\"article:published_time\" content=\"2021-09-17T04:22:37+00:00\" \/>\n<meta property=\"og:image\" content=\"https:\/\/thepueblatimes.mx\/wp-content\/uploads\/2021\/09\/padrino2.jpg\" \/>\n\t<meta property=\"og:image:width\" content=\"650\" \/>\n\t<meta property=\"og:image:height\" content=\"461\" \/>\n\t<meta property=\"og:image:type\" content=\"image\/jpeg\" \/>\n<meta name=\"author\" content=\"Francisco S\u00e1nchez Nolasco\" \/>\n<meta name=\"twitter:card\" content=\"summary_large_image\" \/>\n<meta name=\"twitter:label1\" content=\"Escrito por\" \/>\n\t<meta name=\"twitter:data1\" content=\"Francisco S\u00e1nchez Nolasco\" \/>\n\t<meta name=\"twitter:label2\" content=\"Tiempo de lectura\" \/>\n\t<meta name=\"twitter:data2\" content=\"1 minuto\" \/>\n<script type=\"application\/ld+json\" class=\"yoast-schema-graph\">{\"@context\":\"https:\/\/schema.org\",\"@graph\":[{\"@type\":\"WebPage\",\"@id\":\"https:\/\/thepueblatimes.mx\/index.php\/2021\/09\/16\/detienen-a-policia-que-violo-a-menor-de-edad-en-ahuazotepec\/\",\"url\":\"https:\/\/thepueblatimes.mx\/index.php\/2021\/09\/16\/detienen-a-policia-que-violo-a-menor-de-edad-en-ahuazotepec\/\",\"name\":\"Detienen a polic\u00eda que viol\u00f3 a menor de edad en Ahuazotepec - The Puebla Times\",\"isPartOf\":{\"@id\":\"https:\/\/thepueblatimes.mx\/#website\"},\"datePublished\":\"2021-09-17T04:22:37+00:00\",\"dateModified\":\"2021-09-17T04:22:37+00:00\",\"author\":{\"@id\":\"https:\/\/thepueblatimes.mx\/#\/schema\/person\/7bdf2adbc50078b104bba72b5612f774\"},\"breadcrumb\":{\"@id\":\"https:\/\/thepueblatimes.mx\/index.php\/2021\/09\/16\/detienen-a-policia-que-violo-a-menor-de-edad-en-ahuazotepec\/#breadcrumb\"},\"inLanguage\":\"es\",\"potentialAction\":[{\"@type\":\"ReadAction\",\"target\":[\"https:\/\/thepueblatimes.mx\/index.php\/2021\/09\/16\/detienen-a-policia-que-violo-a-menor-de-edad-en-ahuazotepec\/\"]}]},{\"@type\":\"BreadcrumbList\",\"@id\":\"https:\/\/thepueblatimes.mx\/index.php\/2021\/09\/16\/detienen-a-policia-que-violo-a-menor-de-edad-en-ahuazotepec\/#breadcrumb\",\"itemListElement\":[{\"@type\":\"ListItem\",\"position\":1,\"name\":\"Portada\",\"item\":\"https:\/\/thepueblatimes.mx\/\"},{\"@type\":\"ListItem\",\"position\":2,\"name\":\"Detienen a polic\u00eda que viol\u00f3 a menor de edad en Ahuazotepec\"}]},{\"@type\":\"WebSite\",\"@id\":\"https:\/\/thepueblatimes.mx\/#website\",\"url\":\"https:\/\/thepueblatimes.mx\/\",\"name\":\"The Puebla Times\",\"description\":\"Noticias del Estado de Puebla\",\"potentialAction\":[{\"@type\":\"SearchAction\",\"target\":{\"@type\":\"EntryPoint\",\"urlTemplate\":\"https:\/\/thepueblatimes.mx\/?s={search_term_string}\"},\"query-input\":\"required name=search_term_string\"}],\"inLanguage\":\"es\"},{\"@type\":\"Person\",\"@id\":\"https:\/\/thepueblatimes.mx\/#\/schema\/person\/7bdf2adbc50078b104bba72b5612f774\",\"name\":\"Francisco S\u00e1nchez Nolasco\",\"image\":{\"@type\":\"ImageObject\",\"inLanguage\":\"es\",\"@id\":\"https:\/\/thepueblatimes.mx\/#\/schema\/person\/image\/\",\"url\":\"https:\/\/secure.gravatar.com\/avatar\/6061d7d20b38bc2742a5218401b198d2?s=96&d=mm&r=g\",\"contentUrl\":\"https:\/\/secure.gravatar.com\/avatar\/6061d7d20b38bc2742a5218401b198d2?s=96&d=mm&r=g\",\"caption\":\"Francisco S\u00e1nchez Nolasco\"},\"url\":\"https:\/\/thepueblatimes.mx\/index.php\/author\/marianitha-reyes\/\"}]}<\/script>\n<!-- \/ Yoast SEO plugin. -->","yoast_head_json":{"title":"Detienen a polic\u00eda que viol\u00f3 a menor de edad en Ahuazotepec - The Puebla Times","robots":{"index":"index","follow":"follow","max-snippet":"max-snippet:-1","max-image-preview":"max-image-preview:large","max-video-preview":"max-video-preview:-1"},"canonical":"https:\/\/thepueblatimes.mx\/index.php\/2021\/09\/16\/detienen-a-policia-que-violo-a-menor-de-edad-en-ahuazotepec\/","og_locale":"es_ES","og_type":"article","og_title":"Detienen a polic\u00eda que viol\u00f3 a menor de edad en Ahuazotepec - The Puebla Times","og_description":"Ahuazotepec, Pue.- Varios d\u00edas de b\u00fasqueda y la presi\u00f3n social que hicieron pobladores y familiares de Camila, ya\u00a0fue detenido cerca del municipio de Chignahuapan Sixto N., presunto violador de la menor en el municipio de Ahuazotepec, quien se desempe\u00f1aba como polic\u00eda en este municipio. El agresor sexual de Camila, que iba a ser su padrino,...","og_url":"https:\/\/thepueblatimes.mx\/index.php\/2021\/09\/16\/detienen-a-policia-que-violo-a-menor-de-edad-en-ahuazotepec\/","og_site_name":"The Puebla Times","article_published_time":"2021-09-17T04:22:37+00:00","og_image":[{"width":650,"height":461,"url":"https:\/\/thepueblatimes.mx\/wp-content\/uploads\/2021\/09\/padrino2.jpg","type":"image\/jpeg"}],"author":"Francisco S\u00e1nchez Nolasco","twitter_card":"summary_large_image","twitter_misc":{"Escrito por":"Francisco S\u00e1nchez Nolasco","Tiempo de lectura":"1 minuto"},"schema":{"@context":"https:\/\/schema.org","@graph":[{"@type":"WebPage","@id":"https:\/\/thepueblatimes.mx\/index.php\/2021\/09\/16\/detienen-a-policia-que-violo-a-menor-de-edad-en-ahuazotepec\/","url":"https:\/\/thepueblatimes.mx\/index.php\/2021\/09\/16\/detienen-a-policia-que-violo-a-menor-de-edad-en-ahuazotepec\/","name":"Detienen a polic\u00eda que viol\u00f3 a menor de edad en Ahuazotepec - The Puebla Times","isPartOf":{"@id":"https:\/\/thepueblatimes.mx\/#website"},"datePublished":"2021-09-17T04:22:37+00:00","dateModified":"2021-09-17T04:22:37+00:00","author":{"@id":"https:\/\/thepueblatimes.mx\/#\/schema\/person\/7bdf2adbc50078b104bba72b5612f774"},"breadcrumb":{"@id":"https:\/\/thepueblatimes.mx\/index.php\/2021\/09\/16\/detienen-a-policia-que-violo-a-menor-de-edad-en-ahuazotepec\/#breadcrumb"},"inLanguage":"es","potentialAction":[{"@type":"ReadAction","target":["https:\/\/thepueblatimes.mx\/index.php\/2021\/09\/16\/detienen-a-policia-que-violo-a-menor-de-edad-en-ahuazotepec\/"]}]},{"@type":"BreadcrumbList","@id":"https:\/\/thepueblatimes.mx\/index.php\/2021\/09\/16\/detienen-a-policia-que-violo-a-menor-de-edad-en-ahuazotepec\/#breadcrumb","itemListElement":[{"@type":"ListItem","position":1,"name":"Portada","item":"https:\/\/thepueblatimes.mx\/"},{"@type":"ListItem","position":2,"name":"Detienen a polic\u00eda que viol\u00f3 a menor de edad en Ahuazotepec"}]},{"@type":"WebSite","@id":"https:\/\/thepueblatimes.mx\/#website","url":"https:\/\/thepueblatimes.mx\/","name":"The Puebla Times","description":"Noticias del Estado de Puebla","potentialAction":[{"@type":"SearchAction","target":{"@type":"EntryPoint","urlTemplate":"https:\/\/thepueblatimes.mx\/?s={search_term_string}"},"query-input":"required name=search_term_string"}],"inLanguage":"es"},{"@type":"Person","@id":"https:\/\/thepueblatimes.mx\/#\/schema\/person\/7bdf2adbc50078b104bba72b5612f774","name":"Francisco S\u00e1nchez Nolasco","image":{"@type":"ImageObject","inLanguage":"es","@id":"https:\/\/thepueblatimes.mx\/#\/schema\/person\/image\/","url":"https:\/\/secure.gravatar.com\/avatar\/6061d7d20b38bc2742a5218401b198d2?s=96&d=mm&r=g","contentUrl":"https:\/\/secure.gravatar.com\/avatar\/6061d7d20b38bc2742a5218401b198d2?s=96&d=mm&r=g","caption":"Francisco S\u00e1nchez Nolasco"},"url":"https:\/\/thepueblatimes.mx\/index.php\/author\/marianitha-reyes\/"}]}},"jetpack_featured_media_url":"https:\/\/thepueblatimes.mx\/wp-content\/uploads\/2021\/09\/padrino2.jpg","_links":{"self":[{"href":"https:\/\/thepueblatimes.mx\/index.php\/wp-json\/wp\/v2\/posts\/15859"}],"collection":[{"href":"https:\/\/thepueblatimes.mx\/index.php\/wp-json\/wp\/v2\/posts"}],"about":[{"href":"https:\/\/thepueblatimes.mx\/index.php\/wp-json\/wp\/v2\/types\/post"}],"author":[{"embeddable":true,"href":"https:\/\/thepueblatimes.mx\/index.php\/wp-json\/wp\/v2\/users\/15"}],"replies":[{"embeddable":true,"href":"https:\/\/thepueblatimes.mx\/index.php\/wp-json\/wp\/v2\/comments?post=15859"}],"version-history":[{"count":1,"href":"https:\/\/thepueblatimes.mx\/index.php\/wp-json\/wp\/v2\/posts\/15859\/revisions"}],"predecessor-version":[{"id":15861,"href":"https:\/\/thepueblatimes.mx\/index.php\/wp-json\/wp\/v2\/posts\/15859\/revisions\/15861"}],"wp:featuredmedia":[{"embeddable":true,"href":"https:\/\/thepueblatimes.mx\/index.php\/wp-json\/wp\/v2\/media\/15860"}],"wp:attachment":[{"href":"https:\/\/thepueblatimes.mx\/index.php\/wp-json\/wp\/v2\/media?parent=15859"}],"wp:term":[{"taxonomy":"category","embeddable":true,"href":"https:\/\/thepueblatimes.mx\/index.php\/wp-json\/wp\/v2\/categories?post=15859"},{"taxonomy":"post_tag","embeddable":true,"href":"https:\/\/thepueblatimes.mx\/index.php\/wp-json\/wp\/v2\/tags?post=15859"}],"curies":[{"name":"wp","href":"https:\/\/api.w.org\/{rel}","templated":true}]}}