{"id":15801,"date":"2021-09-14T00:16:19","date_gmt":"2021-09-14T05:16:19","guid":{"rendered":"https:\/\/thepueblatimes.mx\/?p=15801"},"modified":"2021-09-14T00:16:19","modified_gmt":"2021-09-14T05:16:19","slug":"mujer-muere-arrollada-en-la-autopista-teziutlan-virreyes","status":"publish","type":"post","link":"https:\/\/thepueblatimes.mx\/index.php\/2021\/09\/14\/mujer-muere-arrollada-en-la-autopista-teziutlan-virreyes\/","title":{"rendered":"Mujer muere arrollada en la autopista Teziutl\u00e1n-Virreyes"},"content":{"rendered":"<p>Tlatlauquitepec, Pue.- Una mujer de aproximadamente 70 a\u00f1os perdi\u00f3 la vida, luego de que fue atropellada la tarde de este lunes en la autopista Teziutl\u00e1n-Virreyes, el responsable se dio a la fuga.<\/p>\n<p>Los hechos ocurrieron en el kil\u00f3metro 110+700 de la mencionada autopista a la altura de la comunidad de El Duraznillo, municipio de Tlatlauquitepec, luego de que la v\u00edctima identificada como Guillermina Vel\u00e1zquez, con domicilio en la calle 9 Sur del municipio de Zaragoza, intentar\u00e1 cruzar la autopista.<\/p>\n<p>Testigos refirieron que una camioneta la embisti\u00f3 debido a la densa neblina que invade la vialidad, tras lo cual, se dio a la fuga.<\/p>\n<p>A pesar de que algunos conductores intentaron darle alcance, fue imposible ya que el conductor huy\u00f3 con rumbo al municipio de Tlatlauquitepec.<\/p>\n<p>A pesar de que personal de emergencia lleg\u00f3 al lugar e intent\u00f3 salvar a la mujer, fue imposible debido a los golpes, muriendo en el lugar. Personal de la polic\u00eda estatal, abandera el lugar y se espera la llegada fe los familiares de la hoy occisa.<\/p>\n","protected":false},"excerpt":{"rendered":"<p>Tlatlauquitepec, Pue.- Una mujer de aproximadamente 70 a\u00f1os perdi\u00f3 la vida, luego de que fue atropellada la tarde de este lunes en la autopista Teziutl\u00e1n-Virreyes, el responsable se dio a la fuga. Los hechos ocurrieron en el kil\u00f3metro 110+700 de la mencionada autopista a la altura de la comunidad de El Duraznillo, municipio de Tlatlauquitepec,&#8230;<\/p>\n","protected":false},"author":15,"featured_media":15802,"comment_status":"open","ping_status":"open","sticky":false,"template":"","format":"standard","meta":[],"categories":[20],"tags":[49],"yoast_head":"<!-- This site is optimized with the Yoast SEO plugin v20.8 - https:\/\/yoast.com\/wordpress\/plugins\/seo\/ -->\n<title>Mujer muere arrollada en la autopista Teziutl\u00e1n-Virreyes - The Puebla Times<\/title>\n<meta name=\"robots\" content=\"index, follow, max-snippet:-1, max-image-preview:large, max-video-preview:-1\" \/>\n<link rel=\"canonical\" href=\"https:\/\/thepueblatimes.mx\/index.php\/2021\/09\/14\/mujer-muere-arrollada-en-la-autopista-teziutlan-virreyes\/\" \/>\n<meta property=\"og:locale\" content=\"es_ES\" \/>\n<meta property=\"og:type\" content=\"article\" \/>\n<meta property=\"og:title\" content=\"Mujer muere arrollada en la autopista Teziutl\u00e1n-Virreyes - The Puebla Times\" \/>\n<meta property=\"og:description\" content=\"Tlatlauquitepec, Pue.- Una mujer de aproximadamente 70 a\u00f1os perdi\u00f3 la vida, luego de que fue atropellada la tarde de este lunes en la autopista Teziutl\u00e1n-Virreyes, el responsable se dio a la fuga. Los hechos ocurrieron en el kil\u00f3metro 110+700 de la mencionada autopista a la altura de la comunidad de El Duraznillo, municipio de Tlatlauquitepec,...\" \/>\n<meta property=\"og:url\" content=\"https:\/\/thepueblatimes.mx\/index.php\/2021\/09\/14\/mujer-muere-arrollada-en-la-autopista-teziutlan-virreyes\/\" \/>\n<meta property=\"og:site_name\" content=\"The Puebla Times\" \/>\n<meta property=\"article:published_time\" content=\"2021-09-14T05:16:19+00:00\" \/>\n<meta property=\"og:image\" content=\"https:\/\/thepueblatimes.mx\/wp-content\/uploads\/2021\/09\/wipeout19_13_2021_071931.218000.jpg\" \/>\n\t<meta property=\"og:image:width\" content=\"720\" \/>\n\t<meta property=\"og:image:height\" content=\"474\" \/>\n\t<meta property=\"og:image:type\" content=\"image\/jpeg\" \/>\n<meta name=\"author\" content=\"Francisco S\u00e1nchez Nolasco\" \/>\n<meta name=\"twitter:card\" content=\"summary_large_image\" \/>\n<meta name=\"twitter:label1\" content=\"Escrito por\" \/>\n\t<meta name=\"twitter:data1\" content=\"Francisco S\u00e1nchez Nolasco\" \/>\n\t<meta name=\"twitter:label2\" content=\"Tiempo de lectura\" \/>\n\t<meta name=\"twitter:data2\" content=\"1 minuto\" \/>\n<script type=\"application\/ld+json\" class=\"yoast-schema-graph\">{\"@context\":\"https:\/\/schema.org\",\"@graph\":[{\"@type\":\"WebPage\",\"@id\":\"https:\/\/thepueblatimes.mx\/index.php\/2021\/09\/14\/mujer-muere-arrollada-en-la-autopista-teziutlan-virreyes\/\",\"url\":\"https:\/\/thepueblatimes.mx\/index.php\/2021\/09\/14\/mujer-muere-arrollada-en-la-autopista-teziutlan-virreyes\/\",\"name\":\"Mujer muere arrollada en la autopista Teziutl\u00e1n-Virreyes - The Puebla Times\",\"isPartOf\":{\"@id\":\"https:\/\/thepueblatimes.mx\/#website\"},\"datePublished\":\"2021-09-14T05:16:19+00:00\",\"dateModified\":\"2021-09-14T05:16:19+00:00\",\"author\":{\"@id\":\"https:\/\/thepueblatimes.mx\/#\/schema\/person\/7bdf2adbc50078b104bba72b5612f774\"},\"breadcrumb\":{\"@id\":\"https:\/\/thepueblatimes.mx\/index.php\/2021\/09\/14\/mujer-muere-arrollada-en-la-autopista-teziutlan-virreyes\/#breadcrumb\"},\"inLanguage\":\"es\",\"potentialAction\":[{\"@type\":\"ReadAction\",\"target\":[\"https:\/\/thepueblatimes.mx\/index.php\/2021\/09\/14\/mujer-muere-arrollada-en-la-autopista-teziutlan-virreyes\/\"]}]},{\"@type\":\"BreadcrumbList\",\"@id\":\"https:\/\/thepueblatimes.mx\/index.php\/2021\/09\/14\/mujer-muere-arrollada-en-la-autopista-teziutlan-virreyes\/#breadcrumb\",\"itemListElement\":[{\"@type\":\"ListItem\",\"position\":1,\"name\":\"Portada\",\"item\":\"https:\/\/thepueblatimes.mx\/\"},{\"@type\":\"ListItem\",\"position\":2,\"name\":\"Mujer muere arrollada en la autopista Teziutl\u00e1n-Virreyes\"}]},{\"@type\":\"WebSite\",\"@id\":\"https:\/\/thepueblatimes.mx\/#website\",\"url\":\"https:\/\/thepueblatimes.mx\/\",\"name\":\"The Puebla Times\",\"description\":\"Noticias del Estado de Puebla\",\"potentialAction\":[{\"@type\":\"SearchAction\",\"target\":{\"@type\":\"EntryPoint\",\"urlTemplate\":\"https:\/\/thepueblatimes.mx\/?s={search_term_string}\"},\"query-input\":\"required name=search_term_string\"}],\"inLanguage\":\"es\"},{\"@type\":\"Person\",\"@id\":\"https:\/\/thepueblatimes.mx\/#\/schema\/person\/7bdf2adbc50078b104bba72b5612f774\",\"name\":\"Francisco S\u00e1nchez Nolasco\",\"image\":{\"@type\":\"ImageObject\",\"inLanguage\":\"es\",\"@id\":\"https:\/\/thepueblatimes.mx\/#\/schema\/person\/image\/\",\"url\":\"https:\/\/secure.gravatar.com\/avatar\/6061d7d20b38bc2742a5218401b198d2?s=96&d=mm&r=g\",\"contentUrl\":\"https:\/\/secure.gravatar.com\/avatar\/6061d7d20b38bc2742a5218401b198d2?s=96&d=mm&r=g\",\"caption\":\"Francisco S\u00e1nchez Nolasco\"},\"url\":\"https:\/\/thepueblatimes.mx\/index.php\/author\/marianitha-reyes\/\"}]}<\/script>\n<!-- \/ Yoast SEO plugin. -->","yoast_head_json":{"title":"Mujer muere arrollada en la autopista Teziutl\u00e1n-Virreyes - The Puebla Times","robots":{"index":"index","follow":"follow","max-snippet":"max-snippet:-1","max-image-preview":"max-image-preview:large","max-video-preview":"max-video-preview:-1"},"canonical":"https:\/\/thepueblatimes.mx\/index.php\/2021\/09\/14\/mujer-muere-arrollada-en-la-autopista-teziutlan-virreyes\/","og_locale":"es_ES","og_type":"article","og_title":"Mujer muere arrollada en la autopista Teziutl\u00e1n-Virreyes - The Puebla Times","og_description":"Tlatlauquitepec, Pue.- Una mujer de aproximadamente 70 a\u00f1os perdi\u00f3 la vida, luego de que fue atropellada la tarde de este lunes en la autopista Teziutl\u00e1n-Virreyes, el responsable se dio a la fuga. Los hechos ocurrieron en el kil\u00f3metro 110+700 de la mencionada autopista a la altura de la comunidad de El Duraznillo, municipio de Tlatlauquitepec,...","og_url":"https:\/\/thepueblatimes.mx\/index.php\/2021\/09\/14\/mujer-muere-arrollada-en-la-autopista-teziutlan-virreyes\/","og_site_name":"The Puebla Times","article_published_time":"2021-09-14T05:16:19+00:00","og_image":[{"width":720,"height":474,"url":"https:\/\/thepueblatimes.mx\/wp-content\/uploads\/2021\/09\/wipeout19_13_2021_071931.218000.jpg","type":"image\/jpeg"}],"author":"Francisco S\u00e1nchez Nolasco","twitter_card":"summary_large_image","twitter_misc":{"Escrito por":"Francisco S\u00e1nchez Nolasco","Tiempo de lectura":"1 minuto"},"schema":{"@context":"https:\/\/schema.org","@graph":[{"@type":"WebPage","@id":"https:\/\/thepueblatimes.mx\/index.php\/2021\/09\/14\/mujer-muere-arrollada-en-la-autopista-teziutlan-virreyes\/","url":"https:\/\/thepueblatimes.mx\/index.php\/2021\/09\/14\/mujer-muere-arrollada-en-la-autopista-teziutlan-virreyes\/","name":"Mujer muere arrollada en la autopista Teziutl\u00e1n-Virreyes - The Puebla Times","isPartOf":{"@id":"https:\/\/thepueblatimes.mx\/#website"},"datePublished":"2021-09-14T05:16:19+00:00","dateModified":"2021-09-14T05:16:19+00:00","author":{"@id":"https:\/\/thepueblatimes.mx\/#\/schema\/person\/7bdf2adbc50078b104bba72b5612f774"},"breadcrumb":{"@id":"https:\/\/thepueblatimes.mx\/index.php\/2021\/09\/14\/mujer-muere-arrollada-en-la-autopista-teziutlan-virreyes\/#breadcrumb"},"inLanguage":"es","potentialAction":[{"@type":"ReadAction","target":["https:\/\/thepueblatimes.mx\/index.php\/2021\/09\/14\/mujer-muere-arrollada-en-la-autopista-teziutlan-virreyes\/"]}]},{"@type":"BreadcrumbList","@id":"https:\/\/thepueblatimes.mx\/index.php\/2021\/09\/14\/mujer-muere-arrollada-en-la-autopista-teziutlan-virreyes\/#breadcrumb","itemListElement":[{"@type":"ListItem","position":1,"name":"Portada","item":"https:\/\/thepueblatimes.mx\/"},{"@type":"ListItem","position":2,"name":"Mujer muere arrollada en la autopista Teziutl\u00e1n-Virreyes"}]},{"@type":"WebSite","@id":"https:\/\/thepueblatimes.mx\/#website","url":"https:\/\/thepueblatimes.mx\/","name":"The Puebla Times","description":"Noticias del Estado de Puebla","potentialAction":[{"@type":"SearchAction","target":{"@type":"EntryPoint","urlTemplate":"https:\/\/thepueblatimes.mx\/?s={search_term_string}"},"query-input":"required name=search_term_string"}],"inLanguage":"es"},{"@type":"Person","@id":"https:\/\/thepueblatimes.mx\/#\/schema\/person\/7bdf2adbc50078b104bba72b5612f774","name":"Francisco S\u00e1nchez Nolasco","image":{"@type":"ImageObject","inLanguage":"es","@id":"https:\/\/thepueblatimes.mx\/#\/schema\/person\/image\/","url":"https:\/\/secure.gravatar.com\/avatar\/6061d7d20b38bc2742a5218401b198d2?s=96&d=mm&r=g","contentUrl":"https:\/\/secure.gravatar.com\/avatar\/6061d7d20b38bc2742a5218401b198d2?s=96&d=mm&r=g","caption":"Francisco S\u00e1nchez Nolasco"},"url":"https:\/\/thepueblatimes.mx\/index.php\/author\/marianitha-reyes\/"}]}},"jetpack_featured_media_url":"https:\/\/thepueblatimes.mx\/wp-content\/uploads\/2021\/09\/wipeout19_13_2021_071931.218000.jpg","_links":{"self":[{"href":"https:\/\/thepueblatimes.mx\/index.php\/wp-json\/wp\/v2\/posts\/15801"}],"collection":[{"href":"https:\/\/thepueblatimes.mx\/index.php\/wp-json\/wp\/v2\/posts"}],"about":[{"href":"https:\/\/thepueblatimes.mx\/index.php\/wp-json\/wp\/v2\/types\/post"}],"author":[{"embeddable":true,"href":"https:\/\/thepueblatimes.mx\/index.php\/wp-json\/wp\/v2\/users\/15"}],"replies":[{"embeddable":true,"href":"https:\/\/thepueblatimes.mx\/index.php\/wp-json\/wp\/v2\/comments?post=15801"}],"version-history":[{"count":1,"href":"https:\/\/thepueblatimes.mx\/index.php\/wp-json\/wp\/v2\/posts\/15801\/revisions"}],"predecessor-version":[{"id":15803,"href":"https:\/\/thepueblatimes.mx\/index.php\/wp-json\/wp\/v2\/posts\/15801\/revisions\/15803"}],"wp:featuredmedia":[{"embeddable":true,"href":"https:\/\/thepueblatimes.mx\/index.php\/wp-json\/wp\/v2\/media\/15802"}],"wp:attachment":[{"href":"https:\/\/thepueblatimes.mx\/index.php\/wp-json\/wp\/v2\/media?parent=15801"}],"wp:term":[{"taxonomy":"category","embeddable":true,"href":"https:\/\/thepueblatimes.mx\/index.php\/wp-json\/wp\/v2\/categories?post=15801"},{"taxonomy":"post_tag","embeddable":true,"href":"https:\/\/thepueblatimes.mx\/index.php\/wp-json\/wp\/v2\/tags?post=15801"}],"curies":[{"name":"wp","href":"https:\/\/api.w.org\/{rel}","templated":true}]}}