{"id":158,"date":"2020-06-17T19:21:14","date_gmt":"2020-06-18T00:21:14","guid":{"rendered":"https:\/\/thepueblatimes.mx\/?p=158"},"modified":"2020-06-17T19:21:14","modified_gmt":"2020-06-18T00:21:14","slug":"parques-de-la-capital-poblana-se-mantendran-cerrados","status":"publish","type":"post","link":"https:\/\/thepueblatimes.mx\/index.php\/2020\/06\/17\/parques-de-la-capital-poblana-se-mantendran-cerrados\/","title":{"rendered":"Parques de la capital poblana se mantendr\u00e1n cerrados"},"content":{"rendered":"<p><strong>Protecci\u00f3n Civil Municipal exhorta a la ciudadan\u00eda a permanecer en casa.<\/strong><\/p>\n<p>La Secretar\u00eda de Protecci\u00f3n Civil y Gesti\u00f3n Integral de Riesgos, del gobierno municipal de Puebla, recomend\u00f3 a la ciudadan\u00eda mantener las medidas de salud y sana distancia para frenar el n\u00famero de contagios por Covid-19 en la capital poblana.<\/p>\n<p>Inform\u00f3 que mantiene cerradas las \u00e1reas protegidas a cargo del ayuntamiento hasta nuevo aviso, como el Parque Ju\u00e1rez, Parque Amalucan, Polideportivo Amalucan, Parque Centenario Laguna de Chapulco y Bioparque La Calera.<\/p>\n<p>Pidi\u00f3 privilegiar el aislamiento domiciliario \u2013salir de casa solo en caso de actividades vitales-, cuidado especial a las personas en condici\u00f3n de vulnerabilidad, as\u00ed como llevar a cabo acciones de higiene: lavado de manos, uso de cubrebocas, aplicaci\u00f3n de gel antibacterial y evitar llevarse las manos a ojos, boca y nariz.<\/p>\n<p>En apego a las restricciones por la contingencia, exhort\u00f3 a las y los poblanos a no asistir a eventos concurridos como fiestas, reuniones, torneos de futbol y cualquier tipo de aglomeraci\u00f3n, ya que el sem\u00e1foro epidemiol\u00f3gico permanece en color rojo, por lo que ese tipo de actividades se encuentran restringidas.<\/p>\n<p>Ante el Covid-19, es fundamental el cuidado personal, seguir las instrucciones de las autoridades y permanecer informados por las v\u00edas oficiales, para evitar confusiones y reducir la curva de contagios.<\/p>\n","protected":false},"excerpt":{"rendered":"<p>Protecci\u00f3n Civil Municipal exhorta a la ciudadan\u00eda a permanecer en casa. La Secretar\u00eda de Protecci\u00f3n Civil y Gesti\u00f3n Integral de Riesgos, del gobierno municipal de Puebla, recomend\u00f3 a la ciudadan\u00eda mantener las medidas de salud y sana distancia para frenar el n\u00famero de contagios por Covid-19 en la capital poblana. Inform\u00f3 que mantiene cerradas las&#8230;<\/p>\n","protected":false},"author":2,"featured_media":159,"comment_status":"open","ping_status":"open","sticky":false,"template":"","format":"standard","meta":[],"categories":[20],"tags":[28],"yoast_head":"<!-- This site is optimized with the Yoast SEO plugin v20.8 - https:\/\/yoast.com\/wordpress\/plugins\/seo\/ -->\n<title>Parques de la capital poblana se mantendr\u00e1n cerrados - The Puebla Times<\/title>\n<meta name=\"robots\" content=\"index, follow, max-snippet:-1, max-image-preview:large, max-video-preview:-1\" \/>\n<link rel=\"canonical\" href=\"https:\/\/thepueblatimes.mx\/index.php\/2020\/06\/17\/parques-de-la-capital-poblana-se-mantendran-cerrados\/\" \/>\n<meta property=\"og:locale\" content=\"es_ES\" \/>\n<meta property=\"og:type\" content=\"article\" \/>\n<meta property=\"og:title\" content=\"Parques de la capital poblana se mantendr\u00e1n cerrados - The Puebla Times\" \/>\n<meta property=\"og:description\" content=\"Protecci\u00f3n Civil Municipal exhorta a la ciudadan\u00eda a permanecer en casa. La Secretar\u00eda de Protecci\u00f3n Civil y Gesti\u00f3n Integral de Riesgos, del gobierno municipal de Puebla, recomend\u00f3 a la ciudadan\u00eda mantener las medidas de salud y sana distancia para frenar el n\u00famero de contagios por Covid-19 en la capital poblana. Inform\u00f3 que mantiene cerradas las...\" \/>\n<meta property=\"og:url\" content=\"https:\/\/thepueblatimes.mx\/index.php\/2020\/06\/17\/parques-de-la-capital-poblana-se-mantendran-cerrados\/\" \/>\n<meta property=\"og:site_name\" content=\"The Puebla Times\" \/>\n<meta property=\"article:published_time\" content=\"2020-06-18T00:21:14+00:00\" \/>\n<meta property=\"og:image\" content=\"https:\/\/thepueblatimes.mx\/wp-content\/uploads\/2020\/06\/parques.jpg\" \/>\n\t<meta property=\"og:image:width\" content=\"640\" \/>\n\t<meta property=\"og:image:height\" content=\"425\" \/>\n\t<meta property=\"og:image:type\" content=\"image\/jpeg\" \/>\n<meta name=\"author\" content=\"admintpt\" \/>\n<meta name=\"twitter:card\" content=\"summary_large_image\" \/>\n<meta name=\"twitter:label1\" content=\"Escrito por\" \/>\n\t<meta name=\"twitter:data1\" content=\"admintpt\" \/>\n\t<meta name=\"twitter:label2\" content=\"Tiempo de lectura\" \/>\n\t<meta name=\"twitter:data2\" content=\"1 minuto\" \/>\n<script type=\"application\/ld+json\" class=\"yoast-schema-graph\">{\"@context\":\"https:\/\/schema.org\",\"@graph\":[{\"@type\":\"WebPage\",\"@id\":\"https:\/\/thepueblatimes.mx\/index.php\/2020\/06\/17\/parques-de-la-capital-poblana-se-mantendran-cerrados\/\",\"url\":\"https:\/\/thepueblatimes.mx\/index.php\/2020\/06\/17\/parques-de-la-capital-poblana-se-mantendran-cerrados\/\",\"name\":\"Parques de la capital poblana se mantendr\u00e1n cerrados - The Puebla Times\",\"isPartOf\":{\"@id\":\"https:\/\/thepueblatimes.mx\/#website\"},\"datePublished\":\"2020-06-18T00:21:14+00:00\",\"dateModified\":\"2020-06-18T00:21:14+00:00\",\"author\":{\"@id\":\"https:\/\/thepueblatimes.mx\/#\/schema\/person\/c90a455f48a80821b6a99d3d73d1a71f\"},\"breadcrumb\":{\"@id\":\"https:\/\/thepueblatimes.mx\/index.php\/2020\/06\/17\/parques-de-la-capital-poblana-se-mantendran-cerrados\/#breadcrumb\"},\"inLanguage\":\"es\",\"potentialAction\":[{\"@type\":\"ReadAction\",\"target\":[\"https:\/\/thepueblatimes.mx\/index.php\/2020\/06\/17\/parques-de-la-capital-poblana-se-mantendran-cerrados\/\"]}]},{\"@type\":\"BreadcrumbList\",\"@id\":\"https:\/\/thepueblatimes.mx\/index.php\/2020\/06\/17\/parques-de-la-capital-poblana-se-mantendran-cerrados\/#breadcrumb\",\"itemListElement\":[{\"@type\":\"ListItem\",\"position\":1,\"name\":\"Portada\",\"item\":\"https:\/\/thepueblatimes.mx\/\"},{\"@type\":\"ListItem\",\"position\":2,\"name\":\"Parques de la capital poblana se mantendr\u00e1n cerrados\"}]},{\"@type\":\"WebSite\",\"@id\":\"https:\/\/thepueblatimes.mx\/#website\",\"url\":\"https:\/\/thepueblatimes.mx\/\",\"name\":\"The Puebla Times\",\"description\":\"Noticias del Estado de Puebla\",\"potentialAction\":[{\"@type\":\"SearchAction\",\"target\":{\"@type\":\"EntryPoint\",\"urlTemplate\":\"https:\/\/thepueblatimes.mx\/?s={search_term_string}\"},\"query-input\":\"required name=search_term_string\"}],\"inLanguage\":\"es\"},{\"@type\":\"Person\",\"@id\":\"https:\/\/thepueblatimes.mx\/#\/schema\/person\/c90a455f48a80821b6a99d3d73d1a71f\",\"name\":\"admintpt\",\"image\":{\"@type\":\"ImageObject\",\"inLanguage\":\"es\",\"@id\":\"https:\/\/thepueblatimes.mx\/#\/schema\/person\/image\/\",\"url\":\"https:\/\/secure.gravatar.com\/avatar\/13f0a494cc76bfb992f9768b1d51109d?s=96&d=mm&r=g\",\"contentUrl\":\"https:\/\/secure.gravatar.com\/avatar\/13f0a494cc76bfb992f9768b1d51109d?s=96&d=mm&r=g\",\"caption\":\"admintpt\"},\"url\":\"https:\/\/thepueblatimes.mx\/index.php\/author\/admintpt\/\"}]}<\/script>\n<!-- \/ Yoast SEO plugin. -->","yoast_head_json":{"title":"Parques de la capital poblana se mantendr\u00e1n cerrados - The Puebla Times","robots":{"index":"index","follow":"follow","max-snippet":"max-snippet:-1","max-image-preview":"max-image-preview:large","max-video-preview":"max-video-preview:-1"},"canonical":"https:\/\/thepueblatimes.mx\/index.php\/2020\/06\/17\/parques-de-la-capital-poblana-se-mantendran-cerrados\/","og_locale":"es_ES","og_type":"article","og_title":"Parques de la capital poblana se mantendr\u00e1n cerrados - The Puebla Times","og_description":"Protecci\u00f3n Civil Municipal exhorta a la ciudadan\u00eda a permanecer en casa. La Secretar\u00eda de Protecci\u00f3n Civil y Gesti\u00f3n Integral de Riesgos, del gobierno municipal de Puebla, recomend\u00f3 a la ciudadan\u00eda mantener las medidas de salud y sana distancia para frenar el n\u00famero de contagios por Covid-19 en la capital poblana. Inform\u00f3 que mantiene cerradas las...","og_url":"https:\/\/thepueblatimes.mx\/index.php\/2020\/06\/17\/parques-de-la-capital-poblana-se-mantendran-cerrados\/","og_site_name":"The Puebla Times","article_published_time":"2020-06-18T00:21:14+00:00","og_image":[{"width":640,"height":425,"url":"https:\/\/thepueblatimes.mx\/wp-content\/uploads\/2020\/06\/parques.jpg","type":"image\/jpeg"}],"author":"admintpt","twitter_card":"summary_large_image","twitter_misc":{"Escrito por":"admintpt","Tiempo de lectura":"1 minuto"},"schema":{"@context":"https:\/\/schema.org","@graph":[{"@type":"WebPage","@id":"https:\/\/thepueblatimes.mx\/index.php\/2020\/06\/17\/parques-de-la-capital-poblana-se-mantendran-cerrados\/","url":"https:\/\/thepueblatimes.mx\/index.php\/2020\/06\/17\/parques-de-la-capital-poblana-se-mantendran-cerrados\/","name":"Parques de la capital poblana se mantendr\u00e1n cerrados - The Puebla Times","isPartOf":{"@id":"https:\/\/thepueblatimes.mx\/#website"},"datePublished":"2020-06-18T00:21:14+00:00","dateModified":"2020-06-18T00:21:14+00:00","author":{"@id":"https:\/\/thepueblatimes.mx\/#\/schema\/person\/c90a455f48a80821b6a99d3d73d1a71f"},"breadcrumb":{"@id":"https:\/\/thepueblatimes.mx\/index.php\/2020\/06\/17\/parques-de-la-capital-poblana-se-mantendran-cerrados\/#breadcrumb"},"inLanguage":"es","potentialAction":[{"@type":"ReadAction","target":["https:\/\/thepueblatimes.mx\/index.php\/2020\/06\/17\/parques-de-la-capital-poblana-se-mantendran-cerrados\/"]}]},{"@type":"BreadcrumbList","@id":"https:\/\/thepueblatimes.mx\/index.php\/2020\/06\/17\/parques-de-la-capital-poblana-se-mantendran-cerrados\/#breadcrumb","itemListElement":[{"@type":"ListItem","position":1,"name":"Portada","item":"https:\/\/thepueblatimes.mx\/"},{"@type":"ListItem","position":2,"name":"Parques de la capital poblana se mantendr\u00e1n cerrados"}]},{"@type":"WebSite","@id":"https:\/\/thepueblatimes.mx\/#website","url":"https:\/\/thepueblatimes.mx\/","name":"The Puebla Times","description":"Noticias del Estado de Puebla","potentialAction":[{"@type":"SearchAction","target":{"@type":"EntryPoint","urlTemplate":"https:\/\/thepueblatimes.mx\/?s={search_term_string}"},"query-input":"required name=search_term_string"}],"inLanguage":"es"},{"@type":"Person","@id":"https:\/\/thepueblatimes.mx\/#\/schema\/person\/c90a455f48a80821b6a99d3d73d1a71f","name":"admintpt","image":{"@type":"ImageObject","inLanguage":"es","@id":"https:\/\/thepueblatimes.mx\/#\/schema\/person\/image\/","url":"https:\/\/secure.gravatar.com\/avatar\/13f0a494cc76bfb992f9768b1d51109d?s=96&d=mm&r=g","contentUrl":"https:\/\/secure.gravatar.com\/avatar\/13f0a494cc76bfb992f9768b1d51109d?s=96&d=mm&r=g","caption":"admintpt"},"url":"https:\/\/thepueblatimes.mx\/index.php\/author\/admintpt\/"}]}},"jetpack_featured_media_url":"https:\/\/thepueblatimes.mx\/wp-content\/uploads\/2020\/06\/parques.jpg","_links":{"self":[{"href":"https:\/\/thepueblatimes.mx\/index.php\/wp-json\/wp\/v2\/posts\/158"}],"collection":[{"href":"https:\/\/thepueblatimes.mx\/index.php\/wp-json\/wp\/v2\/posts"}],"about":[{"href":"https:\/\/thepueblatimes.mx\/index.php\/wp-json\/wp\/v2\/types\/post"}],"author":[{"embeddable":true,"href":"https:\/\/thepueblatimes.mx\/index.php\/wp-json\/wp\/v2\/users\/2"}],"replies":[{"embeddable":true,"href":"https:\/\/thepueblatimes.mx\/index.php\/wp-json\/wp\/v2\/comments?post=158"}],"version-history":[{"count":1,"href":"https:\/\/thepueblatimes.mx\/index.php\/wp-json\/wp\/v2\/posts\/158\/revisions"}],"predecessor-version":[{"id":160,"href":"https:\/\/thepueblatimes.mx\/index.php\/wp-json\/wp\/v2\/posts\/158\/revisions\/160"}],"wp:featuredmedia":[{"embeddable":true,"href":"https:\/\/thepueblatimes.mx\/index.php\/wp-json\/wp\/v2\/media\/159"}],"wp:attachment":[{"href":"https:\/\/thepueblatimes.mx\/index.php\/wp-json\/wp\/v2\/media?parent=158"}],"wp:term":[{"taxonomy":"category","embeddable":true,"href":"https:\/\/thepueblatimes.mx\/index.php\/wp-json\/wp\/v2\/categories?post=158"},{"taxonomy":"post_tag","embeddable":true,"href":"https:\/\/thepueblatimes.mx\/index.php\/wp-json\/wp\/v2\/tags?post=158"}],"curies":[{"name":"wp","href":"https:\/\/api.w.org\/{rel}","templated":true}]}}