{"id":15794,"date":"2021-09-11T00:59:42","date_gmt":"2021-09-11T05:59:42","guid":{"rendered":"https:\/\/thepueblatimes.mx\/?p=15794"},"modified":"2021-09-11T00:59:42","modified_gmt":"2021-09-11T05:59:42","slug":"yovani-vazquez-de-13-anos-desaparecio-en-texmelucan","status":"publish","type":"post","link":"https:\/\/thepueblatimes.mx\/index.php\/2021\/09\/11\/yovani-vazquez-de-13-anos-desaparecio-en-texmelucan\/","title":{"rendered":"Yovani V\u00e1zquez de 13 a\u00f1os desapareci\u00f3 en Texmelucan"},"content":{"rendered":"<p>San Mart\u00edn Texmelucan, Pue.- <strong>Familiares de Yovani V\u00e1zquez Vincens piden el apoyo para poder localizarlo.<\/strong><\/p>\n<p><strong>El menor de 13 a\u00f1os, fue visto por \u00faltima vez el pasado 29 de agosto en el mercado Domingo Arenas de San Mart\u00edn Texmelucan.<\/strong><\/p>\n<p>Tras no localizarlo,\u00a0 los\u00a0 familiares de han dado a la tarea de\u00a0 distribuir su imagen a trav\u00e9s de redes sociales y carteles.<\/p>\n<p>Como se\u00f1as particulares Yovani tiene una quemadura en el tobillo del pie derecho y lunares en el abdomen tipo manchas.<\/p>\n<p>Yovani es originario de la colonia Carrillo Puerto en Texmelucan.<\/p>\n<div class=\"row publi-cont\"><\/div>\n","protected":false},"excerpt":{"rendered":"<p>San Mart\u00edn Texmelucan, Pue.- Familiares de Yovani V\u00e1zquez Vincens piden el apoyo para poder localizarlo. El menor de 13 a\u00f1os, fue visto por \u00faltima vez el pasado 29 de agosto en el mercado Domingo Arenas de San Mart\u00edn Texmelucan. Tras no localizarlo,\u00a0 los\u00a0 familiares de han dado a la tarea de\u00a0 distribuir su imagen a&#8230;<\/p>\n","protected":false},"author":15,"featured_media":15795,"comment_status":"open","ping_status":"open","sticky":false,"template":"","format":"standard","meta":[],"categories":[20],"tags":[49],"yoast_head":"<!-- This site is optimized with the Yoast SEO plugin v20.8 - https:\/\/yoast.com\/wordpress\/plugins\/seo\/ -->\n<title>Yovani V\u00e1zquez de 13 a\u00f1os desapareci\u00f3 en Texmelucan - The Puebla Times<\/title>\n<meta name=\"robots\" content=\"index, follow, max-snippet:-1, max-image-preview:large, max-video-preview:-1\" \/>\n<link rel=\"canonical\" href=\"https:\/\/thepueblatimes.mx\/index.php\/2021\/09\/11\/yovani-vazquez-de-13-anos-desaparecio-en-texmelucan\/\" \/>\n<meta property=\"og:locale\" content=\"es_ES\" \/>\n<meta property=\"og:type\" content=\"article\" \/>\n<meta property=\"og:title\" content=\"Yovani V\u00e1zquez de 13 a\u00f1os desapareci\u00f3 en Texmelucan - The Puebla Times\" \/>\n<meta property=\"og:description\" content=\"San Mart\u00edn Texmelucan, Pue.- Familiares de Yovani V\u00e1zquez Vincens piden el apoyo para poder localizarlo. El menor de 13 a\u00f1os, fue visto por \u00faltima vez el pasado 29 de agosto en el mercado Domingo Arenas de San Mart\u00edn Texmelucan. Tras no localizarlo,\u00a0 los\u00a0 familiares de han dado a la tarea de\u00a0 distribuir su imagen a...\" \/>\n<meta property=\"og:url\" content=\"https:\/\/thepueblatimes.mx\/index.php\/2021\/09\/11\/yovani-vazquez-de-13-anos-desaparecio-en-texmelucan\/\" \/>\n<meta property=\"og:site_name\" content=\"The Puebla Times\" \/>\n<meta property=\"article:published_time\" content=\"2021-09-11T05:59:42+00:00\" \/>\n<meta property=\"og:image\" content=\"https:\/\/thepueblatimes.mx\/wp-content\/uploads\/2021\/09\/4B055852-5CDB-40C5-8039-C41B281FA57A.jpeg\" \/>\n\t<meta property=\"og:image:width\" content=\"640\" \/>\n\t<meta property=\"og:image:height\" content=\"360\" \/>\n\t<meta property=\"og:image:type\" content=\"image\/jpeg\" \/>\n<meta name=\"author\" content=\"Francisco S\u00e1nchez Nolasco\" \/>\n<meta name=\"twitter:card\" content=\"summary_large_image\" \/>\n<meta name=\"twitter:label1\" content=\"Escrito por\" \/>\n\t<meta name=\"twitter:data1\" content=\"Francisco S\u00e1nchez Nolasco\" \/>\n<script type=\"application\/ld+json\" class=\"yoast-schema-graph\">{\"@context\":\"https:\/\/schema.org\",\"@graph\":[{\"@type\":\"WebPage\",\"@id\":\"https:\/\/thepueblatimes.mx\/index.php\/2021\/09\/11\/yovani-vazquez-de-13-anos-desaparecio-en-texmelucan\/\",\"url\":\"https:\/\/thepueblatimes.mx\/index.php\/2021\/09\/11\/yovani-vazquez-de-13-anos-desaparecio-en-texmelucan\/\",\"name\":\"Yovani V\u00e1zquez de 13 a\u00f1os desapareci\u00f3 en Texmelucan - The Puebla Times\",\"isPartOf\":{\"@id\":\"https:\/\/thepueblatimes.mx\/#website\"},\"datePublished\":\"2021-09-11T05:59:42+00:00\",\"dateModified\":\"2021-09-11T05:59:42+00:00\",\"author\":{\"@id\":\"https:\/\/thepueblatimes.mx\/#\/schema\/person\/7bdf2adbc50078b104bba72b5612f774\"},\"breadcrumb\":{\"@id\":\"https:\/\/thepueblatimes.mx\/index.php\/2021\/09\/11\/yovani-vazquez-de-13-anos-desaparecio-en-texmelucan\/#breadcrumb\"},\"inLanguage\":\"es\",\"potentialAction\":[{\"@type\":\"ReadAction\",\"target\":[\"https:\/\/thepueblatimes.mx\/index.php\/2021\/09\/11\/yovani-vazquez-de-13-anos-desaparecio-en-texmelucan\/\"]}]},{\"@type\":\"BreadcrumbList\",\"@id\":\"https:\/\/thepueblatimes.mx\/index.php\/2021\/09\/11\/yovani-vazquez-de-13-anos-desaparecio-en-texmelucan\/#breadcrumb\",\"itemListElement\":[{\"@type\":\"ListItem\",\"position\":1,\"name\":\"Portada\",\"item\":\"https:\/\/thepueblatimes.mx\/\"},{\"@type\":\"ListItem\",\"position\":2,\"name\":\"Yovani V\u00e1zquez de 13 a\u00f1os desapareci\u00f3 en Texmelucan\"}]},{\"@type\":\"WebSite\",\"@id\":\"https:\/\/thepueblatimes.mx\/#website\",\"url\":\"https:\/\/thepueblatimes.mx\/\",\"name\":\"The Puebla Times\",\"description\":\"Noticias del Estado de Puebla\",\"potentialAction\":[{\"@type\":\"SearchAction\",\"target\":{\"@type\":\"EntryPoint\",\"urlTemplate\":\"https:\/\/thepueblatimes.mx\/?s={search_term_string}\"},\"query-input\":\"required name=search_term_string\"}],\"inLanguage\":\"es\"},{\"@type\":\"Person\",\"@id\":\"https:\/\/thepueblatimes.mx\/#\/schema\/person\/7bdf2adbc50078b104bba72b5612f774\",\"name\":\"Francisco S\u00e1nchez Nolasco\",\"image\":{\"@type\":\"ImageObject\",\"inLanguage\":\"es\",\"@id\":\"https:\/\/thepueblatimes.mx\/#\/schema\/person\/image\/\",\"url\":\"https:\/\/secure.gravatar.com\/avatar\/6061d7d20b38bc2742a5218401b198d2?s=96&d=mm&r=g\",\"contentUrl\":\"https:\/\/secure.gravatar.com\/avatar\/6061d7d20b38bc2742a5218401b198d2?s=96&d=mm&r=g\",\"caption\":\"Francisco S\u00e1nchez Nolasco\"},\"url\":\"https:\/\/thepueblatimes.mx\/index.php\/author\/marianitha-reyes\/\"}]}<\/script>\n<!-- \/ Yoast SEO plugin. -->","yoast_head_json":{"title":"Yovani V\u00e1zquez de 13 a\u00f1os desapareci\u00f3 en Texmelucan - The Puebla Times","robots":{"index":"index","follow":"follow","max-snippet":"max-snippet:-1","max-image-preview":"max-image-preview:large","max-video-preview":"max-video-preview:-1"},"canonical":"https:\/\/thepueblatimes.mx\/index.php\/2021\/09\/11\/yovani-vazquez-de-13-anos-desaparecio-en-texmelucan\/","og_locale":"es_ES","og_type":"article","og_title":"Yovani V\u00e1zquez de 13 a\u00f1os desapareci\u00f3 en Texmelucan - The Puebla Times","og_description":"San Mart\u00edn Texmelucan, Pue.- Familiares de Yovani V\u00e1zquez Vincens piden el apoyo para poder localizarlo. El menor de 13 a\u00f1os, fue visto por \u00faltima vez el pasado 29 de agosto en el mercado Domingo Arenas de San Mart\u00edn Texmelucan. Tras no localizarlo,\u00a0 los\u00a0 familiares de han dado a la tarea de\u00a0 distribuir su imagen a...","og_url":"https:\/\/thepueblatimes.mx\/index.php\/2021\/09\/11\/yovani-vazquez-de-13-anos-desaparecio-en-texmelucan\/","og_site_name":"The Puebla Times","article_published_time":"2021-09-11T05:59:42+00:00","og_image":[{"width":640,"height":360,"url":"https:\/\/thepueblatimes.mx\/wp-content\/uploads\/2021\/09\/4B055852-5CDB-40C5-8039-C41B281FA57A.jpeg","type":"image\/jpeg"}],"author":"Francisco S\u00e1nchez Nolasco","twitter_card":"summary_large_image","twitter_misc":{"Escrito por":"Francisco S\u00e1nchez Nolasco"},"schema":{"@context":"https:\/\/schema.org","@graph":[{"@type":"WebPage","@id":"https:\/\/thepueblatimes.mx\/index.php\/2021\/09\/11\/yovani-vazquez-de-13-anos-desaparecio-en-texmelucan\/","url":"https:\/\/thepueblatimes.mx\/index.php\/2021\/09\/11\/yovani-vazquez-de-13-anos-desaparecio-en-texmelucan\/","name":"Yovani V\u00e1zquez de 13 a\u00f1os desapareci\u00f3 en Texmelucan - The Puebla Times","isPartOf":{"@id":"https:\/\/thepueblatimes.mx\/#website"},"datePublished":"2021-09-11T05:59:42+00:00","dateModified":"2021-09-11T05:59:42+00:00","author":{"@id":"https:\/\/thepueblatimes.mx\/#\/schema\/person\/7bdf2adbc50078b104bba72b5612f774"},"breadcrumb":{"@id":"https:\/\/thepueblatimes.mx\/index.php\/2021\/09\/11\/yovani-vazquez-de-13-anos-desaparecio-en-texmelucan\/#breadcrumb"},"inLanguage":"es","potentialAction":[{"@type":"ReadAction","target":["https:\/\/thepueblatimes.mx\/index.php\/2021\/09\/11\/yovani-vazquez-de-13-anos-desaparecio-en-texmelucan\/"]}]},{"@type":"BreadcrumbList","@id":"https:\/\/thepueblatimes.mx\/index.php\/2021\/09\/11\/yovani-vazquez-de-13-anos-desaparecio-en-texmelucan\/#breadcrumb","itemListElement":[{"@type":"ListItem","position":1,"name":"Portada","item":"https:\/\/thepueblatimes.mx\/"},{"@type":"ListItem","position":2,"name":"Yovani V\u00e1zquez de 13 a\u00f1os desapareci\u00f3 en Texmelucan"}]},{"@type":"WebSite","@id":"https:\/\/thepueblatimes.mx\/#website","url":"https:\/\/thepueblatimes.mx\/","name":"The Puebla Times","description":"Noticias del Estado de Puebla","potentialAction":[{"@type":"SearchAction","target":{"@type":"EntryPoint","urlTemplate":"https:\/\/thepueblatimes.mx\/?s={search_term_string}"},"query-input":"required name=search_term_string"}],"inLanguage":"es"},{"@type":"Person","@id":"https:\/\/thepueblatimes.mx\/#\/schema\/person\/7bdf2adbc50078b104bba72b5612f774","name":"Francisco S\u00e1nchez Nolasco","image":{"@type":"ImageObject","inLanguage":"es","@id":"https:\/\/thepueblatimes.mx\/#\/schema\/person\/image\/","url":"https:\/\/secure.gravatar.com\/avatar\/6061d7d20b38bc2742a5218401b198d2?s=96&d=mm&r=g","contentUrl":"https:\/\/secure.gravatar.com\/avatar\/6061d7d20b38bc2742a5218401b198d2?s=96&d=mm&r=g","caption":"Francisco S\u00e1nchez Nolasco"},"url":"https:\/\/thepueblatimes.mx\/index.php\/author\/marianitha-reyes\/"}]}},"jetpack_featured_media_url":"https:\/\/thepueblatimes.mx\/wp-content\/uploads\/2021\/09\/4B055852-5CDB-40C5-8039-C41B281FA57A.jpeg","_links":{"self":[{"href":"https:\/\/thepueblatimes.mx\/index.php\/wp-json\/wp\/v2\/posts\/15794"}],"collection":[{"href":"https:\/\/thepueblatimes.mx\/index.php\/wp-json\/wp\/v2\/posts"}],"about":[{"href":"https:\/\/thepueblatimes.mx\/index.php\/wp-json\/wp\/v2\/types\/post"}],"author":[{"embeddable":true,"href":"https:\/\/thepueblatimes.mx\/index.php\/wp-json\/wp\/v2\/users\/15"}],"replies":[{"embeddable":true,"href":"https:\/\/thepueblatimes.mx\/index.php\/wp-json\/wp\/v2\/comments?post=15794"}],"version-history":[{"count":1,"href":"https:\/\/thepueblatimes.mx\/index.php\/wp-json\/wp\/v2\/posts\/15794\/revisions"}],"predecessor-version":[{"id":15796,"href":"https:\/\/thepueblatimes.mx\/index.php\/wp-json\/wp\/v2\/posts\/15794\/revisions\/15796"}],"wp:featuredmedia":[{"embeddable":true,"href":"https:\/\/thepueblatimes.mx\/index.php\/wp-json\/wp\/v2\/media\/15795"}],"wp:attachment":[{"href":"https:\/\/thepueblatimes.mx\/index.php\/wp-json\/wp\/v2\/media?parent=15794"}],"wp:term":[{"taxonomy":"category","embeddable":true,"href":"https:\/\/thepueblatimes.mx\/index.php\/wp-json\/wp\/v2\/categories?post=15794"},{"taxonomy":"post_tag","embeddable":true,"href":"https:\/\/thepueblatimes.mx\/index.php\/wp-json\/wp\/v2\/tags?post=15794"}],"curies":[{"name":"wp","href":"https:\/\/api.w.org\/{rel}","templated":true}]}}