{"id":15791,"date":"2021-09-11T00:58:05","date_gmt":"2021-09-11T05:58:05","guid":{"rendered":"https:\/\/thepueblatimes.mx\/?p=15791"},"modified":"2021-09-11T00:58:05","modified_gmt":"2021-09-11T05:58:05","slug":"por-fiestas-patrias-ssp-inicia-operativo-de-fuerzas-estatales","status":"publish","type":"post","link":"https:\/\/thepueblatimes.mx\/index.php\/2021\/09\/11\/por-fiestas-patrias-ssp-inicia-operativo-de-fuerzas-estatales\/","title":{"rendered":"Por fiestas patrias, SSP inicia operativo de fuerzas estatales"},"content":{"rendered":"<p>Puebla, Pue.-A partir de este <strong>viernes 10 de septiembre, a las 09:00 horas<\/strong>, agentes de las distintas corporaciones de la <strong>Secretar\u00eda de Seguridad P\u00fablica<\/strong> implementar\u00e1n un despliegue din\u00e1mico de sus fuerzas, a fin de <strong>vigilar los puntos donde ser\u00e1n los eventos conmemorativos de las fiestas patrias.<\/strong><\/p>\n<p>El operativo <strong>permanecer\u00e1\u00a0 hasta las 23:59\u00a0 horas del 16 de septiembre<\/strong>; tiene como objetivo reforzar la seguridad de la poblaci\u00f3n, <strong>inhibir acciones delictivas<\/strong> y vigilar el cumplimiento de las medidas sanitarias en funci\u00f3n de la contingencia de la COVID-19.<\/p>\n<p>Personal a bordo de patrullas, motopatrullas, a pie, as\u00ed como binomios caninos y equinos, ser\u00e1n desplegados de forma din\u00e1mica en distintos puntos para que mediante mecanismos de proximidad mantengan el orden y tranquilidad durante los festejos a realizarse.<\/p>\n<p>Agentes especializados del grupo antiexplosivos, de reacci\u00f3n, vigilancia, incluso polic\u00edas capacitados para ayudar con traducci\u00f3n de otros \u00a0idiomas, atender\u00e1n a la poblaci\u00f3n durante los pr\u00f3ximos seis d\u00edas mediante este despliegue.<\/p>\n","protected":false},"excerpt":{"rendered":"<p>Puebla, Pue.-A partir de este viernes 10 de septiembre, a las 09:00 horas, agentes de las distintas corporaciones de la Secretar\u00eda de Seguridad P\u00fablica implementar\u00e1n un despliegue din\u00e1mico de sus fuerzas, a fin de vigilar los puntos donde ser\u00e1n los eventos conmemorativos de las fiestas patrias. El operativo permanecer\u00e1\u00a0 hasta las 23:59\u00a0 horas del 16&#8230;<\/p>\n","protected":false},"author":15,"featured_media":15792,"comment_status":"open","ping_status":"open","sticky":false,"template":"","format":"standard","meta":[],"categories":[20],"tags":[],"yoast_head":"<!-- This site is optimized with the Yoast SEO plugin v20.8 - https:\/\/yoast.com\/wordpress\/plugins\/seo\/ -->\n<title>Por fiestas patrias, SSP inicia operativo de fuerzas estatales - The Puebla Times<\/title>\n<meta name=\"robots\" content=\"index, follow, max-snippet:-1, max-image-preview:large, max-video-preview:-1\" \/>\n<link rel=\"canonical\" href=\"https:\/\/thepueblatimes.mx\/index.php\/2021\/09\/11\/por-fiestas-patrias-ssp-inicia-operativo-de-fuerzas-estatales\/\" \/>\n<meta property=\"og:locale\" content=\"es_ES\" \/>\n<meta property=\"og:type\" content=\"article\" \/>\n<meta property=\"og:title\" content=\"Por fiestas patrias, SSP inicia operativo de fuerzas estatales - The Puebla Times\" \/>\n<meta property=\"og:description\" content=\"Puebla, Pue.-A partir de este viernes 10 de septiembre, a las 09:00 horas, agentes de las distintas corporaciones de la Secretar\u00eda de Seguridad P\u00fablica implementar\u00e1n un despliegue din\u00e1mico de sus fuerzas, a fin de vigilar los puntos donde ser\u00e1n los eventos conmemorativos de las fiestas patrias. El operativo permanecer\u00e1\u00a0 hasta las 23:59\u00a0 horas del 16...\" \/>\n<meta property=\"og:url\" content=\"https:\/\/thepueblatimes.mx\/index.php\/2021\/09\/11\/por-fiestas-patrias-ssp-inicia-operativo-de-fuerzas-estatales\/\" \/>\n<meta property=\"og:site_name\" content=\"The Puebla Times\" \/>\n<meta property=\"article:published_time\" content=\"2021-09-11T05:58:05+00:00\" \/>\n<meta property=\"og:image\" content=\"https:\/\/thepueblatimes.mx\/wp-content\/uploads\/2021\/09\/3ACE941A-F92B-43F2-AEAD-EBF627609A1A.jpeg\" \/>\n\t<meta property=\"og:image:width\" content=\"1280\" \/>\n\t<meta property=\"og:image:height\" content=\"853\" \/>\n\t<meta property=\"og:image:type\" content=\"image\/jpeg\" \/>\n<meta name=\"author\" content=\"Francisco S\u00e1nchez Nolasco\" \/>\n<meta name=\"twitter:card\" content=\"summary_large_image\" \/>\n<meta name=\"twitter:label1\" content=\"Escrito por\" \/>\n\t<meta name=\"twitter:data1\" content=\"Francisco S\u00e1nchez Nolasco\" \/>\n\t<meta name=\"twitter:label2\" content=\"Tiempo de lectura\" \/>\n\t<meta name=\"twitter:data2\" content=\"1 minuto\" \/>\n<script type=\"application\/ld+json\" class=\"yoast-schema-graph\">{\"@context\":\"https:\/\/schema.org\",\"@graph\":[{\"@type\":\"WebPage\",\"@id\":\"https:\/\/thepueblatimes.mx\/index.php\/2021\/09\/11\/por-fiestas-patrias-ssp-inicia-operativo-de-fuerzas-estatales\/\",\"url\":\"https:\/\/thepueblatimes.mx\/index.php\/2021\/09\/11\/por-fiestas-patrias-ssp-inicia-operativo-de-fuerzas-estatales\/\",\"name\":\"Por fiestas patrias, SSP inicia operativo de fuerzas estatales - The Puebla Times\",\"isPartOf\":{\"@id\":\"https:\/\/thepueblatimes.mx\/#website\"},\"datePublished\":\"2021-09-11T05:58:05+00:00\",\"dateModified\":\"2021-09-11T05:58:05+00:00\",\"author\":{\"@id\":\"https:\/\/thepueblatimes.mx\/#\/schema\/person\/7bdf2adbc50078b104bba72b5612f774\"},\"breadcrumb\":{\"@id\":\"https:\/\/thepueblatimes.mx\/index.php\/2021\/09\/11\/por-fiestas-patrias-ssp-inicia-operativo-de-fuerzas-estatales\/#breadcrumb\"},\"inLanguage\":\"es\",\"potentialAction\":[{\"@type\":\"ReadAction\",\"target\":[\"https:\/\/thepueblatimes.mx\/index.php\/2021\/09\/11\/por-fiestas-patrias-ssp-inicia-operativo-de-fuerzas-estatales\/\"]}]},{\"@type\":\"BreadcrumbList\",\"@id\":\"https:\/\/thepueblatimes.mx\/index.php\/2021\/09\/11\/por-fiestas-patrias-ssp-inicia-operativo-de-fuerzas-estatales\/#breadcrumb\",\"itemListElement\":[{\"@type\":\"ListItem\",\"position\":1,\"name\":\"Portada\",\"item\":\"https:\/\/thepueblatimes.mx\/\"},{\"@type\":\"ListItem\",\"position\":2,\"name\":\"Por fiestas patrias, SSP inicia operativo de fuerzas estatales\"}]},{\"@type\":\"WebSite\",\"@id\":\"https:\/\/thepueblatimes.mx\/#website\",\"url\":\"https:\/\/thepueblatimes.mx\/\",\"name\":\"The Puebla Times\",\"description\":\"Noticias del Estado de Puebla\",\"potentialAction\":[{\"@type\":\"SearchAction\",\"target\":{\"@type\":\"EntryPoint\",\"urlTemplate\":\"https:\/\/thepueblatimes.mx\/?s={search_term_string}\"},\"query-input\":\"required name=search_term_string\"}],\"inLanguage\":\"es\"},{\"@type\":\"Person\",\"@id\":\"https:\/\/thepueblatimes.mx\/#\/schema\/person\/7bdf2adbc50078b104bba72b5612f774\",\"name\":\"Francisco S\u00e1nchez Nolasco\",\"image\":{\"@type\":\"ImageObject\",\"inLanguage\":\"es\",\"@id\":\"https:\/\/thepueblatimes.mx\/#\/schema\/person\/image\/\",\"url\":\"https:\/\/secure.gravatar.com\/avatar\/6061d7d20b38bc2742a5218401b198d2?s=96&d=mm&r=g\",\"contentUrl\":\"https:\/\/secure.gravatar.com\/avatar\/6061d7d20b38bc2742a5218401b198d2?s=96&d=mm&r=g\",\"caption\":\"Francisco S\u00e1nchez Nolasco\"},\"url\":\"https:\/\/thepueblatimes.mx\/index.php\/author\/marianitha-reyes\/\"}]}<\/script>\n<!-- \/ Yoast SEO plugin. -->","yoast_head_json":{"title":"Por fiestas patrias, SSP inicia operativo de fuerzas estatales - The Puebla Times","robots":{"index":"index","follow":"follow","max-snippet":"max-snippet:-1","max-image-preview":"max-image-preview:large","max-video-preview":"max-video-preview:-1"},"canonical":"https:\/\/thepueblatimes.mx\/index.php\/2021\/09\/11\/por-fiestas-patrias-ssp-inicia-operativo-de-fuerzas-estatales\/","og_locale":"es_ES","og_type":"article","og_title":"Por fiestas patrias, SSP inicia operativo de fuerzas estatales - The Puebla Times","og_description":"Puebla, Pue.-A partir de este viernes 10 de septiembre, a las 09:00 horas, agentes de las distintas corporaciones de la Secretar\u00eda de Seguridad P\u00fablica implementar\u00e1n un despliegue din\u00e1mico de sus fuerzas, a fin de vigilar los puntos donde ser\u00e1n los eventos conmemorativos de las fiestas patrias. El operativo permanecer\u00e1\u00a0 hasta las 23:59\u00a0 horas del 16...","og_url":"https:\/\/thepueblatimes.mx\/index.php\/2021\/09\/11\/por-fiestas-patrias-ssp-inicia-operativo-de-fuerzas-estatales\/","og_site_name":"The Puebla Times","article_published_time":"2021-09-11T05:58:05+00:00","og_image":[{"width":1280,"height":853,"url":"https:\/\/thepueblatimes.mx\/wp-content\/uploads\/2021\/09\/3ACE941A-F92B-43F2-AEAD-EBF627609A1A.jpeg","type":"image\/jpeg"}],"author":"Francisco S\u00e1nchez Nolasco","twitter_card":"summary_large_image","twitter_misc":{"Escrito por":"Francisco S\u00e1nchez Nolasco","Tiempo de lectura":"1 minuto"},"schema":{"@context":"https:\/\/schema.org","@graph":[{"@type":"WebPage","@id":"https:\/\/thepueblatimes.mx\/index.php\/2021\/09\/11\/por-fiestas-patrias-ssp-inicia-operativo-de-fuerzas-estatales\/","url":"https:\/\/thepueblatimes.mx\/index.php\/2021\/09\/11\/por-fiestas-patrias-ssp-inicia-operativo-de-fuerzas-estatales\/","name":"Por fiestas patrias, SSP inicia operativo de fuerzas estatales - The Puebla Times","isPartOf":{"@id":"https:\/\/thepueblatimes.mx\/#website"},"datePublished":"2021-09-11T05:58:05+00:00","dateModified":"2021-09-11T05:58:05+00:00","author":{"@id":"https:\/\/thepueblatimes.mx\/#\/schema\/person\/7bdf2adbc50078b104bba72b5612f774"},"breadcrumb":{"@id":"https:\/\/thepueblatimes.mx\/index.php\/2021\/09\/11\/por-fiestas-patrias-ssp-inicia-operativo-de-fuerzas-estatales\/#breadcrumb"},"inLanguage":"es","potentialAction":[{"@type":"ReadAction","target":["https:\/\/thepueblatimes.mx\/index.php\/2021\/09\/11\/por-fiestas-patrias-ssp-inicia-operativo-de-fuerzas-estatales\/"]}]},{"@type":"BreadcrumbList","@id":"https:\/\/thepueblatimes.mx\/index.php\/2021\/09\/11\/por-fiestas-patrias-ssp-inicia-operativo-de-fuerzas-estatales\/#breadcrumb","itemListElement":[{"@type":"ListItem","position":1,"name":"Portada","item":"https:\/\/thepueblatimes.mx\/"},{"@type":"ListItem","position":2,"name":"Por fiestas patrias, SSP inicia operativo de fuerzas estatales"}]},{"@type":"WebSite","@id":"https:\/\/thepueblatimes.mx\/#website","url":"https:\/\/thepueblatimes.mx\/","name":"The Puebla Times","description":"Noticias del Estado de Puebla","potentialAction":[{"@type":"SearchAction","target":{"@type":"EntryPoint","urlTemplate":"https:\/\/thepueblatimes.mx\/?s={search_term_string}"},"query-input":"required name=search_term_string"}],"inLanguage":"es"},{"@type":"Person","@id":"https:\/\/thepueblatimes.mx\/#\/schema\/person\/7bdf2adbc50078b104bba72b5612f774","name":"Francisco S\u00e1nchez Nolasco","image":{"@type":"ImageObject","inLanguage":"es","@id":"https:\/\/thepueblatimes.mx\/#\/schema\/person\/image\/","url":"https:\/\/secure.gravatar.com\/avatar\/6061d7d20b38bc2742a5218401b198d2?s=96&d=mm&r=g","contentUrl":"https:\/\/secure.gravatar.com\/avatar\/6061d7d20b38bc2742a5218401b198d2?s=96&d=mm&r=g","caption":"Francisco S\u00e1nchez Nolasco"},"url":"https:\/\/thepueblatimes.mx\/index.php\/author\/marianitha-reyes\/"}]}},"jetpack_featured_media_url":"https:\/\/thepueblatimes.mx\/wp-content\/uploads\/2021\/09\/3ACE941A-F92B-43F2-AEAD-EBF627609A1A.jpeg","_links":{"self":[{"href":"https:\/\/thepueblatimes.mx\/index.php\/wp-json\/wp\/v2\/posts\/15791"}],"collection":[{"href":"https:\/\/thepueblatimes.mx\/index.php\/wp-json\/wp\/v2\/posts"}],"about":[{"href":"https:\/\/thepueblatimes.mx\/index.php\/wp-json\/wp\/v2\/types\/post"}],"author":[{"embeddable":true,"href":"https:\/\/thepueblatimes.mx\/index.php\/wp-json\/wp\/v2\/users\/15"}],"replies":[{"embeddable":true,"href":"https:\/\/thepueblatimes.mx\/index.php\/wp-json\/wp\/v2\/comments?post=15791"}],"version-history":[{"count":1,"href":"https:\/\/thepueblatimes.mx\/index.php\/wp-json\/wp\/v2\/posts\/15791\/revisions"}],"predecessor-version":[{"id":15793,"href":"https:\/\/thepueblatimes.mx\/index.php\/wp-json\/wp\/v2\/posts\/15791\/revisions\/15793"}],"wp:featuredmedia":[{"embeddable":true,"href":"https:\/\/thepueblatimes.mx\/index.php\/wp-json\/wp\/v2\/media\/15792"}],"wp:attachment":[{"href":"https:\/\/thepueblatimes.mx\/index.php\/wp-json\/wp\/v2\/media?parent=15791"}],"wp:term":[{"taxonomy":"category","embeddable":true,"href":"https:\/\/thepueblatimes.mx\/index.php\/wp-json\/wp\/v2\/categories?post=15791"},{"taxonomy":"post_tag","embeddable":true,"href":"https:\/\/thepueblatimes.mx\/index.php\/wp-json\/wp\/v2\/tags?post=15791"}],"curies":[{"name":"wp","href":"https:\/\/api.w.org\/{rel}","templated":true}]}}