{"id":15785,"date":"2021-09-11T00:54:55","date_gmt":"2021-09-11T05:54:55","guid":{"rendered":"https:\/\/thepueblatimes.mx\/?p=15785"},"modified":"2021-09-11T00:54:55","modified_gmt":"2021-09-11T05:54:55","slug":"prostituyo-a-su-pareja-tras-dar-a-luz-a-dos-hijos-en-puebla","status":"publish","type":"post","link":"https:\/\/thepueblatimes.mx\/index.php\/2021\/09\/11\/prostituyo-a-su-pareja-tras-dar-a-luz-a-dos-hijos-en-puebla\/","title":{"rendered":"Prostituy\u00f3 a su pareja tras dar a luz a dos hijos en Puebla"},"content":{"rendered":"<p>Por su presunta responsabilidad en los delitos de <strong>trata de personas<\/strong> y <strong>explotaci\u00f3n sexual<\/strong>a trav\u00e9s de la prostituci\u00f3n, la Fiscal\u00eda General del Estado de Puebla logr\u00f3 obtener la vinculaci\u00f3n a proceso de <strong>Andr\u00e9s<\/strong> N. de 41 a\u00f1os de edad.<\/p>\n<p>Se desprende de los actos de investigaci\u00f3n que, en el mes de julio de 2016, el imputado conoci\u00f3 a la v\u00edctima en una fiesta en <strong>San Pablo del Monte, Tlaxcala<\/strong>; tras conseguir su contacto Andr\u00e9s N. comenz\u00f3 a enamorarla, al paso de los d\u00edas le propuso que se fueran a vivir juntos al <strong>Barrio de Tlatelpango<\/strong>, invitaci\u00f3n que la afectada acept\u00f3, se detall\u00f3 en un comunicado.<\/p>\n<p>En septiembre del mismo a\u00f1o, bajo enga\u00f1os, el se\u00f1alado convenci\u00f3 a su pareja sentimental para que trabajara ofreciendo <strong>servicios sexuales<\/strong> en la ciudad de Puebla, todo el dinero que obten\u00eda deb\u00eda ser entregado a Andr\u00e9s N.<\/p>\n<p>La v\u00edctima tuvo a su primera hija en diciembre de 2018, cuatro meses despu\u00e9s de dar a luz fue obligada a trabajar. Tambi\u00e9n cuando naci\u00f3 su segundo hijo en agosto de 2020, al mes del <strong>alumbramiento<\/strong> el imputado llev\u00f3 de regreso a la madre a hoteles de la capital poblana. Andr\u00e9s N. solo le permit\u00eda descansar los d\u00edas jueves para que pudiera estar con sus hijos.<\/p>\n<p>Por ello, la afectada decidi\u00f3 dar aviso a las autoridades y presentar su <strong>denuncia<\/strong>.<\/p>\n<p>No obstante lo anterior, el 25 de abril de 2021, agentes investigadores adscritos a la Unidad Especializada en Investigaci\u00f3n de Trata de Personas realizaron la captura de Andr\u00e9s N. en inmediaciones de la colonia <strong>Centro de la<\/strong>ciudad de Puebla, cuando fue sorprendido con diversos <strong>narc\u00f3ticos<\/strong> que pretend\u00eda comercializar, hechos por los que actualmente tiene abierta una causa penal.<\/p>\n<p>Tras presentar datos de prueba respecto a los hechos con apariencia de delito de trata de personas en su modalidad de enganchamiento con fines de explotaci\u00f3n sexual y trata de personas en su modalidad de explotaci\u00f3n sexual a trav\u00e9s de la prostituci\u00f3n ajena, la Fiscal\u00eda Especializada en Investigaci\u00f3n de Delitos de Violencia de G\u00e9nero contra las Mujeres logr\u00f3 que el Juez de Control <strong>vinculara a proceso<\/strong> al imputado.<\/p>\n<p>Andr\u00e9s N., deber\u00e1 permanecer en <strong>prisi\u00f3n preventiva<\/strong> como medida cautelar, hasta el cierre de la investigaci\u00f3n complementaria.<\/p>\n","protected":false},"excerpt":{"rendered":"<p>Por su presunta responsabilidad en los delitos de trata de personas y explotaci\u00f3n sexuala trav\u00e9s de la prostituci\u00f3n, la Fiscal\u00eda General del Estado de Puebla logr\u00f3 obtener la vinculaci\u00f3n a proceso de Andr\u00e9s N. de 41 a\u00f1os de edad. Se desprende de los actos de investigaci\u00f3n que, en el mes de julio de 2016, el&#8230;<\/p>\n","protected":false},"author":15,"featured_media":15786,"comment_status":"open","ping_status":"open","sticky":false,"template":"","format":"standard","meta":[],"categories":[20],"tags":[49],"yoast_head":"<!-- This site is optimized with the Yoast SEO plugin v20.8 - https:\/\/yoast.com\/wordpress\/plugins\/seo\/ -->\n<title>Prostituy\u00f3 a su pareja tras dar a luz a dos hijos en Puebla - The Puebla Times<\/title>\n<meta name=\"robots\" content=\"index, follow, max-snippet:-1, max-image-preview:large, max-video-preview:-1\" \/>\n<link rel=\"canonical\" href=\"https:\/\/thepueblatimes.mx\/index.php\/2021\/09\/11\/prostituyo-a-su-pareja-tras-dar-a-luz-a-dos-hijos-en-puebla\/\" \/>\n<meta property=\"og:locale\" content=\"es_ES\" \/>\n<meta property=\"og:type\" content=\"article\" \/>\n<meta property=\"og:title\" content=\"Prostituy\u00f3 a su pareja tras dar a luz a dos hijos en Puebla - The Puebla Times\" \/>\n<meta property=\"og:description\" content=\"Por su presunta responsabilidad en los delitos de trata de personas y explotaci\u00f3n sexuala trav\u00e9s de la prostituci\u00f3n, la Fiscal\u00eda General del Estado de Puebla logr\u00f3 obtener la vinculaci\u00f3n a proceso de Andr\u00e9s N. de 41 a\u00f1os de edad. Se desprende de los actos de investigaci\u00f3n que, en el mes de julio de 2016, el...\" \/>\n<meta property=\"og:url\" content=\"https:\/\/thepueblatimes.mx\/index.php\/2021\/09\/11\/prostituyo-a-su-pareja-tras-dar-a-luz-a-dos-hijos-en-puebla\/\" \/>\n<meta property=\"og:site_name\" content=\"The Puebla Times\" \/>\n<meta property=\"article:published_time\" content=\"2021-09-11T05:54:55+00:00\" \/>\n<meta property=\"og:image\" content=\"https:\/\/thepueblatimes.mx\/wp-content\/uploads\/2021\/09\/D1344948-5CC7-4D6F-8053-DDE0E12D03E8.jpeg\" \/>\n\t<meta property=\"og:image:width\" content=\"1920\" \/>\n\t<meta property=\"og:image:height\" content=\"1080\" \/>\n\t<meta property=\"og:image:type\" content=\"image\/jpeg\" \/>\n<meta name=\"author\" content=\"Francisco S\u00e1nchez Nolasco\" \/>\n<meta name=\"twitter:card\" content=\"summary_large_image\" \/>\n<meta name=\"twitter:label1\" content=\"Escrito por\" \/>\n\t<meta name=\"twitter:data1\" content=\"Francisco S\u00e1nchez Nolasco\" \/>\n\t<meta name=\"twitter:label2\" content=\"Tiempo de lectura\" \/>\n\t<meta name=\"twitter:data2\" content=\"2 minutos\" \/>\n<script type=\"application\/ld+json\" class=\"yoast-schema-graph\">{\"@context\":\"https:\/\/schema.org\",\"@graph\":[{\"@type\":\"WebPage\",\"@id\":\"https:\/\/thepueblatimes.mx\/index.php\/2021\/09\/11\/prostituyo-a-su-pareja-tras-dar-a-luz-a-dos-hijos-en-puebla\/\",\"url\":\"https:\/\/thepueblatimes.mx\/index.php\/2021\/09\/11\/prostituyo-a-su-pareja-tras-dar-a-luz-a-dos-hijos-en-puebla\/\",\"name\":\"Prostituy\u00f3 a su pareja tras dar a luz a dos hijos en Puebla - The Puebla Times\",\"isPartOf\":{\"@id\":\"https:\/\/thepueblatimes.mx\/#website\"},\"datePublished\":\"2021-09-11T05:54:55+00:00\",\"dateModified\":\"2021-09-11T05:54:55+00:00\",\"author\":{\"@id\":\"https:\/\/thepueblatimes.mx\/#\/schema\/person\/7bdf2adbc50078b104bba72b5612f774\"},\"breadcrumb\":{\"@id\":\"https:\/\/thepueblatimes.mx\/index.php\/2021\/09\/11\/prostituyo-a-su-pareja-tras-dar-a-luz-a-dos-hijos-en-puebla\/#breadcrumb\"},\"inLanguage\":\"es\",\"potentialAction\":[{\"@type\":\"ReadAction\",\"target\":[\"https:\/\/thepueblatimes.mx\/index.php\/2021\/09\/11\/prostituyo-a-su-pareja-tras-dar-a-luz-a-dos-hijos-en-puebla\/\"]}]},{\"@type\":\"BreadcrumbList\",\"@id\":\"https:\/\/thepueblatimes.mx\/index.php\/2021\/09\/11\/prostituyo-a-su-pareja-tras-dar-a-luz-a-dos-hijos-en-puebla\/#breadcrumb\",\"itemListElement\":[{\"@type\":\"ListItem\",\"position\":1,\"name\":\"Portada\",\"item\":\"https:\/\/thepueblatimes.mx\/\"},{\"@type\":\"ListItem\",\"position\":2,\"name\":\"Prostituy\u00f3 a su pareja tras dar a luz a dos hijos en Puebla\"}]},{\"@type\":\"WebSite\",\"@id\":\"https:\/\/thepueblatimes.mx\/#website\",\"url\":\"https:\/\/thepueblatimes.mx\/\",\"name\":\"The Puebla Times\",\"description\":\"Noticias del Estado de Puebla\",\"potentialAction\":[{\"@type\":\"SearchAction\",\"target\":{\"@type\":\"EntryPoint\",\"urlTemplate\":\"https:\/\/thepueblatimes.mx\/?s={search_term_string}\"},\"query-input\":\"required name=search_term_string\"}],\"inLanguage\":\"es\"},{\"@type\":\"Person\",\"@id\":\"https:\/\/thepueblatimes.mx\/#\/schema\/person\/7bdf2adbc50078b104bba72b5612f774\",\"name\":\"Francisco S\u00e1nchez Nolasco\",\"image\":{\"@type\":\"ImageObject\",\"inLanguage\":\"es\",\"@id\":\"https:\/\/thepueblatimes.mx\/#\/schema\/person\/image\/\",\"url\":\"https:\/\/secure.gravatar.com\/avatar\/6061d7d20b38bc2742a5218401b198d2?s=96&d=mm&r=g\",\"contentUrl\":\"https:\/\/secure.gravatar.com\/avatar\/6061d7d20b38bc2742a5218401b198d2?s=96&d=mm&r=g\",\"caption\":\"Francisco S\u00e1nchez Nolasco\"},\"url\":\"https:\/\/thepueblatimes.mx\/index.php\/author\/marianitha-reyes\/\"}]}<\/script>\n<!-- \/ Yoast SEO plugin. -->","yoast_head_json":{"title":"Prostituy\u00f3 a su pareja tras dar a luz a dos hijos en Puebla - The Puebla Times","robots":{"index":"index","follow":"follow","max-snippet":"max-snippet:-1","max-image-preview":"max-image-preview:large","max-video-preview":"max-video-preview:-1"},"canonical":"https:\/\/thepueblatimes.mx\/index.php\/2021\/09\/11\/prostituyo-a-su-pareja-tras-dar-a-luz-a-dos-hijos-en-puebla\/","og_locale":"es_ES","og_type":"article","og_title":"Prostituy\u00f3 a su pareja tras dar a luz a dos hijos en Puebla - The Puebla Times","og_description":"Por su presunta responsabilidad en los delitos de trata de personas y explotaci\u00f3n sexuala trav\u00e9s de la prostituci\u00f3n, la Fiscal\u00eda General del Estado de Puebla logr\u00f3 obtener la vinculaci\u00f3n a proceso de Andr\u00e9s N. de 41 a\u00f1os de edad. Se desprende de los actos de investigaci\u00f3n que, en el mes de julio de 2016, el...","og_url":"https:\/\/thepueblatimes.mx\/index.php\/2021\/09\/11\/prostituyo-a-su-pareja-tras-dar-a-luz-a-dos-hijos-en-puebla\/","og_site_name":"The Puebla Times","article_published_time":"2021-09-11T05:54:55+00:00","og_image":[{"width":1920,"height":1080,"url":"https:\/\/thepueblatimes.mx\/wp-content\/uploads\/2021\/09\/D1344948-5CC7-4D6F-8053-DDE0E12D03E8.jpeg","type":"image\/jpeg"}],"author":"Francisco S\u00e1nchez Nolasco","twitter_card":"summary_large_image","twitter_misc":{"Escrito por":"Francisco S\u00e1nchez Nolasco","Tiempo de lectura":"2 minutos"},"schema":{"@context":"https:\/\/schema.org","@graph":[{"@type":"WebPage","@id":"https:\/\/thepueblatimes.mx\/index.php\/2021\/09\/11\/prostituyo-a-su-pareja-tras-dar-a-luz-a-dos-hijos-en-puebla\/","url":"https:\/\/thepueblatimes.mx\/index.php\/2021\/09\/11\/prostituyo-a-su-pareja-tras-dar-a-luz-a-dos-hijos-en-puebla\/","name":"Prostituy\u00f3 a su pareja tras dar a luz a dos hijos en Puebla - The Puebla Times","isPartOf":{"@id":"https:\/\/thepueblatimes.mx\/#website"},"datePublished":"2021-09-11T05:54:55+00:00","dateModified":"2021-09-11T05:54:55+00:00","author":{"@id":"https:\/\/thepueblatimes.mx\/#\/schema\/person\/7bdf2adbc50078b104bba72b5612f774"},"breadcrumb":{"@id":"https:\/\/thepueblatimes.mx\/index.php\/2021\/09\/11\/prostituyo-a-su-pareja-tras-dar-a-luz-a-dos-hijos-en-puebla\/#breadcrumb"},"inLanguage":"es","potentialAction":[{"@type":"ReadAction","target":["https:\/\/thepueblatimes.mx\/index.php\/2021\/09\/11\/prostituyo-a-su-pareja-tras-dar-a-luz-a-dos-hijos-en-puebla\/"]}]},{"@type":"BreadcrumbList","@id":"https:\/\/thepueblatimes.mx\/index.php\/2021\/09\/11\/prostituyo-a-su-pareja-tras-dar-a-luz-a-dos-hijos-en-puebla\/#breadcrumb","itemListElement":[{"@type":"ListItem","position":1,"name":"Portada","item":"https:\/\/thepueblatimes.mx\/"},{"@type":"ListItem","position":2,"name":"Prostituy\u00f3 a su pareja tras dar a luz a dos hijos en Puebla"}]},{"@type":"WebSite","@id":"https:\/\/thepueblatimes.mx\/#website","url":"https:\/\/thepueblatimes.mx\/","name":"The Puebla Times","description":"Noticias del Estado de Puebla","potentialAction":[{"@type":"SearchAction","target":{"@type":"EntryPoint","urlTemplate":"https:\/\/thepueblatimes.mx\/?s={search_term_string}"},"query-input":"required name=search_term_string"}],"inLanguage":"es"},{"@type":"Person","@id":"https:\/\/thepueblatimes.mx\/#\/schema\/person\/7bdf2adbc50078b104bba72b5612f774","name":"Francisco S\u00e1nchez Nolasco","image":{"@type":"ImageObject","inLanguage":"es","@id":"https:\/\/thepueblatimes.mx\/#\/schema\/person\/image\/","url":"https:\/\/secure.gravatar.com\/avatar\/6061d7d20b38bc2742a5218401b198d2?s=96&d=mm&r=g","contentUrl":"https:\/\/secure.gravatar.com\/avatar\/6061d7d20b38bc2742a5218401b198d2?s=96&d=mm&r=g","caption":"Francisco S\u00e1nchez Nolasco"},"url":"https:\/\/thepueblatimes.mx\/index.php\/author\/marianitha-reyes\/"}]}},"jetpack_featured_media_url":"https:\/\/thepueblatimes.mx\/wp-content\/uploads\/2021\/09\/D1344948-5CC7-4D6F-8053-DDE0E12D03E8.jpeg","_links":{"self":[{"href":"https:\/\/thepueblatimes.mx\/index.php\/wp-json\/wp\/v2\/posts\/15785"}],"collection":[{"href":"https:\/\/thepueblatimes.mx\/index.php\/wp-json\/wp\/v2\/posts"}],"about":[{"href":"https:\/\/thepueblatimes.mx\/index.php\/wp-json\/wp\/v2\/types\/post"}],"author":[{"embeddable":true,"href":"https:\/\/thepueblatimes.mx\/index.php\/wp-json\/wp\/v2\/users\/15"}],"replies":[{"embeddable":true,"href":"https:\/\/thepueblatimes.mx\/index.php\/wp-json\/wp\/v2\/comments?post=15785"}],"version-history":[{"count":1,"href":"https:\/\/thepueblatimes.mx\/index.php\/wp-json\/wp\/v2\/posts\/15785\/revisions"}],"predecessor-version":[{"id":15787,"href":"https:\/\/thepueblatimes.mx\/index.php\/wp-json\/wp\/v2\/posts\/15785\/revisions\/15787"}],"wp:featuredmedia":[{"embeddable":true,"href":"https:\/\/thepueblatimes.mx\/index.php\/wp-json\/wp\/v2\/media\/15786"}],"wp:attachment":[{"href":"https:\/\/thepueblatimes.mx\/index.php\/wp-json\/wp\/v2\/media?parent=15785"}],"wp:term":[{"taxonomy":"category","embeddable":true,"href":"https:\/\/thepueblatimes.mx\/index.php\/wp-json\/wp\/v2\/categories?post=15785"},{"taxonomy":"post_tag","embeddable":true,"href":"https:\/\/thepueblatimes.mx\/index.php\/wp-json\/wp\/v2\/tags?post=15785"}],"curies":[{"name":"wp","href":"https:\/\/api.w.org\/{rel}","templated":true}]}}