{"id":15775,"date":"2021-09-11T00:48:30","date_gmt":"2021-09-11T05:48:30","guid":{"rendered":"https:\/\/thepueblatimes.mx\/?p=15775"},"modified":"2021-09-11T00:48:30","modified_gmt":"2021-09-11T05:48:30","slug":"sicarios-ejecutan-a-dos-jovenes-en-taller-de-refrigeradores-en-puebla-capital","status":"publish","type":"post","link":"https:\/\/thepueblatimes.mx\/index.php\/2021\/09\/11\/sicarios-ejecutan-a-dos-jovenes-en-taller-de-refrigeradores-en-puebla-capital\/","title":{"rendered":"Sicarios ejecutan a dos j\u00f3venes en taller de refrigeradores en Puebla capital"},"content":{"rendered":"<p>Puebla Pue.- Esta tarde <strong>sujetos armados\u00a0 ejecutaron a dos j\u00f3venes que trabajaban en un taller de reparaci\u00f3n de refrigeradores en la colonia\u00a0Loma Bonita Caleras\u00a0<\/strong>de la ciudad de Puebla.<\/p>\n<p>Los j\u00f3venes fueron identificados como <strong>Jonathan T. y Armando N., de 29 y 21 a\u00f1os de edad, <\/strong>respectivamente, quienes fueron baleados en la cabeza.<\/p>\n<p>Asimismo,<strong> una tercera persona result\u00f3 baleada en la pierna<\/strong>, quien al parecer era un cliente del negocio fue trasladado al hospital de Traumatolog\u00eda y Ortopedia de la Secretar\u00eda de Salud.<\/p>\n<p>Seg\u00fan informaci\u00f3n de los testigos, los sicarios ingresaron al negocio y sin mediar palabra dispararon contra los j\u00f3venes en un ataque directo. Se dieron a la fugas ern un camioneta blanca que ya los esperaba.<\/p>\n","protected":false},"excerpt":{"rendered":"<p>Puebla Pue.- Esta tarde sujetos armados\u00a0 ejecutaron a dos j\u00f3venes que trabajaban en un taller de reparaci\u00f3n de refrigeradores en la colonia\u00a0Loma Bonita Caleras\u00a0de la ciudad de Puebla. Los j\u00f3venes fueron identificados como Jonathan T. y Armando N., de 29 y 21 a\u00f1os de edad, respectivamente, quienes fueron baleados en la cabeza. Asimismo, una tercera&#8230;<\/p>\n","protected":false},"author":15,"featured_media":15776,"comment_status":"open","ping_status":"open","sticky":false,"template":"","format":"standard","meta":[],"categories":[20],"tags":[49],"yoast_head":"<!-- This site is optimized with the Yoast SEO plugin v20.8 - https:\/\/yoast.com\/wordpress\/plugins\/seo\/ -->\n<title>Sicarios ejecutan a dos j\u00f3venes en taller de refrigeradores en Puebla capital - The Puebla Times<\/title>\n<meta name=\"robots\" content=\"index, follow, max-snippet:-1, max-image-preview:large, max-video-preview:-1\" \/>\n<link rel=\"canonical\" href=\"https:\/\/thepueblatimes.mx\/index.php\/2021\/09\/11\/sicarios-ejecutan-a-dos-jovenes-en-taller-de-refrigeradores-en-puebla-capital\/\" \/>\n<meta property=\"og:locale\" content=\"es_ES\" \/>\n<meta property=\"og:type\" content=\"article\" \/>\n<meta property=\"og:title\" content=\"Sicarios ejecutan a dos j\u00f3venes en taller de refrigeradores en Puebla capital - The Puebla Times\" \/>\n<meta property=\"og:description\" content=\"Puebla Pue.- Esta tarde sujetos armados\u00a0 ejecutaron a dos j\u00f3venes que trabajaban en un taller de reparaci\u00f3n de refrigeradores en la colonia\u00a0Loma Bonita Caleras\u00a0de la ciudad de Puebla. Los j\u00f3venes fueron identificados como Jonathan T. y Armando N., de 29 y 21 a\u00f1os de edad, respectivamente, quienes fueron baleados en la cabeza. Asimismo, una tercera...\" \/>\n<meta property=\"og:url\" content=\"https:\/\/thepueblatimes.mx\/index.php\/2021\/09\/11\/sicarios-ejecutan-a-dos-jovenes-en-taller-de-refrigeradores-en-puebla-capital\/\" \/>\n<meta property=\"og:site_name\" content=\"The Puebla Times\" \/>\n<meta property=\"article:published_time\" content=\"2021-09-11T05:48:30+00:00\" \/>\n<meta property=\"og:image\" content=\"https:\/\/thepueblatimes.mx\/wp-content\/uploads\/2021\/09\/3EFBD26F-59B3-4E82-ABD7-ECA4BAEDA6C4.jpeg\" \/>\n\t<meta property=\"og:image:width\" content=\"607\" \/>\n\t<meta property=\"og:image:height\" content=\"391\" \/>\n\t<meta property=\"og:image:type\" content=\"image\/jpeg\" \/>\n<meta name=\"author\" content=\"Francisco S\u00e1nchez Nolasco\" \/>\n<meta name=\"twitter:card\" content=\"summary_large_image\" \/>\n<meta name=\"twitter:label1\" content=\"Escrito por\" \/>\n\t<meta name=\"twitter:data1\" content=\"Francisco S\u00e1nchez Nolasco\" \/>\n\t<meta name=\"twitter:label2\" content=\"Tiempo de lectura\" \/>\n\t<meta name=\"twitter:data2\" content=\"1 minuto\" \/>\n<script type=\"application\/ld+json\" class=\"yoast-schema-graph\">{\"@context\":\"https:\/\/schema.org\",\"@graph\":[{\"@type\":\"WebPage\",\"@id\":\"https:\/\/thepueblatimes.mx\/index.php\/2021\/09\/11\/sicarios-ejecutan-a-dos-jovenes-en-taller-de-refrigeradores-en-puebla-capital\/\",\"url\":\"https:\/\/thepueblatimes.mx\/index.php\/2021\/09\/11\/sicarios-ejecutan-a-dos-jovenes-en-taller-de-refrigeradores-en-puebla-capital\/\",\"name\":\"Sicarios ejecutan a dos j\u00f3venes en taller de refrigeradores en Puebla capital - The Puebla Times\",\"isPartOf\":{\"@id\":\"https:\/\/thepueblatimes.mx\/#website\"},\"datePublished\":\"2021-09-11T05:48:30+00:00\",\"dateModified\":\"2021-09-11T05:48:30+00:00\",\"author\":{\"@id\":\"https:\/\/thepueblatimes.mx\/#\/schema\/person\/7bdf2adbc50078b104bba72b5612f774\"},\"breadcrumb\":{\"@id\":\"https:\/\/thepueblatimes.mx\/index.php\/2021\/09\/11\/sicarios-ejecutan-a-dos-jovenes-en-taller-de-refrigeradores-en-puebla-capital\/#breadcrumb\"},\"inLanguage\":\"es\",\"potentialAction\":[{\"@type\":\"ReadAction\",\"target\":[\"https:\/\/thepueblatimes.mx\/index.php\/2021\/09\/11\/sicarios-ejecutan-a-dos-jovenes-en-taller-de-refrigeradores-en-puebla-capital\/\"]}]},{\"@type\":\"BreadcrumbList\",\"@id\":\"https:\/\/thepueblatimes.mx\/index.php\/2021\/09\/11\/sicarios-ejecutan-a-dos-jovenes-en-taller-de-refrigeradores-en-puebla-capital\/#breadcrumb\",\"itemListElement\":[{\"@type\":\"ListItem\",\"position\":1,\"name\":\"Portada\",\"item\":\"https:\/\/thepueblatimes.mx\/\"},{\"@type\":\"ListItem\",\"position\":2,\"name\":\"Sicarios ejecutan a dos j\u00f3venes en taller de refrigeradores en Puebla capital\"}]},{\"@type\":\"WebSite\",\"@id\":\"https:\/\/thepueblatimes.mx\/#website\",\"url\":\"https:\/\/thepueblatimes.mx\/\",\"name\":\"The Puebla Times\",\"description\":\"Noticias del Estado de Puebla\",\"potentialAction\":[{\"@type\":\"SearchAction\",\"target\":{\"@type\":\"EntryPoint\",\"urlTemplate\":\"https:\/\/thepueblatimes.mx\/?s={search_term_string}\"},\"query-input\":\"required name=search_term_string\"}],\"inLanguage\":\"es\"},{\"@type\":\"Person\",\"@id\":\"https:\/\/thepueblatimes.mx\/#\/schema\/person\/7bdf2adbc50078b104bba72b5612f774\",\"name\":\"Francisco S\u00e1nchez Nolasco\",\"image\":{\"@type\":\"ImageObject\",\"inLanguage\":\"es\",\"@id\":\"https:\/\/thepueblatimes.mx\/#\/schema\/person\/image\/\",\"url\":\"https:\/\/secure.gravatar.com\/avatar\/6061d7d20b38bc2742a5218401b198d2?s=96&d=mm&r=g\",\"contentUrl\":\"https:\/\/secure.gravatar.com\/avatar\/6061d7d20b38bc2742a5218401b198d2?s=96&d=mm&r=g\",\"caption\":\"Francisco S\u00e1nchez Nolasco\"},\"url\":\"https:\/\/thepueblatimes.mx\/index.php\/author\/marianitha-reyes\/\"}]}<\/script>\n<!-- \/ Yoast SEO plugin. -->","yoast_head_json":{"title":"Sicarios ejecutan a dos j\u00f3venes en taller de refrigeradores en Puebla capital - The Puebla Times","robots":{"index":"index","follow":"follow","max-snippet":"max-snippet:-1","max-image-preview":"max-image-preview:large","max-video-preview":"max-video-preview:-1"},"canonical":"https:\/\/thepueblatimes.mx\/index.php\/2021\/09\/11\/sicarios-ejecutan-a-dos-jovenes-en-taller-de-refrigeradores-en-puebla-capital\/","og_locale":"es_ES","og_type":"article","og_title":"Sicarios ejecutan a dos j\u00f3venes en taller de refrigeradores en Puebla capital - The Puebla Times","og_description":"Puebla Pue.- Esta tarde sujetos armados\u00a0 ejecutaron a dos j\u00f3venes que trabajaban en un taller de reparaci\u00f3n de refrigeradores en la colonia\u00a0Loma Bonita Caleras\u00a0de la ciudad de Puebla. Los j\u00f3venes fueron identificados como Jonathan T. y Armando N., de 29 y 21 a\u00f1os de edad, respectivamente, quienes fueron baleados en la cabeza. Asimismo, una tercera...","og_url":"https:\/\/thepueblatimes.mx\/index.php\/2021\/09\/11\/sicarios-ejecutan-a-dos-jovenes-en-taller-de-refrigeradores-en-puebla-capital\/","og_site_name":"The Puebla Times","article_published_time":"2021-09-11T05:48:30+00:00","og_image":[{"width":607,"height":391,"url":"https:\/\/thepueblatimes.mx\/wp-content\/uploads\/2021\/09\/3EFBD26F-59B3-4E82-ABD7-ECA4BAEDA6C4.jpeg","type":"image\/jpeg"}],"author":"Francisco S\u00e1nchez Nolasco","twitter_card":"summary_large_image","twitter_misc":{"Escrito por":"Francisco S\u00e1nchez Nolasco","Tiempo de lectura":"1 minuto"},"schema":{"@context":"https:\/\/schema.org","@graph":[{"@type":"WebPage","@id":"https:\/\/thepueblatimes.mx\/index.php\/2021\/09\/11\/sicarios-ejecutan-a-dos-jovenes-en-taller-de-refrigeradores-en-puebla-capital\/","url":"https:\/\/thepueblatimes.mx\/index.php\/2021\/09\/11\/sicarios-ejecutan-a-dos-jovenes-en-taller-de-refrigeradores-en-puebla-capital\/","name":"Sicarios ejecutan a dos j\u00f3venes en taller de refrigeradores en Puebla capital - The Puebla Times","isPartOf":{"@id":"https:\/\/thepueblatimes.mx\/#website"},"datePublished":"2021-09-11T05:48:30+00:00","dateModified":"2021-09-11T05:48:30+00:00","author":{"@id":"https:\/\/thepueblatimes.mx\/#\/schema\/person\/7bdf2adbc50078b104bba72b5612f774"},"breadcrumb":{"@id":"https:\/\/thepueblatimes.mx\/index.php\/2021\/09\/11\/sicarios-ejecutan-a-dos-jovenes-en-taller-de-refrigeradores-en-puebla-capital\/#breadcrumb"},"inLanguage":"es","potentialAction":[{"@type":"ReadAction","target":["https:\/\/thepueblatimes.mx\/index.php\/2021\/09\/11\/sicarios-ejecutan-a-dos-jovenes-en-taller-de-refrigeradores-en-puebla-capital\/"]}]},{"@type":"BreadcrumbList","@id":"https:\/\/thepueblatimes.mx\/index.php\/2021\/09\/11\/sicarios-ejecutan-a-dos-jovenes-en-taller-de-refrigeradores-en-puebla-capital\/#breadcrumb","itemListElement":[{"@type":"ListItem","position":1,"name":"Portada","item":"https:\/\/thepueblatimes.mx\/"},{"@type":"ListItem","position":2,"name":"Sicarios ejecutan a dos j\u00f3venes en taller de refrigeradores en Puebla capital"}]},{"@type":"WebSite","@id":"https:\/\/thepueblatimes.mx\/#website","url":"https:\/\/thepueblatimes.mx\/","name":"The Puebla Times","description":"Noticias del Estado de Puebla","potentialAction":[{"@type":"SearchAction","target":{"@type":"EntryPoint","urlTemplate":"https:\/\/thepueblatimes.mx\/?s={search_term_string}"},"query-input":"required name=search_term_string"}],"inLanguage":"es"},{"@type":"Person","@id":"https:\/\/thepueblatimes.mx\/#\/schema\/person\/7bdf2adbc50078b104bba72b5612f774","name":"Francisco S\u00e1nchez Nolasco","image":{"@type":"ImageObject","inLanguage":"es","@id":"https:\/\/thepueblatimes.mx\/#\/schema\/person\/image\/","url":"https:\/\/secure.gravatar.com\/avatar\/6061d7d20b38bc2742a5218401b198d2?s=96&d=mm&r=g","contentUrl":"https:\/\/secure.gravatar.com\/avatar\/6061d7d20b38bc2742a5218401b198d2?s=96&d=mm&r=g","caption":"Francisco S\u00e1nchez Nolasco"},"url":"https:\/\/thepueblatimes.mx\/index.php\/author\/marianitha-reyes\/"}]}},"jetpack_featured_media_url":"https:\/\/thepueblatimes.mx\/wp-content\/uploads\/2021\/09\/3EFBD26F-59B3-4E82-ABD7-ECA4BAEDA6C4.jpeg","_links":{"self":[{"href":"https:\/\/thepueblatimes.mx\/index.php\/wp-json\/wp\/v2\/posts\/15775"}],"collection":[{"href":"https:\/\/thepueblatimes.mx\/index.php\/wp-json\/wp\/v2\/posts"}],"about":[{"href":"https:\/\/thepueblatimes.mx\/index.php\/wp-json\/wp\/v2\/types\/post"}],"author":[{"embeddable":true,"href":"https:\/\/thepueblatimes.mx\/index.php\/wp-json\/wp\/v2\/users\/15"}],"replies":[{"embeddable":true,"href":"https:\/\/thepueblatimes.mx\/index.php\/wp-json\/wp\/v2\/comments?post=15775"}],"version-history":[{"count":1,"href":"https:\/\/thepueblatimes.mx\/index.php\/wp-json\/wp\/v2\/posts\/15775\/revisions"}],"predecessor-version":[{"id":15777,"href":"https:\/\/thepueblatimes.mx\/index.php\/wp-json\/wp\/v2\/posts\/15775\/revisions\/15777"}],"wp:featuredmedia":[{"embeddable":true,"href":"https:\/\/thepueblatimes.mx\/index.php\/wp-json\/wp\/v2\/media\/15776"}],"wp:attachment":[{"href":"https:\/\/thepueblatimes.mx\/index.php\/wp-json\/wp\/v2\/media?parent=15775"}],"wp:term":[{"taxonomy":"category","embeddable":true,"href":"https:\/\/thepueblatimes.mx\/index.php\/wp-json\/wp\/v2\/categories?post=15775"},{"taxonomy":"post_tag","embeddable":true,"href":"https:\/\/thepueblatimes.mx\/index.php\/wp-json\/wp\/v2\/tags?post=15775"}],"curies":[{"name":"wp","href":"https:\/\/api.w.org\/{rel}","templated":true}]}}