{"id":15765,"date":"2021-09-11T00:42:18","date_gmt":"2021-09-11T05:42:18","guid":{"rendered":"https:\/\/thepueblatimes.mx\/?p=15765"},"modified":"2021-09-11T00:42:18","modified_gmt":"2021-09-11T05:42:18","slug":"en-dos-anos-se-han-suicidado-28-personas-en-tehuacan","status":"publish","type":"post","link":"https:\/\/thepueblatimes.mx\/index.php\/2021\/09\/11\/en-dos-anos-se-han-suicidado-28-personas-en-tehuacan\/","title":{"rendered":"En dos a\u00f1os se han suicidado 28 personas en Tehuac\u00e1n"},"content":{"rendered":"<p>Tehuac\u00e1n, Pue.- <strong>Al conmemorarse el D\u00eda Internacional para la Prevenci\u00f3n del Suicidio las autoridades municipales reconocieron que a\u00fan se tiene un alto \u00edndice de personas que decidieron quitarse la vida, por lo que en los dos \u00faltimos a\u00f1os se han registrado 28 suicidios en Tehuac\u00e1n.\u00a0<\/strong><\/p>\n<p>El regidor de gobernaci\u00f3n, Israel Nasta de la Torre indic\u00f3 que las estad\u00edsticas de personas que se quitan la vida son significativas, ya que en el a\u00f1o 2020 se registraron 20 casos, mientras que en lo que va de este a\u00f1o se han registrado 8.<\/p>\n<p>Expres\u00f3 que los rangos de edad que se tienen en este tipo de hechos son de 18 a 25 a\u00f1os y en donde algunas de las v\u00edctimas registraban problemas de consumo de drogas, en donde la mayor\u00eda de personas que deciden salir por la puerta falsa son varones.<\/p>\n<p>Coment\u00f3 que el Ayuntamiento de Tehuac\u00e1n sigue contando con el programa de la \u201cL\u00ednea Amarilla, l\u00ednea de Vida\u201d habilitada a trav\u00e9s del 911, en donde se da asistencia para atender y prevenir esta problem\u00e1tica, en la cual est\u00e1n participando personal del DIF, Prevenci\u00f3n a V\u00edctimas del Delito, Instituto Municipal de la Juventud, Instituto Municipal de la Mujer, entre otras.<\/p>\n<p>Nasta de la Torre indic\u00f3 que a trav\u00e9s de esta l\u00ednea telef\u00f3nica se le trata de dar orientaci\u00f3n psicol\u00f3gica a las personas y tambi\u00e9n de orientarlas e inducirlas a realizar actividades culturales, deportivas y acad\u00e9micas para canalizar la problem\u00e1tica de depresi\u00f3n que presentan.<\/p>\n<div class=\"row publi-cont\">\n<p>Expres\u00f3 que desde el a\u00f1o pasado a la fecha se han logrado atender a m\u00e1s de 5 mil personas con acciones preventivas al suicidio, en donde el 10 por ciento eran j\u00f3venes que ten\u00edan intenciones de quitarse la vida, mientras que el resto pertenecen a familiares, a los cuales tambi\u00e9n se les brindo orientaci\u00f3n para atender el problema.<\/p>\n<p>Agreg\u00f3 que la intervenci\u00f3n que han tenido es porque se reciben los casos por medio de una llamada de auxilio al 911, porque los propios familiares acuden a las instalaciones del DIF o Seguridad P\u00fablica para recibir asesor\u00eda y orientaci\u00f3n de c\u00f3mo pueden atender esta situaci\u00f3n sobre todo de intentos de suicidio.<\/p>\n<\/div>\n","protected":false},"excerpt":{"rendered":"<p>Tehuac\u00e1n, Pue.- Al conmemorarse el D\u00eda Internacional para la Prevenci\u00f3n del Suicidio las autoridades municipales reconocieron que a\u00fan se tiene un alto \u00edndice de personas que decidieron quitarse la vida, por lo que en los dos \u00faltimos a\u00f1os se han registrado 28 suicidios en Tehuac\u00e1n.\u00a0 El regidor de gobernaci\u00f3n, Israel Nasta de la Torre indic\u00f3&#8230;<\/p>\n","protected":false},"author":15,"featured_media":15766,"comment_status":"open","ping_status":"open","sticky":false,"template":"","format":"standard","meta":[],"categories":[20],"tags":[49],"yoast_head":"<!-- This site is optimized with the Yoast SEO plugin v20.8 - https:\/\/yoast.com\/wordpress\/plugins\/seo\/ -->\n<title>En dos a\u00f1os se han suicidado 28 personas en Tehuac\u00e1n - The Puebla Times<\/title>\n<meta name=\"robots\" content=\"index, follow, max-snippet:-1, max-image-preview:large, max-video-preview:-1\" \/>\n<link rel=\"canonical\" href=\"https:\/\/thepueblatimes.mx\/index.php\/2021\/09\/11\/en-dos-anos-se-han-suicidado-28-personas-en-tehuacan\/\" \/>\n<meta property=\"og:locale\" content=\"es_ES\" \/>\n<meta property=\"og:type\" content=\"article\" \/>\n<meta property=\"og:title\" content=\"En dos a\u00f1os se han suicidado 28 personas en Tehuac\u00e1n - The Puebla Times\" \/>\n<meta property=\"og:description\" content=\"Tehuac\u00e1n, Pue.- Al conmemorarse el D\u00eda Internacional para la Prevenci\u00f3n del Suicidio las autoridades municipales reconocieron que a\u00fan se tiene un alto \u00edndice de personas que decidieron quitarse la vida, por lo que en los dos \u00faltimos a\u00f1os se han registrado 28 suicidios en Tehuac\u00e1n.\u00a0 El regidor de gobernaci\u00f3n, Israel Nasta de la Torre indic\u00f3...\" \/>\n<meta property=\"og:url\" content=\"https:\/\/thepueblatimes.mx\/index.php\/2021\/09\/11\/en-dos-anos-se-han-suicidado-28-personas-en-tehuacan\/\" \/>\n<meta property=\"og:site_name\" content=\"The Puebla Times\" \/>\n<meta property=\"article:published_time\" content=\"2021-09-11T05:42:18+00:00\" \/>\n<meta property=\"og:image\" content=\"https:\/\/thepueblatimes.mx\/wp-content\/uploads\/2021\/09\/6E1EA2D9-984A-422F-8D34-EC05C923C805.jpeg\" \/>\n\t<meta property=\"og:image:width\" content=\"880\" \/>\n\t<meta property=\"og:image:height\" content=\"660\" \/>\n\t<meta property=\"og:image:type\" content=\"image\/jpeg\" \/>\n<meta name=\"author\" content=\"Francisco S\u00e1nchez Nolasco\" \/>\n<meta name=\"twitter:card\" content=\"summary_large_image\" \/>\n<meta name=\"twitter:label1\" content=\"Escrito por\" \/>\n\t<meta name=\"twitter:data1\" content=\"Francisco S\u00e1nchez Nolasco\" \/>\n\t<meta name=\"twitter:label2\" content=\"Tiempo de lectura\" \/>\n\t<meta name=\"twitter:data2\" content=\"2 minutos\" \/>\n<script type=\"application\/ld+json\" class=\"yoast-schema-graph\">{\"@context\":\"https:\/\/schema.org\",\"@graph\":[{\"@type\":\"WebPage\",\"@id\":\"https:\/\/thepueblatimes.mx\/index.php\/2021\/09\/11\/en-dos-anos-se-han-suicidado-28-personas-en-tehuacan\/\",\"url\":\"https:\/\/thepueblatimes.mx\/index.php\/2021\/09\/11\/en-dos-anos-se-han-suicidado-28-personas-en-tehuacan\/\",\"name\":\"En dos a\u00f1os se han suicidado 28 personas en Tehuac\u00e1n - The Puebla Times\",\"isPartOf\":{\"@id\":\"https:\/\/thepueblatimes.mx\/#website\"},\"datePublished\":\"2021-09-11T05:42:18+00:00\",\"dateModified\":\"2021-09-11T05:42:18+00:00\",\"author\":{\"@id\":\"https:\/\/thepueblatimes.mx\/#\/schema\/person\/7bdf2adbc50078b104bba72b5612f774\"},\"breadcrumb\":{\"@id\":\"https:\/\/thepueblatimes.mx\/index.php\/2021\/09\/11\/en-dos-anos-se-han-suicidado-28-personas-en-tehuacan\/#breadcrumb\"},\"inLanguage\":\"es\",\"potentialAction\":[{\"@type\":\"ReadAction\",\"target\":[\"https:\/\/thepueblatimes.mx\/index.php\/2021\/09\/11\/en-dos-anos-se-han-suicidado-28-personas-en-tehuacan\/\"]}]},{\"@type\":\"BreadcrumbList\",\"@id\":\"https:\/\/thepueblatimes.mx\/index.php\/2021\/09\/11\/en-dos-anos-se-han-suicidado-28-personas-en-tehuacan\/#breadcrumb\",\"itemListElement\":[{\"@type\":\"ListItem\",\"position\":1,\"name\":\"Portada\",\"item\":\"https:\/\/thepueblatimes.mx\/\"},{\"@type\":\"ListItem\",\"position\":2,\"name\":\"En dos a\u00f1os se han suicidado 28 personas en Tehuac\u00e1n\"}]},{\"@type\":\"WebSite\",\"@id\":\"https:\/\/thepueblatimes.mx\/#website\",\"url\":\"https:\/\/thepueblatimes.mx\/\",\"name\":\"The Puebla Times\",\"description\":\"Noticias del Estado de Puebla\",\"potentialAction\":[{\"@type\":\"SearchAction\",\"target\":{\"@type\":\"EntryPoint\",\"urlTemplate\":\"https:\/\/thepueblatimes.mx\/?s={search_term_string}\"},\"query-input\":\"required name=search_term_string\"}],\"inLanguage\":\"es\"},{\"@type\":\"Person\",\"@id\":\"https:\/\/thepueblatimes.mx\/#\/schema\/person\/7bdf2adbc50078b104bba72b5612f774\",\"name\":\"Francisco S\u00e1nchez Nolasco\",\"image\":{\"@type\":\"ImageObject\",\"inLanguage\":\"es\",\"@id\":\"https:\/\/thepueblatimes.mx\/#\/schema\/person\/image\/\",\"url\":\"https:\/\/secure.gravatar.com\/avatar\/6061d7d20b38bc2742a5218401b198d2?s=96&d=mm&r=g\",\"contentUrl\":\"https:\/\/secure.gravatar.com\/avatar\/6061d7d20b38bc2742a5218401b198d2?s=96&d=mm&r=g\",\"caption\":\"Francisco S\u00e1nchez Nolasco\"},\"url\":\"https:\/\/thepueblatimes.mx\/index.php\/author\/marianitha-reyes\/\"}]}<\/script>\n<!-- \/ Yoast SEO plugin. -->","yoast_head_json":{"title":"En dos a\u00f1os se han suicidado 28 personas en Tehuac\u00e1n - The Puebla Times","robots":{"index":"index","follow":"follow","max-snippet":"max-snippet:-1","max-image-preview":"max-image-preview:large","max-video-preview":"max-video-preview:-1"},"canonical":"https:\/\/thepueblatimes.mx\/index.php\/2021\/09\/11\/en-dos-anos-se-han-suicidado-28-personas-en-tehuacan\/","og_locale":"es_ES","og_type":"article","og_title":"En dos a\u00f1os se han suicidado 28 personas en Tehuac\u00e1n - The Puebla Times","og_description":"Tehuac\u00e1n, Pue.- Al conmemorarse el D\u00eda Internacional para la Prevenci\u00f3n del Suicidio las autoridades municipales reconocieron que a\u00fan se tiene un alto \u00edndice de personas que decidieron quitarse la vida, por lo que en los dos \u00faltimos a\u00f1os se han registrado 28 suicidios en Tehuac\u00e1n.\u00a0 El regidor de gobernaci\u00f3n, Israel Nasta de la Torre indic\u00f3...","og_url":"https:\/\/thepueblatimes.mx\/index.php\/2021\/09\/11\/en-dos-anos-se-han-suicidado-28-personas-en-tehuacan\/","og_site_name":"The Puebla Times","article_published_time":"2021-09-11T05:42:18+00:00","og_image":[{"width":880,"height":660,"url":"https:\/\/thepueblatimes.mx\/wp-content\/uploads\/2021\/09\/6E1EA2D9-984A-422F-8D34-EC05C923C805.jpeg","type":"image\/jpeg"}],"author":"Francisco S\u00e1nchez Nolasco","twitter_card":"summary_large_image","twitter_misc":{"Escrito por":"Francisco S\u00e1nchez Nolasco","Tiempo de lectura":"2 minutos"},"schema":{"@context":"https:\/\/schema.org","@graph":[{"@type":"WebPage","@id":"https:\/\/thepueblatimes.mx\/index.php\/2021\/09\/11\/en-dos-anos-se-han-suicidado-28-personas-en-tehuacan\/","url":"https:\/\/thepueblatimes.mx\/index.php\/2021\/09\/11\/en-dos-anos-se-han-suicidado-28-personas-en-tehuacan\/","name":"En dos a\u00f1os se han suicidado 28 personas en Tehuac\u00e1n - The Puebla Times","isPartOf":{"@id":"https:\/\/thepueblatimes.mx\/#website"},"datePublished":"2021-09-11T05:42:18+00:00","dateModified":"2021-09-11T05:42:18+00:00","author":{"@id":"https:\/\/thepueblatimes.mx\/#\/schema\/person\/7bdf2adbc50078b104bba72b5612f774"},"breadcrumb":{"@id":"https:\/\/thepueblatimes.mx\/index.php\/2021\/09\/11\/en-dos-anos-se-han-suicidado-28-personas-en-tehuacan\/#breadcrumb"},"inLanguage":"es","potentialAction":[{"@type":"ReadAction","target":["https:\/\/thepueblatimes.mx\/index.php\/2021\/09\/11\/en-dos-anos-se-han-suicidado-28-personas-en-tehuacan\/"]}]},{"@type":"BreadcrumbList","@id":"https:\/\/thepueblatimes.mx\/index.php\/2021\/09\/11\/en-dos-anos-se-han-suicidado-28-personas-en-tehuacan\/#breadcrumb","itemListElement":[{"@type":"ListItem","position":1,"name":"Portada","item":"https:\/\/thepueblatimes.mx\/"},{"@type":"ListItem","position":2,"name":"En dos a\u00f1os se han suicidado 28 personas en Tehuac\u00e1n"}]},{"@type":"WebSite","@id":"https:\/\/thepueblatimes.mx\/#website","url":"https:\/\/thepueblatimes.mx\/","name":"The Puebla Times","description":"Noticias del Estado de Puebla","potentialAction":[{"@type":"SearchAction","target":{"@type":"EntryPoint","urlTemplate":"https:\/\/thepueblatimes.mx\/?s={search_term_string}"},"query-input":"required name=search_term_string"}],"inLanguage":"es"},{"@type":"Person","@id":"https:\/\/thepueblatimes.mx\/#\/schema\/person\/7bdf2adbc50078b104bba72b5612f774","name":"Francisco S\u00e1nchez Nolasco","image":{"@type":"ImageObject","inLanguage":"es","@id":"https:\/\/thepueblatimes.mx\/#\/schema\/person\/image\/","url":"https:\/\/secure.gravatar.com\/avatar\/6061d7d20b38bc2742a5218401b198d2?s=96&d=mm&r=g","contentUrl":"https:\/\/secure.gravatar.com\/avatar\/6061d7d20b38bc2742a5218401b198d2?s=96&d=mm&r=g","caption":"Francisco S\u00e1nchez Nolasco"},"url":"https:\/\/thepueblatimes.mx\/index.php\/author\/marianitha-reyes\/"}]}},"jetpack_featured_media_url":"https:\/\/thepueblatimes.mx\/wp-content\/uploads\/2021\/09\/6E1EA2D9-984A-422F-8D34-EC05C923C805.jpeg","_links":{"self":[{"href":"https:\/\/thepueblatimes.mx\/index.php\/wp-json\/wp\/v2\/posts\/15765"}],"collection":[{"href":"https:\/\/thepueblatimes.mx\/index.php\/wp-json\/wp\/v2\/posts"}],"about":[{"href":"https:\/\/thepueblatimes.mx\/index.php\/wp-json\/wp\/v2\/types\/post"}],"author":[{"embeddable":true,"href":"https:\/\/thepueblatimes.mx\/index.php\/wp-json\/wp\/v2\/users\/15"}],"replies":[{"embeddable":true,"href":"https:\/\/thepueblatimes.mx\/index.php\/wp-json\/wp\/v2\/comments?post=15765"}],"version-history":[{"count":1,"href":"https:\/\/thepueblatimes.mx\/index.php\/wp-json\/wp\/v2\/posts\/15765\/revisions"}],"predecessor-version":[{"id":15767,"href":"https:\/\/thepueblatimes.mx\/index.php\/wp-json\/wp\/v2\/posts\/15765\/revisions\/15767"}],"wp:featuredmedia":[{"embeddable":true,"href":"https:\/\/thepueblatimes.mx\/index.php\/wp-json\/wp\/v2\/media\/15766"}],"wp:attachment":[{"href":"https:\/\/thepueblatimes.mx\/index.php\/wp-json\/wp\/v2\/media?parent=15765"}],"wp:term":[{"taxonomy":"category","embeddable":true,"href":"https:\/\/thepueblatimes.mx\/index.php\/wp-json\/wp\/v2\/categories?post=15765"},{"taxonomy":"post_tag","embeddable":true,"href":"https:\/\/thepueblatimes.mx\/index.php\/wp-json\/wp\/v2\/tags?post=15765"}],"curies":[{"name":"wp","href":"https:\/\/api.w.org\/{rel}","templated":true}]}}