{"id":15762,"date":"2021-09-10T01:29:48","date_gmt":"2021-09-10T06:29:48","guid":{"rendered":"https:\/\/thepueblatimes.mx\/?p=15762"},"modified":"2021-09-10T01:29:48","modified_gmt":"2021-09-10T06:29:48","slug":"desbordamiento-del-dren-de-valsequillo-arrasa-con-ganado-e-inunda-casas","status":"publish","type":"post","link":"https:\/\/thepueblatimes.mx\/index.php\/2021\/09\/10\/desbordamiento-del-dren-de-valsequillo-arrasa-con-ganado-e-inunda-casas\/","title":{"rendered":"Desbordamiento del dren de Valsequillo arrasa con ganado e inunda casas"},"content":{"rendered":"<p>En Tehuac\u00e1n nuevamente <b>el desbordamiento del Dren de Valsequillo <\/b>gener\u00f3 destrozos en casas y arrastr\u00f3 decenas de animales de traspatio, solo que ahora fue en la junta auxiliar de <b>San Crist\u00f3bal Tepeteopan<\/b>; los habitantes se\u00f1alaron que jam\u00e1s pensaban que el agua llegar\u00eda hasta m\u00e1s de un metro de altura y mucho menos con la fuerza para destrozar sus casas y tumbas del pante\u00f3n.<\/p>\n<p>\u201cPensamos que nos arrastrar\u00eda el agua\u201d, \u201cparec\u00eda playa fue aterrador\u201d, \u201cmis animalitos fueron arrastrados\u201d, fueron parte de las declaraciones que dieron vecinos de la colonia Juquilita, los cuales explicaron que el agua les llegaba al pecho, pero que as\u00ed tuvieron que arriesgarse para salvar a los pocos animalitos que les quedaban.<\/p>\n<p>Se\u00f1alaron que<b> jam\u00e1s hab\u00eda pasado esto<\/b>, por lo que al ver que el agua sub\u00eda, pensaron que ser\u00eda poco lo que se les meter\u00eda a sus casas, pero en pocos minutos, no pudieron abrir sus puertas; se\u00f1alaron que parte de una casa quedo destruida y una propiedad de carrizo, fue arrastrada por la barranca, al igual que m\u00e1s de 10 tumbas que desaparecieron del pante\u00f3n de la comunidad.<\/p>\n<p>El <b>edil auxiliar, Israel N\u00e1jera Ventura,<\/b> mencion\u00f3 que fue durante la noche del mi\u00e9rcoles cuando poco a poco el agua del dren comenz\u00f3 a salir a la altura de la colonia Juquilita y del Barrio Segundo, provocando qu\u00e9 varias<b> viviendas de esta zona, comenzaron a inundarse<\/b> pese a que los habitantes trataban de desviar el exceso de agua qu\u00e9 repentinamente creci\u00f3 debido a la lluvia tan fuerte qu\u00e9 se dio en la zona alta.<\/p>\n<p>Dijo que desafortunadamente <b>una vivienda se colaps\u00f3<\/b> por completo sin qu\u00e9 estuvieran sus habitantes, los cuales hab\u00edan salido al ver el riesgo de qu\u00e9 el agua pegaba en las paredes, por lo que los propios vecinos resguardaron a sus habitantes, mientras que esperaban qu\u00e9 redujera la fuerza del agua y qu\u00e9 llegaran las autoridades.<\/p>\n<div id=\"standard_8\" class=\"st-placement standard_8 inArticle\">\n<div class=\"st-adunit st-reset st-show\">\n<div class=\"st-adunit-ad st-reset\">\n<div class=\"st-display-render st-reset\">\n<div class=\"st-reset\">\n<div class=\"important-styled st-canvas-container open MediumRectangle full-display-standard fssquz2\">\n<div class=\"important-styled st-canvas-el fhxwyqa\">\n<div class=\"important-styled st-canvas-container undefined fssquz2\">\n<div class=\"important-styled st-canvas-el fhxwyqa\">\n<div class=\"important-styled st-canvas-container undefined fssquz2\">\n<div class=\"important-styled st-canvas-el fhxwyqa\">\n<div class=\"important-styled f11p6nk6\">\n<p>En ese momento, tambi\u00e9n el \u00e1rea de protecci\u00f3n civil del municipio, alertaba a los habitantes de la comunidad a qu\u00e9 no trataran de pasar por el puente de acceso a la comunidad ya qu\u00e9 la creciente estaba fuerte y hab\u00eda riesgo de qu\u00e9 arrastrara a los veh\u00edculos, por lo que, de igual manera, las unidades de emergencia debieron esperar para poder ingresar.<\/p>\n<div class=\"ece_incoming\nmedia \"><\/p>\n<div class=\"teaser \">\n<div class=\"img-container picture\">\n<div id=\"standard_7_child_1\" class=\"st-placement standard_7_child_1 inImage\">Israel N\u00e1jera Ventura, mencion\u00f3 que as\u00ed como esta zona afectada, tambi\u00e9n otras tres colonias y el centro de la poblaci\u00f3n se vieron afectadas, ya que todas la barrancada termin\u00f3 por inundar toda esta parte de la junta auxiliar, por lo que desde temprana hora, esperaba la llegada de maquinaria pesada qu\u00e9 solicit\u00f3 al ayuntamiento para hacer la limpieza y desazolvar.<\/div>\n<\/div>\n<\/div>\n<\/div>\n<\/div>\n<\/div>\n<\/div>\n<\/div>\n<\/div>\n<\/div>\n<\/div>\n<\/div>\n<\/div>\n<\/div>\n<\/div>\n<\/div>\n","protected":false},"excerpt":{"rendered":"<p>En Tehuac\u00e1n nuevamente el desbordamiento del Dren de Valsequillo gener\u00f3 destrozos en casas y arrastr\u00f3 decenas de animales de traspatio, solo que ahora fue en la junta auxiliar de San Crist\u00f3bal Tepeteopan; los habitantes se\u00f1alaron que jam\u00e1s pensaban que el agua llegar\u00eda hasta m\u00e1s de un metro de altura y mucho menos con la fuerza&#8230;<\/p>\n","protected":false},"author":15,"featured_media":15763,"comment_status":"open","ping_status":"open","sticky":false,"template":"","format":"standard","meta":[],"categories":[20],"tags":[49],"yoast_head":"<!-- This site is optimized with the Yoast SEO plugin v20.8 - https:\/\/yoast.com\/wordpress\/plugins\/seo\/ -->\n<title>Desbordamiento del dren de Valsequillo arrasa con ganado e inunda casas - The Puebla Times<\/title>\n<meta name=\"robots\" content=\"index, follow, max-snippet:-1, max-image-preview:large, max-video-preview:-1\" \/>\n<link rel=\"canonical\" href=\"https:\/\/thepueblatimes.mx\/index.php\/2021\/09\/10\/desbordamiento-del-dren-de-valsequillo-arrasa-con-ganado-e-inunda-casas\/\" \/>\n<meta property=\"og:locale\" content=\"es_ES\" \/>\n<meta property=\"og:type\" content=\"article\" \/>\n<meta property=\"og:title\" content=\"Desbordamiento del dren de Valsequillo arrasa con ganado e inunda casas - The Puebla Times\" \/>\n<meta property=\"og:description\" content=\"En Tehuac\u00e1n nuevamente el desbordamiento del Dren de Valsequillo gener\u00f3 destrozos en casas y arrastr\u00f3 decenas de animales de traspatio, solo que ahora fue en la junta auxiliar de San Crist\u00f3bal Tepeteopan; los habitantes se\u00f1alaron que jam\u00e1s pensaban que el agua llegar\u00eda hasta m\u00e1s de un metro de altura y mucho menos con la fuerza...\" \/>\n<meta property=\"og:url\" content=\"https:\/\/thepueblatimes.mx\/index.php\/2021\/09\/10\/desbordamiento-del-dren-de-valsequillo-arrasa-con-ganado-e-inunda-casas\/\" \/>\n<meta property=\"og:site_name\" content=\"The Puebla Times\" \/>\n<meta property=\"article:published_time\" content=\"2021-09-10T06:29:48+00:00\" \/>\n<meta property=\"og:image\" content=\"https:\/\/thepueblatimes.mx\/wp-content\/uploads\/2021\/09\/83883183-EC87-457D-BBFE-E5A7BB92CD90.jpeg\" \/>\n\t<meta property=\"og:image:width\" content=\"400\" \/>\n\t<meta property=\"og:image:height\" content=\"250\" \/>\n\t<meta property=\"og:image:type\" content=\"image\/jpeg\" \/>\n<meta name=\"author\" content=\"Francisco S\u00e1nchez Nolasco\" \/>\n<meta name=\"twitter:card\" content=\"summary_large_image\" \/>\n<meta name=\"twitter:label1\" content=\"Escrito por\" \/>\n\t<meta name=\"twitter:data1\" content=\"Francisco S\u00e1nchez Nolasco\" \/>\n\t<meta name=\"twitter:label2\" content=\"Tiempo de lectura\" \/>\n\t<meta name=\"twitter:data2\" content=\"2 minutos\" \/>\n<script type=\"application\/ld+json\" class=\"yoast-schema-graph\">{\"@context\":\"https:\/\/schema.org\",\"@graph\":[{\"@type\":\"WebPage\",\"@id\":\"https:\/\/thepueblatimes.mx\/index.php\/2021\/09\/10\/desbordamiento-del-dren-de-valsequillo-arrasa-con-ganado-e-inunda-casas\/\",\"url\":\"https:\/\/thepueblatimes.mx\/index.php\/2021\/09\/10\/desbordamiento-del-dren-de-valsequillo-arrasa-con-ganado-e-inunda-casas\/\",\"name\":\"Desbordamiento del dren de Valsequillo arrasa con ganado e inunda casas - The Puebla Times\",\"isPartOf\":{\"@id\":\"https:\/\/thepueblatimes.mx\/#website\"},\"datePublished\":\"2021-09-10T06:29:48+00:00\",\"dateModified\":\"2021-09-10T06:29:48+00:00\",\"author\":{\"@id\":\"https:\/\/thepueblatimes.mx\/#\/schema\/person\/7bdf2adbc50078b104bba72b5612f774\"},\"breadcrumb\":{\"@id\":\"https:\/\/thepueblatimes.mx\/index.php\/2021\/09\/10\/desbordamiento-del-dren-de-valsequillo-arrasa-con-ganado-e-inunda-casas\/#breadcrumb\"},\"inLanguage\":\"es\",\"potentialAction\":[{\"@type\":\"ReadAction\",\"target\":[\"https:\/\/thepueblatimes.mx\/index.php\/2021\/09\/10\/desbordamiento-del-dren-de-valsequillo-arrasa-con-ganado-e-inunda-casas\/\"]}]},{\"@type\":\"BreadcrumbList\",\"@id\":\"https:\/\/thepueblatimes.mx\/index.php\/2021\/09\/10\/desbordamiento-del-dren-de-valsequillo-arrasa-con-ganado-e-inunda-casas\/#breadcrumb\",\"itemListElement\":[{\"@type\":\"ListItem\",\"position\":1,\"name\":\"Portada\",\"item\":\"https:\/\/thepueblatimes.mx\/\"},{\"@type\":\"ListItem\",\"position\":2,\"name\":\"Desbordamiento del dren de Valsequillo arrasa con ganado e inunda casas\"}]},{\"@type\":\"WebSite\",\"@id\":\"https:\/\/thepueblatimes.mx\/#website\",\"url\":\"https:\/\/thepueblatimes.mx\/\",\"name\":\"The Puebla Times\",\"description\":\"Noticias del Estado de Puebla\",\"potentialAction\":[{\"@type\":\"SearchAction\",\"target\":{\"@type\":\"EntryPoint\",\"urlTemplate\":\"https:\/\/thepueblatimes.mx\/?s={search_term_string}\"},\"query-input\":\"required name=search_term_string\"}],\"inLanguage\":\"es\"},{\"@type\":\"Person\",\"@id\":\"https:\/\/thepueblatimes.mx\/#\/schema\/person\/7bdf2adbc50078b104bba72b5612f774\",\"name\":\"Francisco S\u00e1nchez Nolasco\",\"image\":{\"@type\":\"ImageObject\",\"inLanguage\":\"es\",\"@id\":\"https:\/\/thepueblatimes.mx\/#\/schema\/person\/image\/\",\"url\":\"https:\/\/secure.gravatar.com\/avatar\/6061d7d20b38bc2742a5218401b198d2?s=96&d=mm&r=g\",\"contentUrl\":\"https:\/\/secure.gravatar.com\/avatar\/6061d7d20b38bc2742a5218401b198d2?s=96&d=mm&r=g\",\"caption\":\"Francisco S\u00e1nchez Nolasco\"},\"url\":\"https:\/\/thepueblatimes.mx\/index.php\/author\/marianitha-reyes\/\"}]}<\/script>\n<!-- \/ Yoast SEO plugin. -->","yoast_head_json":{"title":"Desbordamiento del dren de Valsequillo arrasa con ganado e inunda casas - The Puebla Times","robots":{"index":"index","follow":"follow","max-snippet":"max-snippet:-1","max-image-preview":"max-image-preview:large","max-video-preview":"max-video-preview:-1"},"canonical":"https:\/\/thepueblatimes.mx\/index.php\/2021\/09\/10\/desbordamiento-del-dren-de-valsequillo-arrasa-con-ganado-e-inunda-casas\/","og_locale":"es_ES","og_type":"article","og_title":"Desbordamiento del dren de Valsequillo arrasa con ganado e inunda casas - The Puebla Times","og_description":"En Tehuac\u00e1n nuevamente el desbordamiento del Dren de Valsequillo gener\u00f3 destrozos en casas y arrastr\u00f3 decenas de animales de traspatio, solo que ahora fue en la junta auxiliar de San Crist\u00f3bal Tepeteopan; los habitantes se\u00f1alaron que jam\u00e1s pensaban que el agua llegar\u00eda hasta m\u00e1s de un metro de altura y mucho menos con la fuerza...","og_url":"https:\/\/thepueblatimes.mx\/index.php\/2021\/09\/10\/desbordamiento-del-dren-de-valsequillo-arrasa-con-ganado-e-inunda-casas\/","og_site_name":"The Puebla Times","article_published_time":"2021-09-10T06:29:48+00:00","og_image":[{"width":400,"height":250,"url":"https:\/\/thepueblatimes.mx\/wp-content\/uploads\/2021\/09\/83883183-EC87-457D-BBFE-E5A7BB92CD90.jpeg","type":"image\/jpeg"}],"author":"Francisco S\u00e1nchez Nolasco","twitter_card":"summary_large_image","twitter_misc":{"Escrito por":"Francisco S\u00e1nchez Nolasco","Tiempo de lectura":"2 minutos"},"schema":{"@context":"https:\/\/schema.org","@graph":[{"@type":"WebPage","@id":"https:\/\/thepueblatimes.mx\/index.php\/2021\/09\/10\/desbordamiento-del-dren-de-valsequillo-arrasa-con-ganado-e-inunda-casas\/","url":"https:\/\/thepueblatimes.mx\/index.php\/2021\/09\/10\/desbordamiento-del-dren-de-valsequillo-arrasa-con-ganado-e-inunda-casas\/","name":"Desbordamiento del dren de Valsequillo arrasa con ganado e inunda casas - The Puebla Times","isPartOf":{"@id":"https:\/\/thepueblatimes.mx\/#website"},"datePublished":"2021-09-10T06:29:48+00:00","dateModified":"2021-09-10T06:29:48+00:00","author":{"@id":"https:\/\/thepueblatimes.mx\/#\/schema\/person\/7bdf2adbc50078b104bba72b5612f774"},"breadcrumb":{"@id":"https:\/\/thepueblatimes.mx\/index.php\/2021\/09\/10\/desbordamiento-del-dren-de-valsequillo-arrasa-con-ganado-e-inunda-casas\/#breadcrumb"},"inLanguage":"es","potentialAction":[{"@type":"ReadAction","target":["https:\/\/thepueblatimes.mx\/index.php\/2021\/09\/10\/desbordamiento-del-dren-de-valsequillo-arrasa-con-ganado-e-inunda-casas\/"]}]},{"@type":"BreadcrumbList","@id":"https:\/\/thepueblatimes.mx\/index.php\/2021\/09\/10\/desbordamiento-del-dren-de-valsequillo-arrasa-con-ganado-e-inunda-casas\/#breadcrumb","itemListElement":[{"@type":"ListItem","position":1,"name":"Portada","item":"https:\/\/thepueblatimes.mx\/"},{"@type":"ListItem","position":2,"name":"Desbordamiento del dren de Valsequillo arrasa con ganado e inunda casas"}]},{"@type":"WebSite","@id":"https:\/\/thepueblatimes.mx\/#website","url":"https:\/\/thepueblatimes.mx\/","name":"The Puebla Times","description":"Noticias del Estado de Puebla","potentialAction":[{"@type":"SearchAction","target":{"@type":"EntryPoint","urlTemplate":"https:\/\/thepueblatimes.mx\/?s={search_term_string}"},"query-input":"required name=search_term_string"}],"inLanguage":"es"},{"@type":"Person","@id":"https:\/\/thepueblatimes.mx\/#\/schema\/person\/7bdf2adbc50078b104bba72b5612f774","name":"Francisco S\u00e1nchez Nolasco","image":{"@type":"ImageObject","inLanguage":"es","@id":"https:\/\/thepueblatimes.mx\/#\/schema\/person\/image\/","url":"https:\/\/secure.gravatar.com\/avatar\/6061d7d20b38bc2742a5218401b198d2?s=96&d=mm&r=g","contentUrl":"https:\/\/secure.gravatar.com\/avatar\/6061d7d20b38bc2742a5218401b198d2?s=96&d=mm&r=g","caption":"Francisco S\u00e1nchez Nolasco"},"url":"https:\/\/thepueblatimes.mx\/index.php\/author\/marianitha-reyes\/"}]}},"jetpack_featured_media_url":"https:\/\/thepueblatimes.mx\/wp-content\/uploads\/2021\/09\/83883183-EC87-457D-BBFE-E5A7BB92CD90.jpeg","_links":{"self":[{"href":"https:\/\/thepueblatimes.mx\/index.php\/wp-json\/wp\/v2\/posts\/15762"}],"collection":[{"href":"https:\/\/thepueblatimes.mx\/index.php\/wp-json\/wp\/v2\/posts"}],"about":[{"href":"https:\/\/thepueblatimes.mx\/index.php\/wp-json\/wp\/v2\/types\/post"}],"author":[{"embeddable":true,"href":"https:\/\/thepueblatimes.mx\/index.php\/wp-json\/wp\/v2\/users\/15"}],"replies":[{"embeddable":true,"href":"https:\/\/thepueblatimes.mx\/index.php\/wp-json\/wp\/v2\/comments?post=15762"}],"version-history":[{"count":1,"href":"https:\/\/thepueblatimes.mx\/index.php\/wp-json\/wp\/v2\/posts\/15762\/revisions"}],"predecessor-version":[{"id":15764,"href":"https:\/\/thepueblatimes.mx\/index.php\/wp-json\/wp\/v2\/posts\/15762\/revisions\/15764"}],"wp:featuredmedia":[{"embeddable":true,"href":"https:\/\/thepueblatimes.mx\/index.php\/wp-json\/wp\/v2\/media\/15763"}],"wp:attachment":[{"href":"https:\/\/thepueblatimes.mx\/index.php\/wp-json\/wp\/v2\/media?parent=15762"}],"wp:term":[{"taxonomy":"category","embeddable":true,"href":"https:\/\/thepueblatimes.mx\/index.php\/wp-json\/wp\/v2\/categories?post=15762"},{"taxonomy":"post_tag","embeddable":true,"href":"https:\/\/thepueblatimes.mx\/index.php\/wp-json\/wp\/v2\/tags?post=15762"}],"curies":[{"name":"wp","href":"https:\/\/api.w.org\/{rel}","templated":true}]}}