{"id":15756,"date":"2021-09-10T01:20:57","date_gmt":"2021-09-10T06:20:57","guid":{"rendered":"https:\/\/thepueblatimes.mx\/?p=15756"},"modified":"2021-09-10T01:20:57","modified_gmt":"2021-09-10T06:20:57","slug":"tras-desgracia-en-rio-apulco-piden-familias-que-abran-las-compuertas-de-la-presa-de-la-soledad","status":"publish","type":"post","link":"https:\/\/thepueblatimes.mx\/index.php\/2021\/09\/10\/tras-desgracia-en-rio-apulco-piden-familias-que-abran-las-compuertas-de-la-presa-de-la-soledad\/","title":{"rendered":"Tras desgracia en r\u00edo Apulco, piden familias que abran las compuertas de la presa de La Soledad"},"content":{"rendered":"<p>Familiares de Eugenio N, de 21 a\u00f1os, originario de la comunidad de T\u00fanel 2, <b><a href=\"https:\/\/www.elsoldepuebla.com.mx\/local\/estado\/son-tres-los-desaparecidos-en-el-afluente-del-rio-apulco-7166777.html\" target=\"_self\" rel=\"Follow noopener noreferrer\">desparecido tras caer a las aguas del r\u00edo Apulco<\/a><\/b>, solicitan la intervenci\u00f3n de las autoridades estatales y federales, para que personal de la <b>Comisi\u00f3n Federal de Electricidad (CFE),<\/b> lleve a cabo la apertura de las compuertas de <b>la presa La Soledad,<\/b> lo que representar\u00eda la \u00faltima oportunidad para localizar el cuerpo de su consangu\u00edneo y de otro hombre que tambi\u00e9n se precipit\u00f3 al afluente.<\/p>\n<p>Seg\u00fan el testimonio de <b>Bartolo Andr\u00e9s, padre del joven<\/b>, este mi\u00e9rcoles se cumpli\u00f3 una semana del accidente, donde a su hijo le fue ofrecido un \u201cavent\u00f3n\u201d a bordo de una retroexcavadora, la cual metros adelante cay\u00f3 a un barranco de <b>80 metros de profundidad,<\/b> quedando sus cuerpos a merced de la corriente del agua; dos de los varones hasta el momento no han sido localizados, pese a los <b>esfuerzos de autoridades, brigadistas y voluntarios.<\/b><\/p>\n<p>De lo anterior, el hombre reconoci\u00f3 el papel de todos quienes por cerca de seis d\u00edas han recorrido varios <b>kil\u00f3metros para dar con la localizaci\u00f3n de los cuerpos<\/b>, <b>entre ellos, el de su hijo Eugenio;<\/b> se\u00f1al\u00f3 que si bien se ha hecho lo humanamente posible para recuperar los cuerpos, a\u00fan queda una alternativa, es decir, la apertura de<b>las compuertas de la presa La Soledad,<\/b> a fin de que la fuerza del agua remueva la arena contenida en el lugar, donde podr\u00edan encontrarse sepultados los restos de su familiar.<\/p>\n<article class=\"policiaca\nmedia col-md-4 inline-story \"><\/p>\n<div class=\"teaser \"><\/div>\n<\/article>\n","protected":false},"excerpt":{"rendered":"<p>Familiares de Eugenio N, de 21 a\u00f1os, originario de la comunidad de T\u00fanel 2, desparecido tras caer a las aguas del r\u00edo Apulco, solicitan la intervenci\u00f3n de las autoridades estatales y federales, para que personal de la Comisi\u00f3n Federal de Electricidad (CFE), lleve a cabo la apertura de las compuertas de la presa La Soledad,&#8230;<\/p>\n","protected":false},"author":15,"featured_media":15757,"comment_status":"open","ping_status":"open","sticky":false,"template":"","format":"standard","meta":[],"categories":[20],"tags":[49],"yoast_head":"<!-- This site is optimized with the Yoast SEO plugin v20.8 - https:\/\/yoast.com\/wordpress\/plugins\/seo\/ -->\n<title>Tras desgracia en r\u00edo Apulco, piden familias que abran las compuertas de la presa de La Soledad - The Puebla Times<\/title>\n<meta name=\"robots\" content=\"index, follow, max-snippet:-1, max-image-preview:large, max-video-preview:-1\" \/>\n<link rel=\"canonical\" href=\"https:\/\/thepueblatimes.mx\/index.php\/2021\/09\/10\/tras-desgracia-en-rio-apulco-piden-familias-que-abran-las-compuertas-de-la-presa-de-la-soledad\/\" \/>\n<meta property=\"og:locale\" content=\"es_ES\" \/>\n<meta property=\"og:type\" content=\"article\" \/>\n<meta property=\"og:title\" content=\"Tras desgracia en r\u00edo Apulco, piden familias que abran las compuertas de la presa de La Soledad - The Puebla Times\" \/>\n<meta property=\"og:description\" content=\"Familiares de Eugenio N, de 21 a\u00f1os, originario de la comunidad de T\u00fanel 2, desparecido tras caer a las aguas del r\u00edo Apulco, solicitan la intervenci\u00f3n de las autoridades estatales y federales, para que personal de la Comisi\u00f3n Federal de Electricidad (CFE), lleve a cabo la apertura de las compuertas de la presa La Soledad,...\" \/>\n<meta property=\"og:url\" content=\"https:\/\/thepueblatimes.mx\/index.php\/2021\/09\/10\/tras-desgracia-en-rio-apulco-piden-familias-que-abran-las-compuertas-de-la-presa-de-la-soledad\/\" \/>\n<meta property=\"og:site_name\" content=\"The Puebla Times\" \/>\n<meta property=\"article:published_time\" content=\"2021-09-10T06:20:57+00:00\" \/>\n<meta property=\"og:image\" content=\"https:\/\/thepueblatimes.mx\/wp-content\/uploads\/2021\/09\/397F9A29-8A7D-4DF7-BB39-FC336C75257B.png\" \/>\n\t<meta property=\"og:image:width\" content=\"400\" \/>\n\t<meta property=\"og:image:height\" content=\"250\" \/>\n\t<meta property=\"og:image:type\" content=\"image\/png\" \/>\n<meta name=\"author\" content=\"Francisco S\u00e1nchez Nolasco\" \/>\n<meta name=\"twitter:card\" content=\"summary_large_image\" \/>\n<meta name=\"twitter:label1\" content=\"Escrito por\" \/>\n\t<meta name=\"twitter:data1\" content=\"Francisco S\u00e1nchez Nolasco\" \/>\n\t<meta name=\"twitter:label2\" content=\"Tiempo de lectura\" \/>\n\t<meta name=\"twitter:data2\" content=\"1 minuto\" \/>\n<script type=\"application\/ld+json\" class=\"yoast-schema-graph\">{\"@context\":\"https:\/\/schema.org\",\"@graph\":[{\"@type\":\"WebPage\",\"@id\":\"https:\/\/thepueblatimes.mx\/index.php\/2021\/09\/10\/tras-desgracia-en-rio-apulco-piden-familias-que-abran-las-compuertas-de-la-presa-de-la-soledad\/\",\"url\":\"https:\/\/thepueblatimes.mx\/index.php\/2021\/09\/10\/tras-desgracia-en-rio-apulco-piden-familias-que-abran-las-compuertas-de-la-presa-de-la-soledad\/\",\"name\":\"Tras desgracia en r\u00edo Apulco, piden familias que abran las compuertas de la presa de La Soledad - The Puebla Times\",\"isPartOf\":{\"@id\":\"https:\/\/thepueblatimes.mx\/#website\"},\"datePublished\":\"2021-09-10T06:20:57+00:00\",\"dateModified\":\"2021-09-10T06:20:57+00:00\",\"author\":{\"@id\":\"https:\/\/thepueblatimes.mx\/#\/schema\/person\/7bdf2adbc50078b104bba72b5612f774\"},\"breadcrumb\":{\"@id\":\"https:\/\/thepueblatimes.mx\/index.php\/2021\/09\/10\/tras-desgracia-en-rio-apulco-piden-familias-que-abran-las-compuertas-de-la-presa-de-la-soledad\/#breadcrumb\"},\"inLanguage\":\"es\",\"potentialAction\":[{\"@type\":\"ReadAction\",\"target\":[\"https:\/\/thepueblatimes.mx\/index.php\/2021\/09\/10\/tras-desgracia-en-rio-apulco-piden-familias-que-abran-las-compuertas-de-la-presa-de-la-soledad\/\"]}]},{\"@type\":\"BreadcrumbList\",\"@id\":\"https:\/\/thepueblatimes.mx\/index.php\/2021\/09\/10\/tras-desgracia-en-rio-apulco-piden-familias-que-abran-las-compuertas-de-la-presa-de-la-soledad\/#breadcrumb\",\"itemListElement\":[{\"@type\":\"ListItem\",\"position\":1,\"name\":\"Portada\",\"item\":\"https:\/\/thepueblatimes.mx\/\"},{\"@type\":\"ListItem\",\"position\":2,\"name\":\"Tras desgracia en r\u00edo Apulco, piden familias que abran las compuertas de la presa de La Soledad\"}]},{\"@type\":\"WebSite\",\"@id\":\"https:\/\/thepueblatimes.mx\/#website\",\"url\":\"https:\/\/thepueblatimes.mx\/\",\"name\":\"The Puebla Times\",\"description\":\"Noticias del Estado de Puebla\",\"potentialAction\":[{\"@type\":\"SearchAction\",\"target\":{\"@type\":\"EntryPoint\",\"urlTemplate\":\"https:\/\/thepueblatimes.mx\/?s={search_term_string}\"},\"query-input\":\"required name=search_term_string\"}],\"inLanguage\":\"es\"},{\"@type\":\"Person\",\"@id\":\"https:\/\/thepueblatimes.mx\/#\/schema\/person\/7bdf2adbc50078b104bba72b5612f774\",\"name\":\"Francisco S\u00e1nchez Nolasco\",\"image\":{\"@type\":\"ImageObject\",\"inLanguage\":\"es\",\"@id\":\"https:\/\/thepueblatimes.mx\/#\/schema\/person\/image\/\",\"url\":\"https:\/\/secure.gravatar.com\/avatar\/6061d7d20b38bc2742a5218401b198d2?s=96&d=mm&r=g\",\"contentUrl\":\"https:\/\/secure.gravatar.com\/avatar\/6061d7d20b38bc2742a5218401b198d2?s=96&d=mm&r=g\",\"caption\":\"Francisco S\u00e1nchez Nolasco\"},\"url\":\"https:\/\/thepueblatimes.mx\/index.php\/author\/marianitha-reyes\/\"}]}<\/script>\n<!-- \/ Yoast SEO plugin. -->","yoast_head_json":{"title":"Tras desgracia en r\u00edo Apulco, piden familias que abran las compuertas de la presa de La Soledad - The Puebla Times","robots":{"index":"index","follow":"follow","max-snippet":"max-snippet:-1","max-image-preview":"max-image-preview:large","max-video-preview":"max-video-preview:-1"},"canonical":"https:\/\/thepueblatimes.mx\/index.php\/2021\/09\/10\/tras-desgracia-en-rio-apulco-piden-familias-que-abran-las-compuertas-de-la-presa-de-la-soledad\/","og_locale":"es_ES","og_type":"article","og_title":"Tras desgracia en r\u00edo Apulco, piden familias que abran las compuertas de la presa de La Soledad - The Puebla Times","og_description":"Familiares de Eugenio N, de 21 a\u00f1os, originario de la comunidad de T\u00fanel 2, desparecido tras caer a las aguas del r\u00edo Apulco, solicitan la intervenci\u00f3n de las autoridades estatales y federales, para que personal de la Comisi\u00f3n Federal de Electricidad (CFE), lleve a cabo la apertura de las compuertas de la presa La Soledad,...","og_url":"https:\/\/thepueblatimes.mx\/index.php\/2021\/09\/10\/tras-desgracia-en-rio-apulco-piden-familias-que-abran-las-compuertas-de-la-presa-de-la-soledad\/","og_site_name":"The Puebla Times","article_published_time":"2021-09-10T06:20:57+00:00","og_image":[{"width":400,"height":250,"url":"https:\/\/thepueblatimes.mx\/wp-content\/uploads\/2021\/09\/397F9A29-8A7D-4DF7-BB39-FC336C75257B.png","type":"image\/png"}],"author":"Francisco S\u00e1nchez Nolasco","twitter_card":"summary_large_image","twitter_misc":{"Escrito por":"Francisco S\u00e1nchez Nolasco","Tiempo de lectura":"1 minuto"},"schema":{"@context":"https:\/\/schema.org","@graph":[{"@type":"WebPage","@id":"https:\/\/thepueblatimes.mx\/index.php\/2021\/09\/10\/tras-desgracia-en-rio-apulco-piden-familias-que-abran-las-compuertas-de-la-presa-de-la-soledad\/","url":"https:\/\/thepueblatimes.mx\/index.php\/2021\/09\/10\/tras-desgracia-en-rio-apulco-piden-familias-que-abran-las-compuertas-de-la-presa-de-la-soledad\/","name":"Tras desgracia en r\u00edo Apulco, piden familias que abran las compuertas de la presa de La Soledad - The Puebla Times","isPartOf":{"@id":"https:\/\/thepueblatimes.mx\/#website"},"datePublished":"2021-09-10T06:20:57+00:00","dateModified":"2021-09-10T06:20:57+00:00","author":{"@id":"https:\/\/thepueblatimes.mx\/#\/schema\/person\/7bdf2adbc50078b104bba72b5612f774"},"breadcrumb":{"@id":"https:\/\/thepueblatimes.mx\/index.php\/2021\/09\/10\/tras-desgracia-en-rio-apulco-piden-familias-que-abran-las-compuertas-de-la-presa-de-la-soledad\/#breadcrumb"},"inLanguage":"es","potentialAction":[{"@type":"ReadAction","target":["https:\/\/thepueblatimes.mx\/index.php\/2021\/09\/10\/tras-desgracia-en-rio-apulco-piden-familias-que-abran-las-compuertas-de-la-presa-de-la-soledad\/"]}]},{"@type":"BreadcrumbList","@id":"https:\/\/thepueblatimes.mx\/index.php\/2021\/09\/10\/tras-desgracia-en-rio-apulco-piden-familias-que-abran-las-compuertas-de-la-presa-de-la-soledad\/#breadcrumb","itemListElement":[{"@type":"ListItem","position":1,"name":"Portada","item":"https:\/\/thepueblatimes.mx\/"},{"@type":"ListItem","position":2,"name":"Tras desgracia en r\u00edo Apulco, piden familias que abran las compuertas de la presa de La Soledad"}]},{"@type":"WebSite","@id":"https:\/\/thepueblatimes.mx\/#website","url":"https:\/\/thepueblatimes.mx\/","name":"The Puebla Times","description":"Noticias del Estado de Puebla","potentialAction":[{"@type":"SearchAction","target":{"@type":"EntryPoint","urlTemplate":"https:\/\/thepueblatimes.mx\/?s={search_term_string}"},"query-input":"required name=search_term_string"}],"inLanguage":"es"},{"@type":"Person","@id":"https:\/\/thepueblatimes.mx\/#\/schema\/person\/7bdf2adbc50078b104bba72b5612f774","name":"Francisco S\u00e1nchez Nolasco","image":{"@type":"ImageObject","inLanguage":"es","@id":"https:\/\/thepueblatimes.mx\/#\/schema\/person\/image\/","url":"https:\/\/secure.gravatar.com\/avatar\/6061d7d20b38bc2742a5218401b198d2?s=96&d=mm&r=g","contentUrl":"https:\/\/secure.gravatar.com\/avatar\/6061d7d20b38bc2742a5218401b198d2?s=96&d=mm&r=g","caption":"Francisco S\u00e1nchez Nolasco"},"url":"https:\/\/thepueblatimes.mx\/index.php\/author\/marianitha-reyes\/"}]}},"jetpack_featured_media_url":"https:\/\/thepueblatimes.mx\/wp-content\/uploads\/2021\/09\/397F9A29-8A7D-4DF7-BB39-FC336C75257B.png","_links":{"self":[{"href":"https:\/\/thepueblatimes.mx\/index.php\/wp-json\/wp\/v2\/posts\/15756"}],"collection":[{"href":"https:\/\/thepueblatimes.mx\/index.php\/wp-json\/wp\/v2\/posts"}],"about":[{"href":"https:\/\/thepueblatimes.mx\/index.php\/wp-json\/wp\/v2\/types\/post"}],"author":[{"embeddable":true,"href":"https:\/\/thepueblatimes.mx\/index.php\/wp-json\/wp\/v2\/users\/15"}],"replies":[{"embeddable":true,"href":"https:\/\/thepueblatimes.mx\/index.php\/wp-json\/wp\/v2\/comments?post=15756"}],"version-history":[{"count":1,"href":"https:\/\/thepueblatimes.mx\/index.php\/wp-json\/wp\/v2\/posts\/15756\/revisions"}],"predecessor-version":[{"id":15758,"href":"https:\/\/thepueblatimes.mx\/index.php\/wp-json\/wp\/v2\/posts\/15756\/revisions\/15758"}],"wp:featuredmedia":[{"embeddable":true,"href":"https:\/\/thepueblatimes.mx\/index.php\/wp-json\/wp\/v2\/media\/15757"}],"wp:attachment":[{"href":"https:\/\/thepueblatimes.mx\/index.php\/wp-json\/wp\/v2\/media?parent=15756"}],"wp:term":[{"taxonomy":"category","embeddable":true,"href":"https:\/\/thepueblatimes.mx\/index.php\/wp-json\/wp\/v2\/categories?post=15756"},{"taxonomy":"post_tag","embeddable":true,"href":"https:\/\/thepueblatimes.mx\/index.php\/wp-json\/wp\/v2\/tags?post=15756"}],"curies":[{"name":"wp","href":"https:\/\/api.w.org\/{rel}","templated":true}]}}