{"id":15752,"date":"2021-09-10T01:18:44","date_gmt":"2021-09-10T06:18:44","guid":{"rendered":"https:\/\/thepueblatimes.mx\/?p=15752"},"modified":"2021-09-10T01:18:44","modified_gmt":"2021-09-10T06:18:44","slug":"exhiben-acto-de-abuso-policial-contra-repartidores-de-comida-en-san-andres-cholula","status":"publish","type":"post","link":"https:\/\/thepueblatimes.mx\/index.php\/2021\/09\/10\/exhiben-acto-de-abuso-policial-contra-repartidores-de-comida-en-san-andres-cholula\/","title":{"rendered":"Exhiben acto de abuso policial contra repartidores de comida en San Andr\u00e9s Cholula"},"content":{"rendered":"<p>Un acto de abuso policial por parte de elementos de la <b>Secretar\u00eda de Seguridad P\u00fablica y Tr\u00e1nsito Municipal de San Andr\u00e9s Cholula<\/b>, fue grabado y exhibido en <b>redes sociales <\/b>en las \u00faltimas horas; al respecto, la dependencia neg\u00f3 que se violentaran los derechos de los ciudadanos, en este caso, de repartidores de comida que se encontraban en la <b>zona de Lomas de Angel\u00f3polis.<\/b><\/p>\n<p>El hecho se registr\u00f3 el <b>8 de Septiembre, <\/b>cuando presuntamente y seg\u00fan lo dado a conocer por la misma dependencia, la administraci\u00f3n de Sonata Town Center, <b>solicit\u00f3 v\u00eda oficio, apoyo de la SSPTYM <\/b>para retirar a los repartidores de comida de las diversas aplicaciones.<\/p>\n<p>Lo anterior, debido a que supuestamente, n<b>o respetaban los espacios designados<\/b>, ni la se\u00f1al\u00e9tica colocada en las vialidades, haciendo caso omiso de las indicaciones, es por ello, argumenta la Secretar\u00eda, que se despleg\u00f3 un operativo en la zona, donde dos repartidores se <b>negaron a acatar las indicaciones de los oficiales.<\/b><\/p>\n<p>No obstante en uno de los videos grabados por varios testigos en el lugar, muestra c\u00f3mo uno de los repartidores de <b>comida de la plataforma DiDi Food,<\/b> es sometido de <b>manera violenta por un grupo de oficiales<\/b> que incluso lo empujan contra un auto y despu\u00e9s lo tiran al suelo, para finalmente <b>someterlo y arrestarlo. <\/b><\/p>\n<p>Aunque testigos tratan de ayudar al<b> var\u00f3n de alrededor de 40 a\u00f1os de edad<\/b>, los uniformados tambi\u00e9n se tornaron agresivos contra los curiosos, a quienes les manotearon y exigieron retirarse del lugar, mientras <b>el repartidor de comida grita de dolor.<\/b><\/p>\n<blockquote class=\"twitter-tweet\" data-width=\"550\" data-dnt=\"true\">\n<p lang=\"es\" dir=\"ltr\">El hecho se registr\u00f3 cuando presuntamente la administraci\u00f3n de <a href=\"https:\/\/twitter.com\/hashtag\/Sonata?src=hash&amp;ref_src=twsrc%5Etfw\">#Sonata<\/a>, solicit\u00f3 retirar a repartidores de comida <a href=\"https:\/\/t.co\/mcd7JzYVDa\">https:\/\/t.co\/mcd7JzYVDa<\/a> <a href=\"https:\/\/t.co\/dioSABAGPc\">pic.twitter.com\/dioSABAGPc<\/a><\/p>\n<p>&mdash; El Sol de Puebla (@elsoldepuebla1) <a href=\"https:\/\/twitter.com\/elsoldepuebla1\/status\/1435965374302937088?ref_src=twsrc%5Etfw\">September 9, 2021<\/a><\/p><\/blockquote>\n<p><script async src=\"https:\/\/platform.twitter.com\/widgets.js\" charset=\"utf-8\"><\/script><\/p>\n","protected":false},"excerpt":{"rendered":"<p>Un acto de abuso policial por parte de elementos de la Secretar\u00eda de Seguridad P\u00fablica y Tr\u00e1nsito Municipal de San Andr\u00e9s Cholula, fue grabado y exhibido en redes sociales en las \u00faltimas horas; al respecto, la dependencia neg\u00f3 que se violentaran los derechos de los ciudadanos, en este caso, de repartidores de comida que se&#8230;<\/p>\n","protected":false},"author":15,"featured_media":15754,"comment_status":"open","ping_status":"open","sticky":false,"template":"","format":"standard","meta":[],"categories":[20],"tags":[49],"yoast_head":"<!-- This site is optimized with the Yoast SEO plugin v20.8 - https:\/\/yoast.com\/wordpress\/plugins\/seo\/ -->\n<title>Exhiben acto de abuso policial contra repartidores de comida en San Andr\u00e9s Cholula - The Puebla Times<\/title>\n<meta name=\"robots\" content=\"index, follow, max-snippet:-1, max-image-preview:large, max-video-preview:-1\" \/>\n<link rel=\"canonical\" href=\"https:\/\/thepueblatimes.mx\/index.php\/2021\/09\/10\/exhiben-acto-de-abuso-policial-contra-repartidores-de-comida-en-san-andres-cholula\/\" \/>\n<meta property=\"og:locale\" content=\"es_ES\" \/>\n<meta property=\"og:type\" content=\"article\" \/>\n<meta property=\"og:title\" content=\"Exhiben acto de abuso policial contra repartidores de comida en San Andr\u00e9s Cholula - The Puebla Times\" \/>\n<meta property=\"og:description\" content=\"Un acto de abuso policial por parte de elementos de la Secretar\u00eda de Seguridad P\u00fablica y Tr\u00e1nsito Municipal de San Andr\u00e9s Cholula, fue grabado y exhibido en redes sociales en las \u00faltimas horas; al respecto, la dependencia neg\u00f3 que se violentaran los derechos de los ciudadanos, en este caso, de repartidores de comida que se...\" \/>\n<meta property=\"og:url\" content=\"https:\/\/thepueblatimes.mx\/index.php\/2021\/09\/10\/exhiben-acto-de-abuso-policial-contra-repartidores-de-comida-en-san-andres-cholula\/\" \/>\n<meta property=\"og:site_name\" content=\"The Puebla Times\" \/>\n<meta property=\"article:published_time\" content=\"2021-09-10T06:18:44+00:00\" \/>\n<meta property=\"og:image\" content=\"https:\/\/thepueblatimes.mx\/wp-content\/uploads\/2021\/09\/C22984D9-C2E8-4330-9D1F-CC9312589EFA.png\" \/>\n\t<meta property=\"og:image:width\" content=\"400\" \/>\n\t<meta property=\"og:image:height\" content=\"250\" \/>\n\t<meta property=\"og:image:type\" content=\"image\/png\" \/>\n<meta name=\"author\" content=\"Francisco S\u00e1nchez Nolasco\" \/>\n<meta name=\"twitter:card\" content=\"summary_large_image\" \/>\n<meta name=\"twitter:label1\" content=\"Escrito por\" \/>\n\t<meta name=\"twitter:data1\" content=\"Francisco S\u00e1nchez Nolasco\" \/>\n\t<meta name=\"twitter:label2\" content=\"Tiempo de lectura\" \/>\n\t<meta name=\"twitter:data2\" content=\"1 minuto\" \/>\n<script type=\"application\/ld+json\" class=\"yoast-schema-graph\">{\"@context\":\"https:\/\/schema.org\",\"@graph\":[{\"@type\":\"WebPage\",\"@id\":\"https:\/\/thepueblatimes.mx\/index.php\/2021\/09\/10\/exhiben-acto-de-abuso-policial-contra-repartidores-de-comida-en-san-andres-cholula\/\",\"url\":\"https:\/\/thepueblatimes.mx\/index.php\/2021\/09\/10\/exhiben-acto-de-abuso-policial-contra-repartidores-de-comida-en-san-andres-cholula\/\",\"name\":\"Exhiben acto de abuso policial contra repartidores de comida en San Andr\u00e9s Cholula - The Puebla Times\",\"isPartOf\":{\"@id\":\"https:\/\/thepueblatimes.mx\/#website\"},\"datePublished\":\"2021-09-10T06:18:44+00:00\",\"dateModified\":\"2021-09-10T06:18:44+00:00\",\"author\":{\"@id\":\"https:\/\/thepueblatimes.mx\/#\/schema\/person\/7bdf2adbc50078b104bba72b5612f774\"},\"breadcrumb\":{\"@id\":\"https:\/\/thepueblatimes.mx\/index.php\/2021\/09\/10\/exhiben-acto-de-abuso-policial-contra-repartidores-de-comida-en-san-andres-cholula\/#breadcrumb\"},\"inLanguage\":\"es\",\"potentialAction\":[{\"@type\":\"ReadAction\",\"target\":[\"https:\/\/thepueblatimes.mx\/index.php\/2021\/09\/10\/exhiben-acto-de-abuso-policial-contra-repartidores-de-comida-en-san-andres-cholula\/\"]}]},{\"@type\":\"BreadcrumbList\",\"@id\":\"https:\/\/thepueblatimes.mx\/index.php\/2021\/09\/10\/exhiben-acto-de-abuso-policial-contra-repartidores-de-comida-en-san-andres-cholula\/#breadcrumb\",\"itemListElement\":[{\"@type\":\"ListItem\",\"position\":1,\"name\":\"Portada\",\"item\":\"https:\/\/thepueblatimes.mx\/\"},{\"@type\":\"ListItem\",\"position\":2,\"name\":\"Exhiben acto de abuso policial contra repartidores de comida en San Andr\u00e9s Cholula\"}]},{\"@type\":\"WebSite\",\"@id\":\"https:\/\/thepueblatimes.mx\/#website\",\"url\":\"https:\/\/thepueblatimes.mx\/\",\"name\":\"The Puebla Times\",\"description\":\"Noticias del Estado de Puebla\",\"potentialAction\":[{\"@type\":\"SearchAction\",\"target\":{\"@type\":\"EntryPoint\",\"urlTemplate\":\"https:\/\/thepueblatimes.mx\/?s={search_term_string}\"},\"query-input\":\"required name=search_term_string\"}],\"inLanguage\":\"es\"},{\"@type\":\"Person\",\"@id\":\"https:\/\/thepueblatimes.mx\/#\/schema\/person\/7bdf2adbc50078b104bba72b5612f774\",\"name\":\"Francisco S\u00e1nchez Nolasco\",\"image\":{\"@type\":\"ImageObject\",\"inLanguage\":\"es\",\"@id\":\"https:\/\/thepueblatimes.mx\/#\/schema\/person\/image\/\",\"url\":\"https:\/\/secure.gravatar.com\/avatar\/6061d7d20b38bc2742a5218401b198d2?s=96&d=mm&r=g\",\"contentUrl\":\"https:\/\/secure.gravatar.com\/avatar\/6061d7d20b38bc2742a5218401b198d2?s=96&d=mm&r=g\",\"caption\":\"Francisco S\u00e1nchez Nolasco\"},\"url\":\"https:\/\/thepueblatimes.mx\/index.php\/author\/marianitha-reyes\/\"}]}<\/script>\n<!-- \/ Yoast SEO plugin. -->","yoast_head_json":{"title":"Exhiben acto de abuso policial contra repartidores de comida en San Andr\u00e9s Cholula - The Puebla Times","robots":{"index":"index","follow":"follow","max-snippet":"max-snippet:-1","max-image-preview":"max-image-preview:large","max-video-preview":"max-video-preview:-1"},"canonical":"https:\/\/thepueblatimes.mx\/index.php\/2021\/09\/10\/exhiben-acto-de-abuso-policial-contra-repartidores-de-comida-en-san-andres-cholula\/","og_locale":"es_ES","og_type":"article","og_title":"Exhiben acto de abuso policial contra repartidores de comida en San Andr\u00e9s Cholula - The Puebla Times","og_description":"Un acto de abuso policial por parte de elementos de la Secretar\u00eda de Seguridad P\u00fablica y Tr\u00e1nsito Municipal de San Andr\u00e9s Cholula, fue grabado y exhibido en redes sociales en las \u00faltimas horas; al respecto, la dependencia neg\u00f3 que se violentaran los derechos de los ciudadanos, en este caso, de repartidores de comida que se...","og_url":"https:\/\/thepueblatimes.mx\/index.php\/2021\/09\/10\/exhiben-acto-de-abuso-policial-contra-repartidores-de-comida-en-san-andres-cholula\/","og_site_name":"The Puebla Times","article_published_time":"2021-09-10T06:18:44+00:00","og_image":[{"width":400,"height":250,"url":"https:\/\/thepueblatimes.mx\/wp-content\/uploads\/2021\/09\/C22984D9-C2E8-4330-9D1F-CC9312589EFA.png","type":"image\/png"}],"author":"Francisco S\u00e1nchez Nolasco","twitter_card":"summary_large_image","twitter_misc":{"Escrito por":"Francisco S\u00e1nchez Nolasco","Tiempo de lectura":"1 minuto"},"schema":{"@context":"https:\/\/schema.org","@graph":[{"@type":"WebPage","@id":"https:\/\/thepueblatimes.mx\/index.php\/2021\/09\/10\/exhiben-acto-de-abuso-policial-contra-repartidores-de-comida-en-san-andres-cholula\/","url":"https:\/\/thepueblatimes.mx\/index.php\/2021\/09\/10\/exhiben-acto-de-abuso-policial-contra-repartidores-de-comida-en-san-andres-cholula\/","name":"Exhiben acto de abuso policial contra repartidores de comida en San Andr\u00e9s Cholula - The Puebla Times","isPartOf":{"@id":"https:\/\/thepueblatimes.mx\/#website"},"datePublished":"2021-09-10T06:18:44+00:00","dateModified":"2021-09-10T06:18:44+00:00","author":{"@id":"https:\/\/thepueblatimes.mx\/#\/schema\/person\/7bdf2adbc50078b104bba72b5612f774"},"breadcrumb":{"@id":"https:\/\/thepueblatimes.mx\/index.php\/2021\/09\/10\/exhiben-acto-de-abuso-policial-contra-repartidores-de-comida-en-san-andres-cholula\/#breadcrumb"},"inLanguage":"es","potentialAction":[{"@type":"ReadAction","target":["https:\/\/thepueblatimes.mx\/index.php\/2021\/09\/10\/exhiben-acto-de-abuso-policial-contra-repartidores-de-comida-en-san-andres-cholula\/"]}]},{"@type":"BreadcrumbList","@id":"https:\/\/thepueblatimes.mx\/index.php\/2021\/09\/10\/exhiben-acto-de-abuso-policial-contra-repartidores-de-comida-en-san-andres-cholula\/#breadcrumb","itemListElement":[{"@type":"ListItem","position":1,"name":"Portada","item":"https:\/\/thepueblatimes.mx\/"},{"@type":"ListItem","position":2,"name":"Exhiben acto de abuso policial contra repartidores de comida en San Andr\u00e9s Cholula"}]},{"@type":"WebSite","@id":"https:\/\/thepueblatimes.mx\/#website","url":"https:\/\/thepueblatimes.mx\/","name":"The Puebla Times","description":"Noticias del Estado de Puebla","potentialAction":[{"@type":"SearchAction","target":{"@type":"EntryPoint","urlTemplate":"https:\/\/thepueblatimes.mx\/?s={search_term_string}"},"query-input":"required name=search_term_string"}],"inLanguage":"es"},{"@type":"Person","@id":"https:\/\/thepueblatimes.mx\/#\/schema\/person\/7bdf2adbc50078b104bba72b5612f774","name":"Francisco S\u00e1nchez Nolasco","image":{"@type":"ImageObject","inLanguage":"es","@id":"https:\/\/thepueblatimes.mx\/#\/schema\/person\/image\/","url":"https:\/\/secure.gravatar.com\/avatar\/6061d7d20b38bc2742a5218401b198d2?s=96&d=mm&r=g","contentUrl":"https:\/\/secure.gravatar.com\/avatar\/6061d7d20b38bc2742a5218401b198d2?s=96&d=mm&r=g","caption":"Francisco S\u00e1nchez Nolasco"},"url":"https:\/\/thepueblatimes.mx\/index.php\/author\/marianitha-reyes\/"}]}},"jetpack_featured_media_url":"https:\/\/thepueblatimes.mx\/wp-content\/uploads\/2021\/09\/C22984D9-C2E8-4330-9D1F-CC9312589EFA.png","_links":{"self":[{"href":"https:\/\/thepueblatimes.mx\/index.php\/wp-json\/wp\/v2\/posts\/15752"}],"collection":[{"href":"https:\/\/thepueblatimes.mx\/index.php\/wp-json\/wp\/v2\/posts"}],"about":[{"href":"https:\/\/thepueblatimes.mx\/index.php\/wp-json\/wp\/v2\/types\/post"}],"author":[{"embeddable":true,"href":"https:\/\/thepueblatimes.mx\/index.php\/wp-json\/wp\/v2\/users\/15"}],"replies":[{"embeddable":true,"href":"https:\/\/thepueblatimes.mx\/index.php\/wp-json\/wp\/v2\/comments?post=15752"}],"version-history":[{"count":1,"href":"https:\/\/thepueblatimes.mx\/index.php\/wp-json\/wp\/v2\/posts\/15752\/revisions"}],"predecessor-version":[{"id":15755,"href":"https:\/\/thepueblatimes.mx\/index.php\/wp-json\/wp\/v2\/posts\/15752\/revisions\/15755"}],"wp:featuredmedia":[{"embeddable":true,"href":"https:\/\/thepueblatimes.mx\/index.php\/wp-json\/wp\/v2\/media\/15754"}],"wp:attachment":[{"href":"https:\/\/thepueblatimes.mx\/index.php\/wp-json\/wp\/v2\/media?parent=15752"}],"wp:term":[{"taxonomy":"category","embeddable":true,"href":"https:\/\/thepueblatimes.mx\/index.php\/wp-json\/wp\/v2\/categories?post=15752"},{"taxonomy":"post_tag","embeddable":true,"href":"https:\/\/thepueblatimes.mx\/index.php\/wp-json\/wp\/v2\/tags?post=15752"}],"curies":[{"name":"wp","href":"https:\/\/api.w.org\/{rel}","templated":true}]}}