{"id":15749,"date":"2021-09-10T01:14:37","date_gmt":"2021-09-10T06:14:37","guid":{"rendered":"https:\/\/thepueblatimes.mx\/?p=15749"},"modified":"2021-09-10T01:14:37","modified_gmt":"2021-09-10T06:14:37","slug":"abandonan-a-dos-hombres-en-cerro-el-zapotlan-uno-de-ellos-fallecio","status":"publish","type":"post","link":"https:\/\/thepueblatimes.mx\/index.php\/2021\/09\/10\/abandonan-a-dos-hombres-en-cerro-el-zapotlan-uno-de-ellos-fallecio\/","title":{"rendered":"Abandonan a dos hombres en cerro El Zapotl\u00e1n, uno de ellos falleci\u00f3"},"content":{"rendered":"<p>Tras un supuesto levant\u00f3n, dos hombres fueron abandonados mal heridos en las inmediaciones del cerro El Zapotl\u00e1n; sin embargo antes de la llegada de los cuerpos de emergencia uno de los hombres ya hab\u00eda muerto.<\/p>\n<p>Fue durante la ma\u00f1ana de este jueves, cuando una llamada an\u00f3nima alert\u00f3 a las autoridades locales sobre la presencia de dos hombres mal heridos a la altura del Rancho Guadalupe, en seguida arribaron elementos polic\u00edacos.<\/p>\n<p>Param\u00e9dicos del Sistema de Urgencias M\u00e9dicas Avanzadas (SUMA) fueron quienes tambi\u00e9n sucedieron al llamado a brindar los primeros auxilios, encontrando a dos hombres lesionados con arma de fuego.<\/p>\n<p>Se trat\u00f3 de dos varones de edad entre 25 a 30 a\u00f1os, revisando ambas personas. Sin embargo, el m\u00e1s joven carec\u00eda de signos vitales, mientras, el segundo ingreso al \u00e1rea de urgencias de un nosocomio de la zona.<\/p>\n<div id=\"standard_8\" class=\"st-placement standard_8 inArticle\">\n<div class=\"st-adunit st-reset st-show\"><\/div>\n<\/div>\n<p>Enseguida la zona fue acordonada por agentes de la Guardia Nacional, m\u00e1s tarde agentes de la Fiscal\u00eda General del Estado (FGE) realiz\u00f3 el levantamiento del cad\u00e1ver, mismo que ingres\u00f3 en calidad de desconocido al anfiteatro municipal de Tecamachalco.<\/p>\n<p>Trascendi\u00f3 que horas antes del hallazgo, ambos hombres hab\u00edan sido levantados por sujetos desconocidos en un restaurante conocido como \u201dCachimba\u201d, en la junta auxiliar de la Concordia en el municipio de Los Reyes de Ju\u00e1rez.<\/p>\n<p>En tanto la autoridad ya inici\u00f3 una carpeta de investigaci\u00f3n para esclarecer el m\u00f3vil del crimen, en cuanto tomen la declaraci\u00f3n del sobreviviente.<\/p>\n<article class=\"ece_incoming\nmedia col-md-4 inline-story \"><\/p>\n<div class=\"teaser \"><\/div>\n<\/article>\n","protected":false},"excerpt":{"rendered":"<p>Tras un supuesto levant\u00f3n, dos hombres fueron abandonados mal heridos en las inmediaciones del cerro El Zapotl\u00e1n; sin embargo antes de la llegada de los cuerpos de emergencia uno de los hombres ya hab\u00eda muerto. Fue durante la ma\u00f1ana de este jueves, cuando una llamada an\u00f3nima alert\u00f3 a las autoridades locales sobre la presencia de&#8230;<\/p>\n","protected":false},"author":15,"featured_media":15750,"comment_status":"open","ping_status":"open","sticky":false,"template":"","format":"standard","meta":[],"categories":[20],"tags":[49],"yoast_head":"<!-- This site is optimized with the Yoast SEO plugin v20.8 - https:\/\/yoast.com\/wordpress\/plugins\/seo\/ -->\n<title>Abandonan a dos hombres en cerro El Zapotl\u00e1n, uno de ellos falleci\u00f3 - The Puebla Times<\/title>\n<meta name=\"robots\" content=\"index, follow, max-snippet:-1, max-image-preview:large, max-video-preview:-1\" \/>\n<link rel=\"canonical\" href=\"https:\/\/thepueblatimes.mx\/index.php\/2021\/09\/10\/abandonan-a-dos-hombres-en-cerro-el-zapotlan-uno-de-ellos-fallecio\/\" \/>\n<meta property=\"og:locale\" content=\"es_ES\" \/>\n<meta property=\"og:type\" content=\"article\" \/>\n<meta property=\"og:title\" content=\"Abandonan a dos hombres en cerro El Zapotl\u00e1n, uno de ellos falleci\u00f3 - The Puebla Times\" \/>\n<meta property=\"og:description\" content=\"Tras un supuesto levant\u00f3n, dos hombres fueron abandonados mal heridos en las inmediaciones del cerro El Zapotl\u00e1n; sin embargo antes de la llegada de los cuerpos de emergencia uno de los hombres ya hab\u00eda muerto. Fue durante la ma\u00f1ana de este jueves, cuando una llamada an\u00f3nima alert\u00f3 a las autoridades locales sobre la presencia de...\" \/>\n<meta property=\"og:url\" content=\"https:\/\/thepueblatimes.mx\/index.php\/2021\/09\/10\/abandonan-a-dos-hombres-en-cerro-el-zapotlan-uno-de-ellos-fallecio\/\" \/>\n<meta property=\"og:site_name\" content=\"The Puebla Times\" \/>\n<meta property=\"article:published_time\" content=\"2021-09-10T06:14:37+00:00\" \/>\n<meta property=\"og:image\" content=\"https:\/\/thepueblatimes.mx\/wp-content\/uploads\/2021\/09\/41C327CD-FA55-4F4D-8D01-5C35E74C7A31.jpeg\" \/>\n\t<meta property=\"og:image:width\" content=\"400\" \/>\n\t<meta property=\"og:image:height\" content=\"250\" \/>\n\t<meta property=\"og:image:type\" content=\"image\/jpeg\" \/>\n<meta name=\"author\" content=\"Francisco S\u00e1nchez Nolasco\" \/>\n<meta name=\"twitter:card\" content=\"summary_large_image\" \/>\n<meta name=\"twitter:label1\" content=\"Escrito por\" \/>\n\t<meta name=\"twitter:data1\" content=\"Francisco S\u00e1nchez Nolasco\" \/>\n\t<meta name=\"twitter:label2\" content=\"Tiempo de lectura\" \/>\n\t<meta name=\"twitter:data2\" content=\"1 minuto\" \/>\n<script type=\"application\/ld+json\" class=\"yoast-schema-graph\">{\"@context\":\"https:\/\/schema.org\",\"@graph\":[{\"@type\":\"WebPage\",\"@id\":\"https:\/\/thepueblatimes.mx\/index.php\/2021\/09\/10\/abandonan-a-dos-hombres-en-cerro-el-zapotlan-uno-de-ellos-fallecio\/\",\"url\":\"https:\/\/thepueblatimes.mx\/index.php\/2021\/09\/10\/abandonan-a-dos-hombres-en-cerro-el-zapotlan-uno-de-ellos-fallecio\/\",\"name\":\"Abandonan a dos hombres en cerro El Zapotl\u00e1n, uno de ellos falleci\u00f3 - The Puebla Times\",\"isPartOf\":{\"@id\":\"https:\/\/thepueblatimes.mx\/#website\"},\"datePublished\":\"2021-09-10T06:14:37+00:00\",\"dateModified\":\"2021-09-10T06:14:37+00:00\",\"author\":{\"@id\":\"https:\/\/thepueblatimes.mx\/#\/schema\/person\/7bdf2adbc50078b104bba72b5612f774\"},\"breadcrumb\":{\"@id\":\"https:\/\/thepueblatimes.mx\/index.php\/2021\/09\/10\/abandonan-a-dos-hombres-en-cerro-el-zapotlan-uno-de-ellos-fallecio\/#breadcrumb\"},\"inLanguage\":\"es\",\"potentialAction\":[{\"@type\":\"ReadAction\",\"target\":[\"https:\/\/thepueblatimes.mx\/index.php\/2021\/09\/10\/abandonan-a-dos-hombres-en-cerro-el-zapotlan-uno-de-ellos-fallecio\/\"]}]},{\"@type\":\"BreadcrumbList\",\"@id\":\"https:\/\/thepueblatimes.mx\/index.php\/2021\/09\/10\/abandonan-a-dos-hombres-en-cerro-el-zapotlan-uno-de-ellos-fallecio\/#breadcrumb\",\"itemListElement\":[{\"@type\":\"ListItem\",\"position\":1,\"name\":\"Portada\",\"item\":\"https:\/\/thepueblatimes.mx\/\"},{\"@type\":\"ListItem\",\"position\":2,\"name\":\"Abandonan a dos hombres en cerro El Zapotl\u00e1n, uno de ellos falleci\u00f3\"}]},{\"@type\":\"WebSite\",\"@id\":\"https:\/\/thepueblatimes.mx\/#website\",\"url\":\"https:\/\/thepueblatimes.mx\/\",\"name\":\"The Puebla Times\",\"description\":\"Noticias del Estado de Puebla\",\"potentialAction\":[{\"@type\":\"SearchAction\",\"target\":{\"@type\":\"EntryPoint\",\"urlTemplate\":\"https:\/\/thepueblatimes.mx\/?s={search_term_string}\"},\"query-input\":\"required name=search_term_string\"}],\"inLanguage\":\"es\"},{\"@type\":\"Person\",\"@id\":\"https:\/\/thepueblatimes.mx\/#\/schema\/person\/7bdf2adbc50078b104bba72b5612f774\",\"name\":\"Francisco S\u00e1nchez Nolasco\",\"image\":{\"@type\":\"ImageObject\",\"inLanguage\":\"es\",\"@id\":\"https:\/\/thepueblatimes.mx\/#\/schema\/person\/image\/\",\"url\":\"https:\/\/secure.gravatar.com\/avatar\/6061d7d20b38bc2742a5218401b198d2?s=96&d=mm&r=g\",\"contentUrl\":\"https:\/\/secure.gravatar.com\/avatar\/6061d7d20b38bc2742a5218401b198d2?s=96&d=mm&r=g\",\"caption\":\"Francisco S\u00e1nchez Nolasco\"},\"url\":\"https:\/\/thepueblatimes.mx\/index.php\/author\/marianitha-reyes\/\"}]}<\/script>\n<!-- \/ Yoast SEO plugin. -->","yoast_head_json":{"title":"Abandonan a dos hombres en cerro El Zapotl\u00e1n, uno de ellos falleci\u00f3 - The Puebla Times","robots":{"index":"index","follow":"follow","max-snippet":"max-snippet:-1","max-image-preview":"max-image-preview:large","max-video-preview":"max-video-preview:-1"},"canonical":"https:\/\/thepueblatimes.mx\/index.php\/2021\/09\/10\/abandonan-a-dos-hombres-en-cerro-el-zapotlan-uno-de-ellos-fallecio\/","og_locale":"es_ES","og_type":"article","og_title":"Abandonan a dos hombres en cerro El Zapotl\u00e1n, uno de ellos falleci\u00f3 - The Puebla Times","og_description":"Tras un supuesto levant\u00f3n, dos hombres fueron abandonados mal heridos en las inmediaciones del cerro El Zapotl\u00e1n; sin embargo antes de la llegada de los cuerpos de emergencia uno de los hombres ya hab\u00eda muerto. Fue durante la ma\u00f1ana de este jueves, cuando una llamada an\u00f3nima alert\u00f3 a las autoridades locales sobre la presencia de...","og_url":"https:\/\/thepueblatimes.mx\/index.php\/2021\/09\/10\/abandonan-a-dos-hombres-en-cerro-el-zapotlan-uno-de-ellos-fallecio\/","og_site_name":"The Puebla Times","article_published_time":"2021-09-10T06:14:37+00:00","og_image":[{"width":400,"height":250,"url":"https:\/\/thepueblatimes.mx\/wp-content\/uploads\/2021\/09\/41C327CD-FA55-4F4D-8D01-5C35E74C7A31.jpeg","type":"image\/jpeg"}],"author":"Francisco S\u00e1nchez Nolasco","twitter_card":"summary_large_image","twitter_misc":{"Escrito por":"Francisco S\u00e1nchez Nolasco","Tiempo de lectura":"1 minuto"},"schema":{"@context":"https:\/\/schema.org","@graph":[{"@type":"WebPage","@id":"https:\/\/thepueblatimes.mx\/index.php\/2021\/09\/10\/abandonan-a-dos-hombres-en-cerro-el-zapotlan-uno-de-ellos-fallecio\/","url":"https:\/\/thepueblatimes.mx\/index.php\/2021\/09\/10\/abandonan-a-dos-hombres-en-cerro-el-zapotlan-uno-de-ellos-fallecio\/","name":"Abandonan a dos hombres en cerro El Zapotl\u00e1n, uno de ellos falleci\u00f3 - The Puebla Times","isPartOf":{"@id":"https:\/\/thepueblatimes.mx\/#website"},"datePublished":"2021-09-10T06:14:37+00:00","dateModified":"2021-09-10T06:14:37+00:00","author":{"@id":"https:\/\/thepueblatimes.mx\/#\/schema\/person\/7bdf2adbc50078b104bba72b5612f774"},"breadcrumb":{"@id":"https:\/\/thepueblatimes.mx\/index.php\/2021\/09\/10\/abandonan-a-dos-hombres-en-cerro-el-zapotlan-uno-de-ellos-fallecio\/#breadcrumb"},"inLanguage":"es","potentialAction":[{"@type":"ReadAction","target":["https:\/\/thepueblatimes.mx\/index.php\/2021\/09\/10\/abandonan-a-dos-hombres-en-cerro-el-zapotlan-uno-de-ellos-fallecio\/"]}]},{"@type":"BreadcrumbList","@id":"https:\/\/thepueblatimes.mx\/index.php\/2021\/09\/10\/abandonan-a-dos-hombres-en-cerro-el-zapotlan-uno-de-ellos-fallecio\/#breadcrumb","itemListElement":[{"@type":"ListItem","position":1,"name":"Portada","item":"https:\/\/thepueblatimes.mx\/"},{"@type":"ListItem","position":2,"name":"Abandonan a dos hombres en cerro El Zapotl\u00e1n, uno de ellos falleci\u00f3"}]},{"@type":"WebSite","@id":"https:\/\/thepueblatimes.mx\/#website","url":"https:\/\/thepueblatimes.mx\/","name":"The Puebla Times","description":"Noticias del Estado de Puebla","potentialAction":[{"@type":"SearchAction","target":{"@type":"EntryPoint","urlTemplate":"https:\/\/thepueblatimes.mx\/?s={search_term_string}"},"query-input":"required name=search_term_string"}],"inLanguage":"es"},{"@type":"Person","@id":"https:\/\/thepueblatimes.mx\/#\/schema\/person\/7bdf2adbc50078b104bba72b5612f774","name":"Francisco S\u00e1nchez Nolasco","image":{"@type":"ImageObject","inLanguage":"es","@id":"https:\/\/thepueblatimes.mx\/#\/schema\/person\/image\/","url":"https:\/\/secure.gravatar.com\/avatar\/6061d7d20b38bc2742a5218401b198d2?s=96&d=mm&r=g","contentUrl":"https:\/\/secure.gravatar.com\/avatar\/6061d7d20b38bc2742a5218401b198d2?s=96&d=mm&r=g","caption":"Francisco S\u00e1nchez Nolasco"},"url":"https:\/\/thepueblatimes.mx\/index.php\/author\/marianitha-reyes\/"}]}},"jetpack_featured_media_url":"https:\/\/thepueblatimes.mx\/wp-content\/uploads\/2021\/09\/41C327CD-FA55-4F4D-8D01-5C35E74C7A31.jpeg","_links":{"self":[{"href":"https:\/\/thepueblatimes.mx\/index.php\/wp-json\/wp\/v2\/posts\/15749"}],"collection":[{"href":"https:\/\/thepueblatimes.mx\/index.php\/wp-json\/wp\/v2\/posts"}],"about":[{"href":"https:\/\/thepueblatimes.mx\/index.php\/wp-json\/wp\/v2\/types\/post"}],"author":[{"embeddable":true,"href":"https:\/\/thepueblatimes.mx\/index.php\/wp-json\/wp\/v2\/users\/15"}],"replies":[{"embeddable":true,"href":"https:\/\/thepueblatimes.mx\/index.php\/wp-json\/wp\/v2\/comments?post=15749"}],"version-history":[{"count":1,"href":"https:\/\/thepueblatimes.mx\/index.php\/wp-json\/wp\/v2\/posts\/15749\/revisions"}],"predecessor-version":[{"id":15751,"href":"https:\/\/thepueblatimes.mx\/index.php\/wp-json\/wp\/v2\/posts\/15749\/revisions\/15751"}],"wp:featuredmedia":[{"embeddable":true,"href":"https:\/\/thepueblatimes.mx\/index.php\/wp-json\/wp\/v2\/media\/15750"}],"wp:attachment":[{"href":"https:\/\/thepueblatimes.mx\/index.php\/wp-json\/wp\/v2\/media?parent=15749"}],"wp:term":[{"taxonomy":"category","embeddable":true,"href":"https:\/\/thepueblatimes.mx\/index.php\/wp-json\/wp\/v2\/categories?post=15749"},{"taxonomy":"post_tag","embeddable":true,"href":"https:\/\/thepueblatimes.mx\/index.php\/wp-json\/wp\/v2\/tags?post=15749"}],"curies":[{"name":"wp","href":"https:\/\/api.w.org\/{rel}","templated":true}]}}