{"id":15743,"date":"2021-09-10T01:08:26","date_gmt":"2021-09-10T06:08:26","guid":{"rendered":"https:\/\/thepueblatimes.mx\/?p=15743"},"modified":"2021-09-10T01:08:26","modified_gmt":"2021-09-10T06:08:26","slug":"hallan-ropa-que-corresponderia-a-cadaver-localizado-en-chiautzingo","status":"publish","type":"post","link":"https:\/\/thepueblatimes.mx\/index.php\/2021\/09\/10\/hallan-ropa-que-corresponderia-a-cadaver-localizado-en-chiautzingo\/","title":{"rendered":"Hallan ropa que corresponder\u00eda a cad\u00e1ver localizado en Chiautzingo"},"content":{"rendered":"<p>Hallan ropa que corresponder\u00eda a cad\u00e1ver localizado en Chiautzingo<\/p>\n<p>En el Barrio San Esteban de la cabecera municipal de <b>San Lorenzo Chiautzingo<\/b>, d\u00f3nde hace unos d\u00edas atr\u00e1s se encontr\u00f3 una osamenta, en esta ocasi\u00f3n se encontr\u00f3 ropa por lo que podr\u00edan ser del mismo cuerpo.<\/p>\n<p>Elementos de Seguridad P\u00fablica de San Lorenzo Chiautzingo, acudieron al lugar en donde les fue reportada por segunda ocasi\u00f3n la presencia de <b>restos humanos<\/b> entre los terrenos de cultivo, por lo que al confirmarse el hallazgo inmediatamente se acordon\u00f3 la zona.<\/p>\n<p>As\u00ed mismo, se solicit\u00f3 el apoyo del personal de la Fiscal\u00eda General del Estado para que acudiera al Barrio de San Esteban, ya que unos perros estaban comiendo lo que parec\u00edan restos humanos. Tras una inspecci\u00f3n en la zona se localiz\u00f3 ropa de la que se presume podr\u00eda pertenecer al cuerpo hallado.<\/p>\n<p>Es as\u00ed como <b>arribaron peritos<\/b> de la Fiscal\u00eda General y del SEMEFO para realizar el levantamiento de los restos humanos que podr\u00edan estar relacionados a la osamenta localizada en el mismo barrio hace unos d\u00edas atr\u00e1s, tal como lo inform\u00f3 El Sol de Puebla.<\/p>\n<div id=\"standard_8\" class=\"st-placement standard_8 inArticle\">\n<article class=\"policiaca\nmedia col-md-4 inline-story \"><\/p>\n<div class=\"teaser \"><\/div>\n<\/article>\n<\/div>\n","protected":false},"excerpt":{"rendered":"<p>Hallan ropa que corresponder\u00eda a cad\u00e1ver localizado en Chiautzingo En el Barrio San Esteban de la cabecera municipal de San Lorenzo Chiautzingo, d\u00f3nde hace unos d\u00edas atr\u00e1s se encontr\u00f3 una osamenta, en esta ocasi\u00f3n se encontr\u00f3 ropa por lo que podr\u00edan ser del mismo cuerpo. Elementos de Seguridad P\u00fablica de San Lorenzo Chiautzingo, acudieron al&#8230;<\/p>\n","protected":false},"author":15,"featured_media":15744,"comment_status":"open","ping_status":"open","sticky":false,"template":"","format":"standard","meta":[],"categories":[20],"tags":[49],"yoast_head":"<!-- This site is optimized with the Yoast SEO plugin v20.8 - https:\/\/yoast.com\/wordpress\/plugins\/seo\/ -->\n<title>Hallan ropa que corresponder\u00eda a cad\u00e1ver localizado en Chiautzingo - The Puebla Times<\/title>\n<meta name=\"robots\" content=\"index, follow, max-snippet:-1, max-image-preview:large, max-video-preview:-1\" \/>\n<link rel=\"canonical\" href=\"https:\/\/thepueblatimes.mx\/index.php\/2021\/09\/10\/hallan-ropa-que-corresponderia-a-cadaver-localizado-en-chiautzingo\/\" \/>\n<meta property=\"og:locale\" content=\"es_ES\" \/>\n<meta property=\"og:type\" content=\"article\" \/>\n<meta property=\"og:title\" content=\"Hallan ropa que corresponder\u00eda a cad\u00e1ver localizado en Chiautzingo - The Puebla Times\" \/>\n<meta property=\"og:description\" content=\"Hallan ropa que corresponder\u00eda a cad\u00e1ver localizado en Chiautzingo En el Barrio San Esteban de la cabecera municipal de San Lorenzo Chiautzingo, d\u00f3nde hace unos d\u00edas atr\u00e1s se encontr\u00f3 una osamenta, en esta ocasi\u00f3n se encontr\u00f3 ropa por lo que podr\u00edan ser del mismo cuerpo. Elementos de Seguridad P\u00fablica de San Lorenzo Chiautzingo, acudieron al...\" \/>\n<meta property=\"og:url\" content=\"https:\/\/thepueblatimes.mx\/index.php\/2021\/09\/10\/hallan-ropa-que-corresponderia-a-cadaver-localizado-en-chiautzingo\/\" \/>\n<meta property=\"og:site_name\" content=\"The Puebla Times\" \/>\n<meta property=\"article:published_time\" content=\"2021-09-10T06:08:26+00:00\" \/>\n<meta property=\"og:image\" content=\"https:\/\/thepueblatimes.mx\/wp-content\/uploads\/2021\/09\/A0148385-A933-406B-963E-15A90E715EFC.jpeg\" \/>\n\t<meta property=\"og:image:width\" content=\"706\" \/>\n\t<meta property=\"og:image:height\" content=\"434\" \/>\n\t<meta property=\"og:image:type\" content=\"image\/jpeg\" \/>\n<meta name=\"author\" content=\"Francisco S\u00e1nchez Nolasco\" \/>\n<meta name=\"twitter:card\" content=\"summary_large_image\" \/>\n<meta name=\"twitter:label1\" content=\"Escrito por\" \/>\n\t<meta name=\"twitter:data1\" content=\"Francisco S\u00e1nchez Nolasco\" \/>\n\t<meta name=\"twitter:label2\" content=\"Tiempo de lectura\" \/>\n\t<meta name=\"twitter:data2\" content=\"1 minuto\" \/>\n<script type=\"application\/ld+json\" class=\"yoast-schema-graph\">{\"@context\":\"https:\/\/schema.org\",\"@graph\":[{\"@type\":\"WebPage\",\"@id\":\"https:\/\/thepueblatimes.mx\/index.php\/2021\/09\/10\/hallan-ropa-que-corresponderia-a-cadaver-localizado-en-chiautzingo\/\",\"url\":\"https:\/\/thepueblatimes.mx\/index.php\/2021\/09\/10\/hallan-ropa-que-corresponderia-a-cadaver-localizado-en-chiautzingo\/\",\"name\":\"Hallan ropa que corresponder\u00eda a cad\u00e1ver localizado en Chiautzingo - The Puebla Times\",\"isPartOf\":{\"@id\":\"https:\/\/thepueblatimes.mx\/#website\"},\"datePublished\":\"2021-09-10T06:08:26+00:00\",\"dateModified\":\"2021-09-10T06:08:26+00:00\",\"author\":{\"@id\":\"https:\/\/thepueblatimes.mx\/#\/schema\/person\/7bdf2adbc50078b104bba72b5612f774\"},\"breadcrumb\":{\"@id\":\"https:\/\/thepueblatimes.mx\/index.php\/2021\/09\/10\/hallan-ropa-que-corresponderia-a-cadaver-localizado-en-chiautzingo\/#breadcrumb\"},\"inLanguage\":\"es\",\"potentialAction\":[{\"@type\":\"ReadAction\",\"target\":[\"https:\/\/thepueblatimes.mx\/index.php\/2021\/09\/10\/hallan-ropa-que-corresponderia-a-cadaver-localizado-en-chiautzingo\/\"]}]},{\"@type\":\"BreadcrumbList\",\"@id\":\"https:\/\/thepueblatimes.mx\/index.php\/2021\/09\/10\/hallan-ropa-que-corresponderia-a-cadaver-localizado-en-chiautzingo\/#breadcrumb\",\"itemListElement\":[{\"@type\":\"ListItem\",\"position\":1,\"name\":\"Portada\",\"item\":\"https:\/\/thepueblatimes.mx\/\"},{\"@type\":\"ListItem\",\"position\":2,\"name\":\"Hallan ropa que corresponder\u00eda a cad\u00e1ver localizado en Chiautzingo\"}]},{\"@type\":\"WebSite\",\"@id\":\"https:\/\/thepueblatimes.mx\/#website\",\"url\":\"https:\/\/thepueblatimes.mx\/\",\"name\":\"The Puebla Times\",\"description\":\"Noticias del Estado de Puebla\",\"potentialAction\":[{\"@type\":\"SearchAction\",\"target\":{\"@type\":\"EntryPoint\",\"urlTemplate\":\"https:\/\/thepueblatimes.mx\/?s={search_term_string}\"},\"query-input\":\"required name=search_term_string\"}],\"inLanguage\":\"es\"},{\"@type\":\"Person\",\"@id\":\"https:\/\/thepueblatimes.mx\/#\/schema\/person\/7bdf2adbc50078b104bba72b5612f774\",\"name\":\"Francisco S\u00e1nchez Nolasco\",\"image\":{\"@type\":\"ImageObject\",\"inLanguage\":\"es\",\"@id\":\"https:\/\/thepueblatimes.mx\/#\/schema\/person\/image\/\",\"url\":\"https:\/\/secure.gravatar.com\/avatar\/6061d7d20b38bc2742a5218401b198d2?s=96&d=mm&r=g\",\"contentUrl\":\"https:\/\/secure.gravatar.com\/avatar\/6061d7d20b38bc2742a5218401b198d2?s=96&d=mm&r=g\",\"caption\":\"Francisco S\u00e1nchez Nolasco\"},\"url\":\"https:\/\/thepueblatimes.mx\/index.php\/author\/marianitha-reyes\/\"}]}<\/script>\n<!-- \/ Yoast SEO plugin. -->","yoast_head_json":{"title":"Hallan ropa que corresponder\u00eda a cad\u00e1ver localizado en Chiautzingo - The Puebla Times","robots":{"index":"index","follow":"follow","max-snippet":"max-snippet:-1","max-image-preview":"max-image-preview:large","max-video-preview":"max-video-preview:-1"},"canonical":"https:\/\/thepueblatimes.mx\/index.php\/2021\/09\/10\/hallan-ropa-que-corresponderia-a-cadaver-localizado-en-chiautzingo\/","og_locale":"es_ES","og_type":"article","og_title":"Hallan ropa que corresponder\u00eda a cad\u00e1ver localizado en Chiautzingo - The Puebla Times","og_description":"Hallan ropa que corresponder\u00eda a cad\u00e1ver localizado en Chiautzingo En el Barrio San Esteban de la cabecera municipal de San Lorenzo Chiautzingo, d\u00f3nde hace unos d\u00edas atr\u00e1s se encontr\u00f3 una osamenta, en esta ocasi\u00f3n se encontr\u00f3 ropa por lo que podr\u00edan ser del mismo cuerpo. Elementos de Seguridad P\u00fablica de San Lorenzo Chiautzingo, acudieron al...","og_url":"https:\/\/thepueblatimes.mx\/index.php\/2021\/09\/10\/hallan-ropa-que-corresponderia-a-cadaver-localizado-en-chiautzingo\/","og_site_name":"The Puebla Times","article_published_time":"2021-09-10T06:08:26+00:00","og_image":[{"width":706,"height":434,"url":"https:\/\/thepueblatimes.mx\/wp-content\/uploads\/2021\/09\/A0148385-A933-406B-963E-15A90E715EFC.jpeg","type":"image\/jpeg"}],"author":"Francisco S\u00e1nchez Nolasco","twitter_card":"summary_large_image","twitter_misc":{"Escrito por":"Francisco S\u00e1nchez Nolasco","Tiempo de lectura":"1 minuto"},"schema":{"@context":"https:\/\/schema.org","@graph":[{"@type":"WebPage","@id":"https:\/\/thepueblatimes.mx\/index.php\/2021\/09\/10\/hallan-ropa-que-corresponderia-a-cadaver-localizado-en-chiautzingo\/","url":"https:\/\/thepueblatimes.mx\/index.php\/2021\/09\/10\/hallan-ropa-que-corresponderia-a-cadaver-localizado-en-chiautzingo\/","name":"Hallan ropa que corresponder\u00eda a cad\u00e1ver localizado en Chiautzingo - The Puebla Times","isPartOf":{"@id":"https:\/\/thepueblatimes.mx\/#website"},"datePublished":"2021-09-10T06:08:26+00:00","dateModified":"2021-09-10T06:08:26+00:00","author":{"@id":"https:\/\/thepueblatimes.mx\/#\/schema\/person\/7bdf2adbc50078b104bba72b5612f774"},"breadcrumb":{"@id":"https:\/\/thepueblatimes.mx\/index.php\/2021\/09\/10\/hallan-ropa-que-corresponderia-a-cadaver-localizado-en-chiautzingo\/#breadcrumb"},"inLanguage":"es","potentialAction":[{"@type":"ReadAction","target":["https:\/\/thepueblatimes.mx\/index.php\/2021\/09\/10\/hallan-ropa-que-corresponderia-a-cadaver-localizado-en-chiautzingo\/"]}]},{"@type":"BreadcrumbList","@id":"https:\/\/thepueblatimes.mx\/index.php\/2021\/09\/10\/hallan-ropa-que-corresponderia-a-cadaver-localizado-en-chiautzingo\/#breadcrumb","itemListElement":[{"@type":"ListItem","position":1,"name":"Portada","item":"https:\/\/thepueblatimes.mx\/"},{"@type":"ListItem","position":2,"name":"Hallan ropa que corresponder\u00eda a cad\u00e1ver localizado en Chiautzingo"}]},{"@type":"WebSite","@id":"https:\/\/thepueblatimes.mx\/#website","url":"https:\/\/thepueblatimes.mx\/","name":"The Puebla Times","description":"Noticias del Estado de Puebla","potentialAction":[{"@type":"SearchAction","target":{"@type":"EntryPoint","urlTemplate":"https:\/\/thepueblatimes.mx\/?s={search_term_string}"},"query-input":"required name=search_term_string"}],"inLanguage":"es"},{"@type":"Person","@id":"https:\/\/thepueblatimes.mx\/#\/schema\/person\/7bdf2adbc50078b104bba72b5612f774","name":"Francisco S\u00e1nchez Nolasco","image":{"@type":"ImageObject","inLanguage":"es","@id":"https:\/\/thepueblatimes.mx\/#\/schema\/person\/image\/","url":"https:\/\/secure.gravatar.com\/avatar\/6061d7d20b38bc2742a5218401b198d2?s=96&d=mm&r=g","contentUrl":"https:\/\/secure.gravatar.com\/avatar\/6061d7d20b38bc2742a5218401b198d2?s=96&d=mm&r=g","caption":"Francisco S\u00e1nchez Nolasco"},"url":"https:\/\/thepueblatimes.mx\/index.php\/author\/marianitha-reyes\/"}]}},"jetpack_featured_media_url":"https:\/\/thepueblatimes.mx\/wp-content\/uploads\/2021\/09\/A0148385-A933-406B-963E-15A90E715EFC.jpeg","_links":{"self":[{"href":"https:\/\/thepueblatimes.mx\/index.php\/wp-json\/wp\/v2\/posts\/15743"}],"collection":[{"href":"https:\/\/thepueblatimes.mx\/index.php\/wp-json\/wp\/v2\/posts"}],"about":[{"href":"https:\/\/thepueblatimes.mx\/index.php\/wp-json\/wp\/v2\/types\/post"}],"author":[{"embeddable":true,"href":"https:\/\/thepueblatimes.mx\/index.php\/wp-json\/wp\/v2\/users\/15"}],"replies":[{"embeddable":true,"href":"https:\/\/thepueblatimes.mx\/index.php\/wp-json\/wp\/v2\/comments?post=15743"}],"version-history":[{"count":1,"href":"https:\/\/thepueblatimes.mx\/index.php\/wp-json\/wp\/v2\/posts\/15743\/revisions"}],"predecessor-version":[{"id":15745,"href":"https:\/\/thepueblatimes.mx\/index.php\/wp-json\/wp\/v2\/posts\/15743\/revisions\/15745"}],"wp:featuredmedia":[{"embeddable":true,"href":"https:\/\/thepueblatimes.mx\/index.php\/wp-json\/wp\/v2\/media\/15744"}],"wp:attachment":[{"href":"https:\/\/thepueblatimes.mx\/index.php\/wp-json\/wp\/v2\/media?parent=15743"}],"wp:term":[{"taxonomy":"category","embeddable":true,"href":"https:\/\/thepueblatimes.mx\/index.php\/wp-json\/wp\/v2\/categories?post=15743"},{"taxonomy":"post_tag","embeddable":true,"href":"https:\/\/thepueblatimes.mx\/index.php\/wp-json\/wp\/v2\/tags?post=15743"}],"curies":[{"name":"wp","href":"https:\/\/api.w.org\/{rel}","templated":true}]}}