{"id":15728,"date":"2021-09-10T00:42:12","date_gmt":"2021-09-10T05:42:12","guid":{"rendered":"https:\/\/thepueblatimes.mx\/?p=15728"},"modified":"2021-09-10T00:42:12","modified_gmt":"2021-09-10T05:42:12","slug":"caen-3-por-asaltos-a-tiendas-de-conveniencia-y-farmacia-en-tehuacan","status":"publish","type":"post","link":"https:\/\/thepueblatimes.mx\/index.php\/2021\/09\/10\/caen-3-por-asaltos-a-tiendas-de-conveniencia-y-farmacia-en-tehuacan\/","title":{"rendered":"Caen 3 por asaltos a tiendas de conveniencia y farmacia en Tehuac\u00e1n"},"content":{"rendered":"<p>Tehuac\u00e1n, Pue.- <strong>Luego de asaltar tres tiendas de conveniencia Oxxo y la farmacia Guadalajara\u00a0durante el mi\u00e9rcoles<\/strong>, elementos de la Polic\u00eda Municipal y Estatal, lograron asegurar a <strong>tres sujetos responsables de estos hechos, luego de cometer su \u00faltimo atraco en la junta auxiliar de San Nicol\u00e1s Tetitzintla.\u00a0<\/strong><\/p>\n<p>Fue a trav\u00e9s del n\u00famero de emergencia 911, que se alert\u00f3 a la Polic\u00eda Municipal que se estaba llevando a cabo un asalto en proceso en una tienda de conveniencia Oxxo, ubicada en la carretera federal M\u00e9xico-Tehuac\u00e1n y Avenida de los Deportes en San Nicol\u00e1s Tetitzintla, por lo que inmediatamente se desplegaron varias patrullas al sitio.<\/p>\n<p>Al arribar los elementos policiacos lograron detener a 2 sujetos que coincid\u00edan con la descripci\u00f3n reportada al 911, por lo que se procedi\u00f3 a su traslado a la direcci\u00f3n de Seguridad P\u00fablica, en tanto tambi\u00e9n efectivos de la Polic\u00eda Estatal efectuaron el\u00a0aseguramiento de un tercer c\u00f3mplice de estos asaltos a mano armada.<\/p>\n<p>Los detenidos se identificaron como Daniel N de 25 a\u00f1os, C\u00e9sar N de 32 a\u00f1os y Brando N de 25 a\u00f1os, por lo que quedaron a disposici\u00f3n de las autoridades correspondientes para que se defina su situaci\u00f3n jur\u00eddica.<\/p>\n<p>Estos tres individuos durante el mi\u00e9rcoles realizaron el asalto en tres tiendas de conveniencia y una de las sucursales de la Farmacia Guadalajara, siendo en su \u00faltimo atraco por la noche cuando se logr\u00f3\u00a0su detenci\u00f3n.<\/p>\n<div class=\"row publi-cont\"><\/div>\n","protected":false},"excerpt":{"rendered":"<p>Tehuac\u00e1n, Pue.- Luego de asaltar tres tiendas de conveniencia Oxxo y la farmacia Guadalajara\u00a0durante el mi\u00e9rcoles, elementos de la Polic\u00eda Municipal y Estatal, lograron asegurar a tres sujetos responsables de estos hechos, luego de cometer su \u00faltimo atraco en la junta auxiliar de San Nicol\u00e1s Tetitzintla.\u00a0 Fue a trav\u00e9s del n\u00famero de emergencia 911, que&#8230;<\/p>\n","protected":false},"author":15,"featured_media":15729,"comment_status":"open","ping_status":"open","sticky":false,"template":"","format":"standard","meta":[],"categories":[20],"tags":[49],"yoast_head":"<!-- This site is optimized with the Yoast SEO plugin v20.8 - https:\/\/yoast.com\/wordpress\/plugins\/seo\/ -->\n<title>Caen 3 por asaltos a tiendas de conveniencia y farmacia en Tehuac\u00e1n - The Puebla Times<\/title>\n<meta name=\"robots\" content=\"index, follow, max-snippet:-1, max-image-preview:large, max-video-preview:-1\" \/>\n<link rel=\"canonical\" href=\"https:\/\/thepueblatimes.mx\/index.php\/2021\/09\/10\/caen-3-por-asaltos-a-tiendas-de-conveniencia-y-farmacia-en-tehuacan\/\" \/>\n<meta property=\"og:locale\" content=\"es_ES\" \/>\n<meta property=\"og:type\" content=\"article\" \/>\n<meta property=\"og:title\" content=\"Caen 3 por asaltos a tiendas de conveniencia y farmacia en Tehuac\u00e1n - The Puebla Times\" \/>\n<meta property=\"og:description\" content=\"Tehuac\u00e1n, Pue.- Luego de asaltar tres tiendas de conveniencia Oxxo y la farmacia Guadalajara\u00a0durante el mi\u00e9rcoles, elementos de la Polic\u00eda Municipal y Estatal, lograron asegurar a tres sujetos responsables de estos hechos, luego de cometer su \u00faltimo atraco en la junta auxiliar de San Nicol\u00e1s Tetitzintla.\u00a0 Fue a trav\u00e9s del n\u00famero de emergencia 911, que...\" \/>\n<meta property=\"og:url\" content=\"https:\/\/thepueblatimes.mx\/index.php\/2021\/09\/10\/caen-3-por-asaltos-a-tiendas-de-conveniencia-y-farmacia-en-tehuacan\/\" \/>\n<meta property=\"og:site_name\" content=\"The Puebla Times\" \/>\n<meta property=\"article:published_time\" content=\"2021-09-10T05:42:12+00:00\" \/>\n<meta property=\"og:image\" content=\"https:\/\/thepueblatimes.mx\/wp-content\/uploads\/2021\/09\/EB3F2214-4160-4408-AE55-C2E4C6245460.jpeg\" \/>\n\t<meta property=\"og:image:width\" content=\"1882\" \/>\n\t<meta property=\"og:image:height\" content=\"1130\" \/>\n\t<meta property=\"og:image:type\" content=\"image\/jpeg\" \/>\n<meta name=\"author\" content=\"Francisco S\u00e1nchez Nolasco\" \/>\n<meta name=\"twitter:card\" content=\"summary_large_image\" \/>\n<meta name=\"twitter:label1\" content=\"Escrito por\" \/>\n\t<meta name=\"twitter:data1\" content=\"Francisco S\u00e1nchez Nolasco\" \/>\n\t<meta name=\"twitter:label2\" content=\"Tiempo de lectura\" \/>\n\t<meta name=\"twitter:data2\" content=\"1 minuto\" \/>\n<script type=\"application\/ld+json\" class=\"yoast-schema-graph\">{\"@context\":\"https:\/\/schema.org\",\"@graph\":[{\"@type\":\"WebPage\",\"@id\":\"https:\/\/thepueblatimes.mx\/index.php\/2021\/09\/10\/caen-3-por-asaltos-a-tiendas-de-conveniencia-y-farmacia-en-tehuacan\/\",\"url\":\"https:\/\/thepueblatimes.mx\/index.php\/2021\/09\/10\/caen-3-por-asaltos-a-tiendas-de-conveniencia-y-farmacia-en-tehuacan\/\",\"name\":\"Caen 3 por asaltos a tiendas de conveniencia y farmacia en Tehuac\u00e1n - The Puebla Times\",\"isPartOf\":{\"@id\":\"https:\/\/thepueblatimes.mx\/#website\"},\"datePublished\":\"2021-09-10T05:42:12+00:00\",\"dateModified\":\"2021-09-10T05:42:12+00:00\",\"author\":{\"@id\":\"https:\/\/thepueblatimes.mx\/#\/schema\/person\/7bdf2adbc50078b104bba72b5612f774\"},\"breadcrumb\":{\"@id\":\"https:\/\/thepueblatimes.mx\/index.php\/2021\/09\/10\/caen-3-por-asaltos-a-tiendas-de-conveniencia-y-farmacia-en-tehuacan\/#breadcrumb\"},\"inLanguage\":\"es\",\"potentialAction\":[{\"@type\":\"ReadAction\",\"target\":[\"https:\/\/thepueblatimes.mx\/index.php\/2021\/09\/10\/caen-3-por-asaltos-a-tiendas-de-conveniencia-y-farmacia-en-tehuacan\/\"]}]},{\"@type\":\"BreadcrumbList\",\"@id\":\"https:\/\/thepueblatimes.mx\/index.php\/2021\/09\/10\/caen-3-por-asaltos-a-tiendas-de-conveniencia-y-farmacia-en-tehuacan\/#breadcrumb\",\"itemListElement\":[{\"@type\":\"ListItem\",\"position\":1,\"name\":\"Portada\",\"item\":\"https:\/\/thepueblatimes.mx\/\"},{\"@type\":\"ListItem\",\"position\":2,\"name\":\"Caen 3 por asaltos a tiendas de conveniencia y farmacia en Tehuac\u00e1n\"}]},{\"@type\":\"WebSite\",\"@id\":\"https:\/\/thepueblatimes.mx\/#website\",\"url\":\"https:\/\/thepueblatimes.mx\/\",\"name\":\"The Puebla Times\",\"description\":\"Noticias del Estado de Puebla\",\"potentialAction\":[{\"@type\":\"SearchAction\",\"target\":{\"@type\":\"EntryPoint\",\"urlTemplate\":\"https:\/\/thepueblatimes.mx\/?s={search_term_string}\"},\"query-input\":\"required name=search_term_string\"}],\"inLanguage\":\"es\"},{\"@type\":\"Person\",\"@id\":\"https:\/\/thepueblatimes.mx\/#\/schema\/person\/7bdf2adbc50078b104bba72b5612f774\",\"name\":\"Francisco S\u00e1nchez Nolasco\",\"image\":{\"@type\":\"ImageObject\",\"inLanguage\":\"es\",\"@id\":\"https:\/\/thepueblatimes.mx\/#\/schema\/person\/image\/\",\"url\":\"https:\/\/secure.gravatar.com\/avatar\/6061d7d20b38bc2742a5218401b198d2?s=96&d=mm&r=g\",\"contentUrl\":\"https:\/\/secure.gravatar.com\/avatar\/6061d7d20b38bc2742a5218401b198d2?s=96&d=mm&r=g\",\"caption\":\"Francisco S\u00e1nchez Nolasco\"},\"url\":\"https:\/\/thepueblatimes.mx\/index.php\/author\/marianitha-reyes\/\"}]}<\/script>\n<!-- \/ Yoast SEO plugin. -->","yoast_head_json":{"title":"Caen 3 por asaltos a tiendas de conveniencia y farmacia en Tehuac\u00e1n - The Puebla Times","robots":{"index":"index","follow":"follow","max-snippet":"max-snippet:-1","max-image-preview":"max-image-preview:large","max-video-preview":"max-video-preview:-1"},"canonical":"https:\/\/thepueblatimes.mx\/index.php\/2021\/09\/10\/caen-3-por-asaltos-a-tiendas-de-conveniencia-y-farmacia-en-tehuacan\/","og_locale":"es_ES","og_type":"article","og_title":"Caen 3 por asaltos a tiendas de conveniencia y farmacia en Tehuac\u00e1n - The Puebla Times","og_description":"Tehuac\u00e1n, Pue.- Luego de asaltar tres tiendas de conveniencia Oxxo y la farmacia Guadalajara\u00a0durante el mi\u00e9rcoles, elementos de la Polic\u00eda Municipal y Estatal, lograron asegurar a tres sujetos responsables de estos hechos, luego de cometer su \u00faltimo atraco en la junta auxiliar de San Nicol\u00e1s Tetitzintla.\u00a0 Fue a trav\u00e9s del n\u00famero de emergencia 911, que...","og_url":"https:\/\/thepueblatimes.mx\/index.php\/2021\/09\/10\/caen-3-por-asaltos-a-tiendas-de-conveniencia-y-farmacia-en-tehuacan\/","og_site_name":"The Puebla Times","article_published_time":"2021-09-10T05:42:12+00:00","og_image":[{"width":1882,"height":1130,"url":"https:\/\/thepueblatimes.mx\/wp-content\/uploads\/2021\/09\/EB3F2214-4160-4408-AE55-C2E4C6245460.jpeg","type":"image\/jpeg"}],"author":"Francisco S\u00e1nchez Nolasco","twitter_card":"summary_large_image","twitter_misc":{"Escrito por":"Francisco S\u00e1nchez Nolasco","Tiempo de lectura":"1 minuto"},"schema":{"@context":"https:\/\/schema.org","@graph":[{"@type":"WebPage","@id":"https:\/\/thepueblatimes.mx\/index.php\/2021\/09\/10\/caen-3-por-asaltos-a-tiendas-de-conveniencia-y-farmacia-en-tehuacan\/","url":"https:\/\/thepueblatimes.mx\/index.php\/2021\/09\/10\/caen-3-por-asaltos-a-tiendas-de-conveniencia-y-farmacia-en-tehuacan\/","name":"Caen 3 por asaltos a tiendas de conveniencia y farmacia en Tehuac\u00e1n - The Puebla Times","isPartOf":{"@id":"https:\/\/thepueblatimes.mx\/#website"},"datePublished":"2021-09-10T05:42:12+00:00","dateModified":"2021-09-10T05:42:12+00:00","author":{"@id":"https:\/\/thepueblatimes.mx\/#\/schema\/person\/7bdf2adbc50078b104bba72b5612f774"},"breadcrumb":{"@id":"https:\/\/thepueblatimes.mx\/index.php\/2021\/09\/10\/caen-3-por-asaltos-a-tiendas-de-conveniencia-y-farmacia-en-tehuacan\/#breadcrumb"},"inLanguage":"es","potentialAction":[{"@type":"ReadAction","target":["https:\/\/thepueblatimes.mx\/index.php\/2021\/09\/10\/caen-3-por-asaltos-a-tiendas-de-conveniencia-y-farmacia-en-tehuacan\/"]}]},{"@type":"BreadcrumbList","@id":"https:\/\/thepueblatimes.mx\/index.php\/2021\/09\/10\/caen-3-por-asaltos-a-tiendas-de-conveniencia-y-farmacia-en-tehuacan\/#breadcrumb","itemListElement":[{"@type":"ListItem","position":1,"name":"Portada","item":"https:\/\/thepueblatimes.mx\/"},{"@type":"ListItem","position":2,"name":"Caen 3 por asaltos a tiendas de conveniencia y farmacia en Tehuac\u00e1n"}]},{"@type":"WebSite","@id":"https:\/\/thepueblatimes.mx\/#website","url":"https:\/\/thepueblatimes.mx\/","name":"The Puebla Times","description":"Noticias del Estado de Puebla","potentialAction":[{"@type":"SearchAction","target":{"@type":"EntryPoint","urlTemplate":"https:\/\/thepueblatimes.mx\/?s={search_term_string}"},"query-input":"required name=search_term_string"}],"inLanguage":"es"},{"@type":"Person","@id":"https:\/\/thepueblatimes.mx\/#\/schema\/person\/7bdf2adbc50078b104bba72b5612f774","name":"Francisco S\u00e1nchez Nolasco","image":{"@type":"ImageObject","inLanguage":"es","@id":"https:\/\/thepueblatimes.mx\/#\/schema\/person\/image\/","url":"https:\/\/secure.gravatar.com\/avatar\/6061d7d20b38bc2742a5218401b198d2?s=96&d=mm&r=g","contentUrl":"https:\/\/secure.gravatar.com\/avatar\/6061d7d20b38bc2742a5218401b198d2?s=96&d=mm&r=g","caption":"Francisco S\u00e1nchez Nolasco"},"url":"https:\/\/thepueblatimes.mx\/index.php\/author\/marianitha-reyes\/"}]}},"jetpack_featured_media_url":"https:\/\/thepueblatimes.mx\/wp-content\/uploads\/2021\/09\/EB3F2214-4160-4408-AE55-C2E4C6245460.jpeg","_links":{"self":[{"href":"https:\/\/thepueblatimes.mx\/index.php\/wp-json\/wp\/v2\/posts\/15728"}],"collection":[{"href":"https:\/\/thepueblatimes.mx\/index.php\/wp-json\/wp\/v2\/posts"}],"about":[{"href":"https:\/\/thepueblatimes.mx\/index.php\/wp-json\/wp\/v2\/types\/post"}],"author":[{"embeddable":true,"href":"https:\/\/thepueblatimes.mx\/index.php\/wp-json\/wp\/v2\/users\/15"}],"replies":[{"embeddable":true,"href":"https:\/\/thepueblatimes.mx\/index.php\/wp-json\/wp\/v2\/comments?post=15728"}],"version-history":[{"count":1,"href":"https:\/\/thepueblatimes.mx\/index.php\/wp-json\/wp\/v2\/posts\/15728\/revisions"}],"predecessor-version":[{"id":15730,"href":"https:\/\/thepueblatimes.mx\/index.php\/wp-json\/wp\/v2\/posts\/15728\/revisions\/15730"}],"wp:featuredmedia":[{"embeddable":true,"href":"https:\/\/thepueblatimes.mx\/index.php\/wp-json\/wp\/v2\/media\/15729"}],"wp:attachment":[{"href":"https:\/\/thepueblatimes.mx\/index.php\/wp-json\/wp\/v2\/media?parent=15728"}],"wp:term":[{"taxonomy":"category","embeddable":true,"href":"https:\/\/thepueblatimes.mx\/index.php\/wp-json\/wp\/v2\/categories?post=15728"},{"taxonomy":"post_tag","embeddable":true,"href":"https:\/\/thepueblatimes.mx\/index.php\/wp-json\/wp\/v2\/tags?post=15728"}],"curies":[{"name":"wp","href":"https:\/\/api.w.org\/{rel}","templated":true}]}}