{"id":15725,"date":"2021-09-10T00:32:06","date_gmt":"2021-09-10T05:32:06","guid":{"rendered":"https:\/\/thepueblatimes.mx\/?p=15725"},"modified":"2021-09-10T00:32:06","modified_gmt":"2021-09-10T05:32:06","slug":"por-robar-un-auto-demasiado-lento-los-capturan-en-atlixco","status":"publish","type":"post","link":"https:\/\/thepueblatimes.mx\/index.php\/2021\/09\/10\/por-robar-un-auto-demasiado-lento-los-capturan-en-atlixco\/","title":{"rendered":"Por robar un auto demasiado lento los capturan en Atlixco"},"content":{"rendered":"<p>Atlixco, Pue.- <strong>Un par de sujetos de Atlixco amantes de lo ajeno jam\u00e1s pensaron que la lentitud de la camioneta robada minutos antes se convirtiera en el factor determinante para ser alcanzados y atrapados por la polic\u00eda local, <\/strong>de acuerdo con testigos.<\/p>\n<p>Una denuncia a tiempo de los afectados y el rastreo casi de inmediato de los uniformados fueron tambi\u00e9n ingredientes de esta persecuci\u00f3n la cual termin\u00f3 con el rescate de la unidad.<\/p>\n<p>En la Comisar\u00eda de la ciudad los agentes recibieron un llamado de auxilio v\u00eda radio operador para denunciar la sustracci\u00f3n de una Nissan blanca NP 300 .<\/p>\n<p>Los due\u00f1os dijeron a la polic\u00eda que ese coche fue encontrado \u00a0minutos despu\u00e9s de consumado el delito en la autopista Siglo XXI, que conduce de Morelos a la capital poblana, con sentido a \u00e9ste \u00faltimo lugar.<\/p>\n<p>A partir de ese dato, patrullas de la secretar\u00eda de Seguridad P\u00fablica municipal arrancaron la b\u00fasqueda de los ladrones mediante un amplio recorrido.<\/p>\n<div class=\"row publi-cont\">\n<p>\u201cMinutos despu\u00e9s descubrieron una camioneta con las caracter\u00edsticas de la Nissan ya no en la Siglo XXI, ahora sobre la v\u00eda Atlixc\u00e1yotl desde donde inici\u00f3 una persecuci\u00f3n\u201d, dijo una fuente que sigui\u00f3 el caso.<\/p>\n<p>Finalmente, y consecuencia de la baja velocidad de los delincuentes, lograron darle alcance a la altura del kil\u00f3metro 19 de esa carretera, donde les pidieron detenerse.<\/p>\n<p>De la cabina descendieron dos personas: Octavio N. de 26 a\u00f1os de edad y Nahim N. de 22 a\u00f1os de edad a quienes informaron que la camioneta a su cargo contaba con reporte de robo. Por ese modifico fueron detenidos y puestos a disposici\u00f3n de la Fiscal\u00eda General del Estado (FGE) para realizar las investigaciones pertinentes.<\/p>\n<\/div>\n","protected":false},"excerpt":{"rendered":"<p>Atlixco, Pue.- Un par de sujetos de Atlixco amantes de lo ajeno jam\u00e1s pensaron que la lentitud de la camioneta robada minutos antes se convirtiera en el factor determinante para ser alcanzados y atrapados por la polic\u00eda local, de acuerdo con testigos. Una denuncia a tiempo de los afectados y el rastreo casi de inmediato&#8230;<\/p>\n","protected":false},"author":15,"featured_media":15726,"comment_status":"open","ping_status":"open","sticky":false,"template":"","format":"standard","meta":[],"categories":[20],"tags":[49],"yoast_head":"<!-- This site is optimized with the Yoast SEO plugin v20.8 - https:\/\/yoast.com\/wordpress\/plugins\/seo\/ -->\n<title>Por robar un auto demasiado lento los capturan en Atlixco - The Puebla Times<\/title>\n<meta name=\"robots\" content=\"index, follow, max-snippet:-1, max-image-preview:large, max-video-preview:-1\" \/>\n<link rel=\"canonical\" href=\"https:\/\/thepueblatimes.mx\/index.php\/2021\/09\/10\/por-robar-un-auto-demasiado-lento-los-capturan-en-atlixco\/\" \/>\n<meta property=\"og:locale\" content=\"es_ES\" \/>\n<meta property=\"og:type\" content=\"article\" \/>\n<meta property=\"og:title\" content=\"Por robar un auto demasiado lento los capturan en Atlixco - The Puebla Times\" \/>\n<meta property=\"og:description\" content=\"Atlixco, Pue.- Un par de sujetos de Atlixco amantes de lo ajeno jam\u00e1s pensaron que la lentitud de la camioneta robada minutos antes se convirtiera en el factor determinante para ser alcanzados y atrapados por la polic\u00eda local, de acuerdo con testigos. Una denuncia a tiempo de los afectados y el rastreo casi de inmediato...\" \/>\n<meta property=\"og:url\" content=\"https:\/\/thepueblatimes.mx\/index.php\/2021\/09\/10\/por-robar-un-auto-demasiado-lento-los-capturan-en-atlixco\/\" \/>\n<meta property=\"og:site_name\" content=\"The Puebla Times\" \/>\n<meta property=\"article:published_time\" content=\"2021-09-10T05:32:06+00:00\" \/>\n<meta property=\"og:image\" content=\"https:\/\/thepueblatimes.mx\/wp-content\/uploads\/2021\/09\/268FE9E3-BA61-4754-9D24-CAAFE2B4D3FA.png\" \/>\n\t<meta property=\"og:image:width\" content=\"1136\" \/>\n\t<meta property=\"og:image:height\" content=\"640\" \/>\n\t<meta property=\"og:image:type\" content=\"image\/png\" \/>\n<meta name=\"author\" content=\"Francisco S\u00e1nchez Nolasco\" \/>\n<meta name=\"twitter:card\" content=\"summary_large_image\" \/>\n<meta name=\"twitter:label1\" content=\"Escrito por\" \/>\n\t<meta name=\"twitter:data1\" content=\"Francisco S\u00e1nchez Nolasco\" \/>\n\t<meta name=\"twitter:label2\" content=\"Tiempo de lectura\" \/>\n\t<meta name=\"twitter:data2\" content=\"1 minuto\" \/>\n<script type=\"application\/ld+json\" class=\"yoast-schema-graph\">{\"@context\":\"https:\/\/schema.org\",\"@graph\":[{\"@type\":\"WebPage\",\"@id\":\"https:\/\/thepueblatimes.mx\/index.php\/2021\/09\/10\/por-robar-un-auto-demasiado-lento-los-capturan-en-atlixco\/\",\"url\":\"https:\/\/thepueblatimes.mx\/index.php\/2021\/09\/10\/por-robar-un-auto-demasiado-lento-los-capturan-en-atlixco\/\",\"name\":\"Por robar un auto demasiado lento los capturan en Atlixco - The Puebla Times\",\"isPartOf\":{\"@id\":\"https:\/\/thepueblatimes.mx\/#website\"},\"datePublished\":\"2021-09-10T05:32:06+00:00\",\"dateModified\":\"2021-09-10T05:32:06+00:00\",\"author\":{\"@id\":\"https:\/\/thepueblatimes.mx\/#\/schema\/person\/7bdf2adbc50078b104bba72b5612f774\"},\"breadcrumb\":{\"@id\":\"https:\/\/thepueblatimes.mx\/index.php\/2021\/09\/10\/por-robar-un-auto-demasiado-lento-los-capturan-en-atlixco\/#breadcrumb\"},\"inLanguage\":\"es\",\"potentialAction\":[{\"@type\":\"ReadAction\",\"target\":[\"https:\/\/thepueblatimes.mx\/index.php\/2021\/09\/10\/por-robar-un-auto-demasiado-lento-los-capturan-en-atlixco\/\"]}]},{\"@type\":\"BreadcrumbList\",\"@id\":\"https:\/\/thepueblatimes.mx\/index.php\/2021\/09\/10\/por-robar-un-auto-demasiado-lento-los-capturan-en-atlixco\/#breadcrumb\",\"itemListElement\":[{\"@type\":\"ListItem\",\"position\":1,\"name\":\"Portada\",\"item\":\"https:\/\/thepueblatimes.mx\/\"},{\"@type\":\"ListItem\",\"position\":2,\"name\":\"Por robar un auto demasiado lento los capturan en Atlixco\"}]},{\"@type\":\"WebSite\",\"@id\":\"https:\/\/thepueblatimes.mx\/#website\",\"url\":\"https:\/\/thepueblatimes.mx\/\",\"name\":\"The Puebla Times\",\"description\":\"Noticias del Estado de Puebla\",\"potentialAction\":[{\"@type\":\"SearchAction\",\"target\":{\"@type\":\"EntryPoint\",\"urlTemplate\":\"https:\/\/thepueblatimes.mx\/?s={search_term_string}\"},\"query-input\":\"required name=search_term_string\"}],\"inLanguage\":\"es\"},{\"@type\":\"Person\",\"@id\":\"https:\/\/thepueblatimes.mx\/#\/schema\/person\/7bdf2adbc50078b104bba72b5612f774\",\"name\":\"Francisco S\u00e1nchez Nolasco\",\"image\":{\"@type\":\"ImageObject\",\"inLanguage\":\"es\",\"@id\":\"https:\/\/thepueblatimes.mx\/#\/schema\/person\/image\/\",\"url\":\"https:\/\/secure.gravatar.com\/avatar\/6061d7d20b38bc2742a5218401b198d2?s=96&d=mm&r=g\",\"contentUrl\":\"https:\/\/secure.gravatar.com\/avatar\/6061d7d20b38bc2742a5218401b198d2?s=96&d=mm&r=g\",\"caption\":\"Francisco S\u00e1nchez Nolasco\"},\"url\":\"https:\/\/thepueblatimes.mx\/index.php\/author\/marianitha-reyes\/\"}]}<\/script>\n<!-- \/ Yoast SEO plugin. -->","yoast_head_json":{"title":"Por robar un auto demasiado lento los capturan en Atlixco - The Puebla Times","robots":{"index":"index","follow":"follow","max-snippet":"max-snippet:-1","max-image-preview":"max-image-preview:large","max-video-preview":"max-video-preview:-1"},"canonical":"https:\/\/thepueblatimes.mx\/index.php\/2021\/09\/10\/por-robar-un-auto-demasiado-lento-los-capturan-en-atlixco\/","og_locale":"es_ES","og_type":"article","og_title":"Por robar un auto demasiado lento los capturan en Atlixco - The Puebla Times","og_description":"Atlixco, Pue.- Un par de sujetos de Atlixco amantes de lo ajeno jam\u00e1s pensaron que la lentitud de la camioneta robada minutos antes se convirtiera en el factor determinante para ser alcanzados y atrapados por la polic\u00eda local, de acuerdo con testigos. Una denuncia a tiempo de los afectados y el rastreo casi de inmediato...","og_url":"https:\/\/thepueblatimes.mx\/index.php\/2021\/09\/10\/por-robar-un-auto-demasiado-lento-los-capturan-en-atlixco\/","og_site_name":"The Puebla Times","article_published_time":"2021-09-10T05:32:06+00:00","og_image":[{"width":1136,"height":640,"url":"https:\/\/thepueblatimes.mx\/wp-content\/uploads\/2021\/09\/268FE9E3-BA61-4754-9D24-CAAFE2B4D3FA.png","type":"image\/png"}],"author":"Francisco S\u00e1nchez Nolasco","twitter_card":"summary_large_image","twitter_misc":{"Escrito por":"Francisco S\u00e1nchez Nolasco","Tiempo de lectura":"1 minuto"},"schema":{"@context":"https:\/\/schema.org","@graph":[{"@type":"WebPage","@id":"https:\/\/thepueblatimes.mx\/index.php\/2021\/09\/10\/por-robar-un-auto-demasiado-lento-los-capturan-en-atlixco\/","url":"https:\/\/thepueblatimes.mx\/index.php\/2021\/09\/10\/por-robar-un-auto-demasiado-lento-los-capturan-en-atlixco\/","name":"Por robar un auto demasiado lento los capturan en Atlixco - The Puebla Times","isPartOf":{"@id":"https:\/\/thepueblatimes.mx\/#website"},"datePublished":"2021-09-10T05:32:06+00:00","dateModified":"2021-09-10T05:32:06+00:00","author":{"@id":"https:\/\/thepueblatimes.mx\/#\/schema\/person\/7bdf2adbc50078b104bba72b5612f774"},"breadcrumb":{"@id":"https:\/\/thepueblatimes.mx\/index.php\/2021\/09\/10\/por-robar-un-auto-demasiado-lento-los-capturan-en-atlixco\/#breadcrumb"},"inLanguage":"es","potentialAction":[{"@type":"ReadAction","target":["https:\/\/thepueblatimes.mx\/index.php\/2021\/09\/10\/por-robar-un-auto-demasiado-lento-los-capturan-en-atlixco\/"]}]},{"@type":"BreadcrumbList","@id":"https:\/\/thepueblatimes.mx\/index.php\/2021\/09\/10\/por-robar-un-auto-demasiado-lento-los-capturan-en-atlixco\/#breadcrumb","itemListElement":[{"@type":"ListItem","position":1,"name":"Portada","item":"https:\/\/thepueblatimes.mx\/"},{"@type":"ListItem","position":2,"name":"Por robar un auto demasiado lento los capturan en Atlixco"}]},{"@type":"WebSite","@id":"https:\/\/thepueblatimes.mx\/#website","url":"https:\/\/thepueblatimes.mx\/","name":"The Puebla Times","description":"Noticias del Estado de Puebla","potentialAction":[{"@type":"SearchAction","target":{"@type":"EntryPoint","urlTemplate":"https:\/\/thepueblatimes.mx\/?s={search_term_string}"},"query-input":"required name=search_term_string"}],"inLanguage":"es"},{"@type":"Person","@id":"https:\/\/thepueblatimes.mx\/#\/schema\/person\/7bdf2adbc50078b104bba72b5612f774","name":"Francisco S\u00e1nchez Nolasco","image":{"@type":"ImageObject","inLanguage":"es","@id":"https:\/\/thepueblatimes.mx\/#\/schema\/person\/image\/","url":"https:\/\/secure.gravatar.com\/avatar\/6061d7d20b38bc2742a5218401b198d2?s=96&d=mm&r=g","contentUrl":"https:\/\/secure.gravatar.com\/avatar\/6061d7d20b38bc2742a5218401b198d2?s=96&d=mm&r=g","caption":"Francisco S\u00e1nchez Nolasco"},"url":"https:\/\/thepueblatimes.mx\/index.php\/author\/marianitha-reyes\/"}]}},"jetpack_featured_media_url":"https:\/\/thepueblatimes.mx\/wp-content\/uploads\/2021\/09\/268FE9E3-BA61-4754-9D24-CAAFE2B4D3FA.png","_links":{"self":[{"href":"https:\/\/thepueblatimes.mx\/index.php\/wp-json\/wp\/v2\/posts\/15725"}],"collection":[{"href":"https:\/\/thepueblatimes.mx\/index.php\/wp-json\/wp\/v2\/posts"}],"about":[{"href":"https:\/\/thepueblatimes.mx\/index.php\/wp-json\/wp\/v2\/types\/post"}],"author":[{"embeddable":true,"href":"https:\/\/thepueblatimes.mx\/index.php\/wp-json\/wp\/v2\/users\/15"}],"replies":[{"embeddable":true,"href":"https:\/\/thepueblatimes.mx\/index.php\/wp-json\/wp\/v2\/comments?post=15725"}],"version-history":[{"count":1,"href":"https:\/\/thepueblatimes.mx\/index.php\/wp-json\/wp\/v2\/posts\/15725\/revisions"}],"predecessor-version":[{"id":15727,"href":"https:\/\/thepueblatimes.mx\/index.php\/wp-json\/wp\/v2\/posts\/15725\/revisions\/15727"}],"wp:featuredmedia":[{"embeddable":true,"href":"https:\/\/thepueblatimes.mx\/index.php\/wp-json\/wp\/v2\/media\/15726"}],"wp:attachment":[{"href":"https:\/\/thepueblatimes.mx\/index.php\/wp-json\/wp\/v2\/media?parent=15725"}],"wp:term":[{"taxonomy":"category","embeddable":true,"href":"https:\/\/thepueblatimes.mx\/index.php\/wp-json\/wp\/v2\/categories?post=15725"},{"taxonomy":"post_tag","embeddable":true,"href":"https:\/\/thepueblatimes.mx\/index.php\/wp-json\/wp\/v2\/tags?post=15725"}],"curies":[{"name":"wp","href":"https:\/\/api.w.org\/{rel}","templated":true}]}}