{"id":15710,"date":"2021-09-09T00:29:04","date_gmt":"2021-09-09T05:29:04","guid":{"rendered":"https:\/\/thepueblatimes.mx\/?p=15710"},"modified":"2021-09-09T00:29:04","modified_gmt":"2021-09-09T05:29:04","slug":"tiran-perros-envenenados-junto-a-kinder-en-tecamachalco","status":"publish","type":"post","link":"https:\/\/thepueblatimes.mx\/index.php\/2021\/09\/09\/tiran-perros-envenenados-junto-a-kinder-en-tecamachalco\/","title":{"rendered":"Tiran perros envenenados junto a k\u00ednder en Tecamachalco"},"content":{"rendered":"<p>Tecamachalco, Pue.-<strong>\u00a0Durante la ma\u00f1ana de este martes el envenenamiento de perros en el barrio de San Sebasti\u00e1n gener\u00f3 molestia entre los vecinos.\u00a0<\/strong><\/p>\n<p>Los vecinos reportaron que por lo menos 15 perros fueron envenenados, algunos de los cuales aparecieron tirados en un predio bald\u00edo ubicado sobre la calle 29 norte y otros m\u00e1s en sus domicilios.<\/p>\n<p>El hecho gener\u00f3 molestia entre los habitantes quienes desconocen el motivo y el responsable de este hecho, sin embargo se\u00f1alaron que podr\u00eda tratarse de una estrategia de delincuentes para luego tratar de ingresar a los domicilios a robar.<\/p>\n<p>As\u00ed mismo se\u00f1alaron que los cad\u00e1veres encontrados en el predio ubicado cerca del jard\u00edn de Ni\u00f1os del Barrio se convierten en un foco de infecci\u00f3n principalmente en estos d\u00edas donde se han registrado las lluvias.<\/p>\n<p>Cabe se\u00f1alar que en el caso de los vecinos que encontraron en sus domicilios a sus mascotas se\u00f1alaron que la mayor\u00eda antes de morir sacaron espuma por el hocico como muestra del envenenamiento que sufrieron.<\/p>\n","protected":false},"excerpt":{"rendered":"<p>Tecamachalco, Pue.-\u00a0Durante la ma\u00f1ana de este martes el envenenamiento de perros en el barrio de San Sebasti\u00e1n gener\u00f3 molestia entre los vecinos.\u00a0 Los vecinos reportaron que por lo menos 15 perros fueron envenenados, algunos de los cuales aparecieron tirados en un predio bald\u00edo ubicado sobre la calle 29 norte y otros m\u00e1s en sus domicilios&#8230;.<\/p>\n","protected":false},"author":15,"featured_media":15711,"comment_status":"open","ping_status":"open","sticky":false,"template":"","format":"standard","meta":[],"categories":[20],"tags":[],"yoast_head":"<!-- This site is optimized with the Yoast SEO plugin v20.8 - https:\/\/yoast.com\/wordpress\/plugins\/seo\/ -->\n<title>Tiran perros envenenados junto a k\u00ednder en Tecamachalco - The Puebla Times<\/title>\n<meta name=\"robots\" content=\"index, follow, max-snippet:-1, max-image-preview:large, max-video-preview:-1\" \/>\n<link rel=\"canonical\" href=\"https:\/\/thepueblatimes.mx\/index.php\/2021\/09\/09\/tiran-perros-envenenados-junto-a-kinder-en-tecamachalco\/\" \/>\n<meta property=\"og:locale\" content=\"es_ES\" \/>\n<meta property=\"og:type\" content=\"article\" \/>\n<meta property=\"og:title\" content=\"Tiran perros envenenados junto a k\u00ednder en Tecamachalco - The Puebla Times\" \/>\n<meta property=\"og:description\" content=\"Tecamachalco, Pue.-\u00a0Durante la ma\u00f1ana de este martes el envenenamiento de perros en el barrio de San Sebasti\u00e1n gener\u00f3 molestia entre los vecinos.\u00a0 Los vecinos reportaron que por lo menos 15 perros fueron envenenados, algunos de los cuales aparecieron tirados en un predio bald\u00edo ubicado sobre la calle 29 norte y otros m\u00e1s en sus domicilios....\" \/>\n<meta property=\"og:url\" content=\"https:\/\/thepueblatimes.mx\/index.php\/2021\/09\/09\/tiran-perros-envenenados-junto-a-kinder-en-tecamachalco\/\" \/>\n<meta property=\"og:site_name\" content=\"The Puebla Times\" \/>\n<meta property=\"article:published_time\" content=\"2021-09-09T05:29:04+00:00\" \/>\n<meta property=\"og:image\" content=\"https:\/\/thepueblatimes.mx\/wp-content\/uploads\/2021\/09\/perros2.jpg\" \/>\n\t<meta property=\"og:image:width\" content=\"1213\" \/>\n\t<meta property=\"og:image:height\" content=\"771\" \/>\n\t<meta property=\"og:image:type\" content=\"image\/jpeg\" \/>\n<meta name=\"author\" content=\"Francisco S\u00e1nchez Nolasco\" \/>\n<meta name=\"twitter:card\" content=\"summary_large_image\" \/>\n<meta name=\"twitter:label1\" content=\"Escrito por\" \/>\n\t<meta name=\"twitter:data1\" content=\"Francisco S\u00e1nchez Nolasco\" \/>\n\t<meta name=\"twitter:label2\" content=\"Tiempo de lectura\" \/>\n\t<meta name=\"twitter:data2\" content=\"1 minuto\" \/>\n<script type=\"application\/ld+json\" class=\"yoast-schema-graph\">{\"@context\":\"https:\/\/schema.org\",\"@graph\":[{\"@type\":\"WebPage\",\"@id\":\"https:\/\/thepueblatimes.mx\/index.php\/2021\/09\/09\/tiran-perros-envenenados-junto-a-kinder-en-tecamachalco\/\",\"url\":\"https:\/\/thepueblatimes.mx\/index.php\/2021\/09\/09\/tiran-perros-envenenados-junto-a-kinder-en-tecamachalco\/\",\"name\":\"Tiran perros envenenados junto a k\u00ednder en Tecamachalco - The Puebla Times\",\"isPartOf\":{\"@id\":\"https:\/\/thepueblatimes.mx\/#website\"},\"datePublished\":\"2021-09-09T05:29:04+00:00\",\"dateModified\":\"2021-09-09T05:29:04+00:00\",\"author\":{\"@id\":\"https:\/\/thepueblatimes.mx\/#\/schema\/person\/7bdf2adbc50078b104bba72b5612f774\"},\"breadcrumb\":{\"@id\":\"https:\/\/thepueblatimes.mx\/index.php\/2021\/09\/09\/tiran-perros-envenenados-junto-a-kinder-en-tecamachalco\/#breadcrumb\"},\"inLanguage\":\"es\",\"potentialAction\":[{\"@type\":\"ReadAction\",\"target\":[\"https:\/\/thepueblatimes.mx\/index.php\/2021\/09\/09\/tiran-perros-envenenados-junto-a-kinder-en-tecamachalco\/\"]}]},{\"@type\":\"BreadcrumbList\",\"@id\":\"https:\/\/thepueblatimes.mx\/index.php\/2021\/09\/09\/tiran-perros-envenenados-junto-a-kinder-en-tecamachalco\/#breadcrumb\",\"itemListElement\":[{\"@type\":\"ListItem\",\"position\":1,\"name\":\"Portada\",\"item\":\"https:\/\/thepueblatimes.mx\/\"},{\"@type\":\"ListItem\",\"position\":2,\"name\":\"Tiran perros envenenados junto a k\u00ednder en Tecamachalco\"}]},{\"@type\":\"WebSite\",\"@id\":\"https:\/\/thepueblatimes.mx\/#website\",\"url\":\"https:\/\/thepueblatimes.mx\/\",\"name\":\"The Puebla Times\",\"description\":\"Noticias del Estado de Puebla\",\"potentialAction\":[{\"@type\":\"SearchAction\",\"target\":{\"@type\":\"EntryPoint\",\"urlTemplate\":\"https:\/\/thepueblatimes.mx\/?s={search_term_string}\"},\"query-input\":\"required name=search_term_string\"}],\"inLanguage\":\"es\"},{\"@type\":\"Person\",\"@id\":\"https:\/\/thepueblatimes.mx\/#\/schema\/person\/7bdf2adbc50078b104bba72b5612f774\",\"name\":\"Francisco S\u00e1nchez Nolasco\",\"image\":{\"@type\":\"ImageObject\",\"inLanguage\":\"es\",\"@id\":\"https:\/\/thepueblatimes.mx\/#\/schema\/person\/image\/\",\"url\":\"https:\/\/secure.gravatar.com\/avatar\/6061d7d20b38bc2742a5218401b198d2?s=96&d=mm&r=g\",\"contentUrl\":\"https:\/\/secure.gravatar.com\/avatar\/6061d7d20b38bc2742a5218401b198d2?s=96&d=mm&r=g\",\"caption\":\"Francisco S\u00e1nchez Nolasco\"},\"url\":\"https:\/\/thepueblatimes.mx\/index.php\/author\/marianitha-reyes\/\"}]}<\/script>\n<!-- \/ Yoast SEO plugin. -->","yoast_head_json":{"title":"Tiran perros envenenados junto a k\u00ednder en Tecamachalco - The Puebla Times","robots":{"index":"index","follow":"follow","max-snippet":"max-snippet:-1","max-image-preview":"max-image-preview:large","max-video-preview":"max-video-preview:-1"},"canonical":"https:\/\/thepueblatimes.mx\/index.php\/2021\/09\/09\/tiran-perros-envenenados-junto-a-kinder-en-tecamachalco\/","og_locale":"es_ES","og_type":"article","og_title":"Tiran perros envenenados junto a k\u00ednder en Tecamachalco - The Puebla Times","og_description":"Tecamachalco, Pue.-\u00a0Durante la ma\u00f1ana de este martes el envenenamiento de perros en el barrio de San Sebasti\u00e1n gener\u00f3 molestia entre los vecinos.\u00a0 Los vecinos reportaron que por lo menos 15 perros fueron envenenados, algunos de los cuales aparecieron tirados en un predio bald\u00edo ubicado sobre la calle 29 norte y otros m\u00e1s en sus domicilios....","og_url":"https:\/\/thepueblatimes.mx\/index.php\/2021\/09\/09\/tiran-perros-envenenados-junto-a-kinder-en-tecamachalco\/","og_site_name":"The Puebla Times","article_published_time":"2021-09-09T05:29:04+00:00","og_image":[{"width":1213,"height":771,"url":"https:\/\/thepueblatimes.mx\/wp-content\/uploads\/2021\/09\/perros2.jpg","type":"image\/jpeg"}],"author":"Francisco S\u00e1nchez Nolasco","twitter_card":"summary_large_image","twitter_misc":{"Escrito por":"Francisco S\u00e1nchez Nolasco","Tiempo de lectura":"1 minuto"},"schema":{"@context":"https:\/\/schema.org","@graph":[{"@type":"WebPage","@id":"https:\/\/thepueblatimes.mx\/index.php\/2021\/09\/09\/tiran-perros-envenenados-junto-a-kinder-en-tecamachalco\/","url":"https:\/\/thepueblatimes.mx\/index.php\/2021\/09\/09\/tiran-perros-envenenados-junto-a-kinder-en-tecamachalco\/","name":"Tiran perros envenenados junto a k\u00ednder en Tecamachalco - The Puebla Times","isPartOf":{"@id":"https:\/\/thepueblatimes.mx\/#website"},"datePublished":"2021-09-09T05:29:04+00:00","dateModified":"2021-09-09T05:29:04+00:00","author":{"@id":"https:\/\/thepueblatimes.mx\/#\/schema\/person\/7bdf2adbc50078b104bba72b5612f774"},"breadcrumb":{"@id":"https:\/\/thepueblatimes.mx\/index.php\/2021\/09\/09\/tiran-perros-envenenados-junto-a-kinder-en-tecamachalco\/#breadcrumb"},"inLanguage":"es","potentialAction":[{"@type":"ReadAction","target":["https:\/\/thepueblatimes.mx\/index.php\/2021\/09\/09\/tiran-perros-envenenados-junto-a-kinder-en-tecamachalco\/"]}]},{"@type":"BreadcrumbList","@id":"https:\/\/thepueblatimes.mx\/index.php\/2021\/09\/09\/tiran-perros-envenenados-junto-a-kinder-en-tecamachalco\/#breadcrumb","itemListElement":[{"@type":"ListItem","position":1,"name":"Portada","item":"https:\/\/thepueblatimes.mx\/"},{"@type":"ListItem","position":2,"name":"Tiran perros envenenados junto a k\u00ednder en Tecamachalco"}]},{"@type":"WebSite","@id":"https:\/\/thepueblatimes.mx\/#website","url":"https:\/\/thepueblatimes.mx\/","name":"The Puebla Times","description":"Noticias del Estado de Puebla","potentialAction":[{"@type":"SearchAction","target":{"@type":"EntryPoint","urlTemplate":"https:\/\/thepueblatimes.mx\/?s={search_term_string}"},"query-input":"required name=search_term_string"}],"inLanguage":"es"},{"@type":"Person","@id":"https:\/\/thepueblatimes.mx\/#\/schema\/person\/7bdf2adbc50078b104bba72b5612f774","name":"Francisco S\u00e1nchez Nolasco","image":{"@type":"ImageObject","inLanguage":"es","@id":"https:\/\/thepueblatimes.mx\/#\/schema\/person\/image\/","url":"https:\/\/secure.gravatar.com\/avatar\/6061d7d20b38bc2742a5218401b198d2?s=96&d=mm&r=g","contentUrl":"https:\/\/secure.gravatar.com\/avatar\/6061d7d20b38bc2742a5218401b198d2?s=96&d=mm&r=g","caption":"Francisco S\u00e1nchez Nolasco"},"url":"https:\/\/thepueblatimes.mx\/index.php\/author\/marianitha-reyes\/"}]}},"jetpack_featured_media_url":"https:\/\/thepueblatimes.mx\/wp-content\/uploads\/2021\/09\/perros2.jpg","_links":{"self":[{"href":"https:\/\/thepueblatimes.mx\/index.php\/wp-json\/wp\/v2\/posts\/15710"}],"collection":[{"href":"https:\/\/thepueblatimes.mx\/index.php\/wp-json\/wp\/v2\/posts"}],"about":[{"href":"https:\/\/thepueblatimes.mx\/index.php\/wp-json\/wp\/v2\/types\/post"}],"author":[{"embeddable":true,"href":"https:\/\/thepueblatimes.mx\/index.php\/wp-json\/wp\/v2\/users\/15"}],"replies":[{"embeddable":true,"href":"https:\/\/thepueblatimes.mx\/index.php\/wp-json\/wp\/v2\/comments?post=15710"}],"version-history":[{"count":1,"href":"https:\/\/thepueblatimes.mx\/index.php\/wp-json\/wp\/v2\/posts\/15710\/revisions"}],"predecessor-version":[{"id":15712,"href":"https:\/\/thepueblatimes.mx\/index.php\/wp-json\/wp\/v2\/posts\/15710\/revisions\/15712"}],"wp:featuredmedia":[{"embeddable":true,"href":"https:\/\/thepueblatimes.mx\/index.php\/wp-json\/wp\/v2\/media\/15711"}],"wp:attachment":[{"href":"https:\/\/thepueblatimes.mx\/index.php\/wp-json\/wp\/v2\/media?parent=15710"}],"wp:term":[{"taxonomy":"category","embeddable":true,"href":"https:\/\/thepueblatimes.mx\/index.php\/wp-json\/wp\/v2\/categories?post=15710"},{"taxonomy":"post_tag","embeddable":true,"href":"https:\/\/thepueblatimes.mx\/index.php\/wp-json\/wp\/v2\/tags?post=15710"}],"curies":[{"name":"wp","href":"https:\/\/api.w.org\/{rel}","templated":true}]}}