{"id":15669,"date":"2021-09-03T23:45:49","date_gmt":"2021-09-04T04:45:49","guid":{"rendered":"https:\/\/thepueblatimes.mx\/?p=15669"},"modified":"2021-09-03T23:45:49","modified_gmt":"2021-09-04T04:45:49","slug":"patrulla-de-policia-estatal-embiste-a-particular-en-amozoc","status":"publish","type":"post","link":"https:\/\/thepueblatimes.mx\/index.php\/2021\/09\/03\/patrulla-de-policia-estatal-embiste-a-particular-en-amozoc\/","title":{"rendered":"Patrulla de polic\u00eda estatal embiste a particular en Amozoc"},"content":{"rendered":"<p>Amozoc, Pue.- <strong>Una patrulla de la Polic\u00eda Estatal embisti\u00f3 a un veh\u00edculo particular en calles del municipio de\u00a0Amozoc la tarde de este viernes.<\/strong><\/p>\n<p>De acuerdo con los primeros reportes, la unidad de polic\u00eda con n\u00famero econ\u00f3mico\u00a0PE-1053\u00a0 circulaba sobre la federal Puebla-Tehuac\u00e1n con intenci\u00f3n de atender un reporte y\u00a0no respet\u00f3 la luz roja\u00a0del sem\u00e1foro.<\/p>\n<p>Sin embargo, en la calle 5 Sur, la patrulla se pas\u00f3 la luz\u00a0roja del sem\u00e1foro y aunque llevaba la sirena encendida, se estrell\u00f3 contra un autom\u00f3vil Chrysler que circulaba sobre la 5 Sur y\u00a0no le dio el paso.<\/p>\n<p>Aunque fue un choque aparatoso, no hubo v\u00edctimas que lamentar, por lo que se realizaron las diligencias correspondientes.<\/p>\n","protected":false},"excerpt":{"rendered":"<p>Amozoc, Pue.- Una patrulla de la Polic\u00eda Estatal embisti\u00f3 a un veh\u00edculo particular en calles del municipio de\u00a0Amozoc la tarde de este viernes. De acuerdo con los primeros reportes, la unidad de polic\u00eda con n\u00famero econ\u00f3mico\u00a0PE-1053\u00a0 circulaba sobre la federal Puebla-Tehuac\u00e1n con intenci\u00f3n de atender un reporte y\u00a0no respet\u00f3 la luz roja\u00a0del sem\u00e1foro. Sin embargo,&#8230;<\/p>\n","protected":false},"author":15,"featured_media":15670,"comment_status":"open","ping_status":"open","sticky":false,"template":"","format":"standard","meta":[],"categories":[20],"tags":[49],"yoast_head":"<!-- This site is optimized with the Yoast SEO plugin v20.8 - https:\/\/yoast.com\/wordpress\/plugins\/seo\/ -->\n<title>Patrulla de polic\u00eda estatal embiste a particular en Amozoc - The Puebla Times<\/title>\n<meta name=\"robots\" content=\"index, follow, max-snippet:-1, max-image-preview:large, max-video-preview:-1\" \/>\n<link rel=\"canonical\" href=\"https:\/\/thepueblatimes.mx\/index.php\/2021\/09\/03\/patrulla-de-policia-estatal-embiste-a-particular-en-amozoc\/\" \/>\n<meta property=\"og:locale\" content=\"es_ES\" \/>\n<meta property=\"og:type\" content=\"article\" \/>\n<meta property=\"og:title\" content=\"Patrulla de polic\u00eda estatal embiste a particular en Amozoc - The Puebla Times\" \/>\n<meta property=\"og:description\" content=\"Amozoc, Pue.- Una patrulla de la Polic\u00eda Estatal embisti\u00f3 a un veh\u00edculo particular en calles del municipio de\u00a0Amozoc la tarde de este viernes. De acuerdo con los primeros reportes, la unidad de polic\u00eda con n\u00famero econ\u00f3mico\u00a0PE-1053\u00a0 circulaba sobre la federal Puebla-Tehuac\u00e1n con intenci\u00f3n de atender un reporte y\u00a0no respet\u00f3 la luz roja\u00a0del sem\u00e1foro. Sin embargo,...\" \/>\n<meta property=\"og:url\" content=\"https:\/\/thepueblatimes.mx\/index.php\/2021\/09\/03\/patrulla-de-policia-estatal-embiste-a-particular-en-amozoc\/\" \/>\n<meta property=\"og:site_name\" content=\"The Puebla Times\" \/>\n<meta property=\"article:published_time\" content=\"2021-09-04T04:45:49+00:00\" \/>\n<meta property=\"og:image\" content=\"https:\/\/thepueblatimes.mx\/wp-content\/uploads\/2021\/09\/6081A906-86CF-43A7-A021-8395C247BA6F.jpeg\" \/>\n\t<meta property=\"og:image:width\" content=\"640\" \/>\n\t<meta property=\"og:image:height\" content=\"425\" \/>\n\t<meta property=\"og:image:type\" content=\"image\/jpeg\" \/>\n<meta name=\"author\" content=\"Francisco S\u00e1nchez Nolasco\" \/>\n<meta name=\"twitter:card\" content=\"summary_large_image\" \/>\n<meta name=\"twitter:label1\" content=\"Escrito por\" \/>\n\t<meta name=\"twitter:data1\" content=\"Francisco S\u00e1nchez Nolasco\" \/>\n\t<meta name=\"twitter:label2\" content=\"Tiempo de lectura\" \/>\n\t<meta name=\"twitter:data2\" content=\"1 minuto\" \/>\n<script type=\"application\/ld+json\" class=\"yoast-schema-graph\">{\"@context\":\"https:\/\/schema.org\",\"@graph\":[{\"@type\":\"WebPage\",\"@id\":\"https:\/\/thepueblatimes.mx\/index.php\/2021\/09\/03\/patrulla-de-policia-estatal-embiste-a-particular-en-amozoc\/\",\"url\":\"https:\/\/thepueblatimes.mx\/index.php\/2021\/09\/03\/patrulla-de-policia-estatal-embiste-a-particular-en-amozoc\/\",\"name\":\"Patrulla de polic\u00eda estatal embiste a particular en Amozoc - The Puebla Times\",\"isPartOf\":{\"@id\":\"https:\/\/thepueblatimes.mx\/#website\"},\"datePublished\":\"2021-09-04T04:45:49+00:00\",\"dateModified\":\"2021-09-04T04:45:49+00:00\",\"author\":{\"@id\":\"https:\/\/thepueblatimes.mx\/#\/schema\/person\/7bdf2adbc50078b104bba72b5612f774\"},\"breadcrumb\":{\"@id\":\"https:\/\/thepueblatimes.mx\/index.php\/2021\/09\/03\/patrulla-de-policia-estatal-embiste-a-particular-en-amozoc\/#breadcrumb\"},\"inLanguage\":\"es\",\"potentialAction\":[{\"@type\":\"ReadAction\",\"target\":[\"https:\/\/thepueblatimes.mx\/index.php\/2021\/09\/03\/patrulla-de-policia-estatal-embiste-a-particular-en-amozoc\/\"]}]},{\"@type\":\"BreadcrumbList\",\"@id\":\"https:\/\/thepueblatimes.mx\/index.php\/2021\/09\/03\/patrulla-de-policia-estatal-embiste-a-particular-en-amozoc\/#breadcrumb\",\"itemListElement\":[{\"@type\":\"ListItem\",\"position\":1,\"name\":\"Portada\",\"item\":\"https:\/\/thepueblatimes.mx\/\"},{\"@type\":\"ListItem\",\"position\":2,\"name\":\"Patrulla de polic\u00eda estatal embiste a particular en Amozoc\"}]},{\"@type\":\"WebSite\",\"@id\":\"https:\/\/thepueblatimes.mx\/#website\",\"url\":\"https:\/\/thepueblatimes.mx\/\",\"name\":\"The Puebla Times\",\"description\":\"Noticias del Estado de Puebla\",\"potentialAction\":[{\"@type\":\"SearchAction\",\"target\":{\"@type\":\"EntryPoint\",\"urlTemplate\":\"https:\/\/thepueblatimes.mx\/?s={search_term_string}\"},\"query-input\":\"required name=search_term_string\"}],\"inLanguage\":\"es\"},{\"@type\":\"Person\",\"@id\":\"https:\/\/thepueblatimes.mx\/#\/schema\/person\/7bdf2adbc50078b104bba72b5612f774\",\"name\":\"Francisco S\u00e1nchez Nolasco\",\"image\":{\"@type\":\"ImageObject\",\"inLanguage\":\"es\",\"@id\":\"https:\/\/thepueblatimes.mx\/#\/schema\/person\/image\/\",\"url\":\"https:\/\/secure.gravatar.com\/avatar\/6061d7d20b38bc2742a5218401b198d2?s=96&d=mm&r=g\",\"contentUrl\":\"https:\/\/secure.gravatar.com\/avatar\/6061d7d20b38bc2742a5218401b198d2?s=96&d=mm&r=g\",\"caption\":\"Francisco S\u00e1nchez Nolasco\"},\"url\":\"https:\/\/thepueblatimes.mx\/index.php\/author\/marianitha-reyes\/\"}]}<\/script>\n<!-- \/ Yoast SEO plugin. -->","yoast_head_json":{"title":"Patrulla de polic\u00eda estatal embiste a particular en Amozoc - The Puebla Times","robots":{"index":"index","follow":"follow","max-snippet":"max-snippet:-1","max-image-preview":"max-image-preview:large","max-video-preview":"max-video-preview:-1"},"canonical":"https:\/\/thepueblatimes.mx\/index.php\/2021\/09\/03\/patrulla-de-policia-estatal-embiste-a-particular-en-amozoc\/","og_locale":"es_ES","og_type":"article","og_title":"Patrulla de polic\u00eda estatal embiste a particular en Amozoc - The Puebla Times","og_description":"Amozoc, Pue.- Una patrulla de la Polic\u00eda Estatal embisti\u00f3 a un veh\u00edculo particular en calles del municipio de\u00a0Amozoc la tarde de este viernes. De acuerdo con los primeros reportes, la unidad de polic\u00eda con n\u00famero econ\u00f3mico\u00a0PE-1053\u00a0 circulaba sobre la federal Puebla-Tehuac\u00e1n con intenci\u00f3n de atender un reporte y\u00a0no respet\u00f3 la luz roja\u00a0del sem\u00e1foro. Sin embargo,...","og_url":"https:\/\/thepueblatimes.mx\/index.php\/2021\/09\/03\/patrulla-de-policia-estatal-embiste-a-particular-en-amozoc\/","og_site_name":"The Puebla Times","article_published_time":"2021-09-04T04:45:49+00:00","og_image":[{"width":640,"height":425,"url":"https:\/\/thepueblatimes.mx\/wp-content\/uploads\/2021\/09\/6081A906-86CF-43A7-A021-8395C247BA6F.jpeg","type":"image\/jpeg"}],"author":"Francisco S\u00e1nchez Nolasco","twitter_card":"summary_large_image","twitter_misc":{"Escrito por":"Francisco S\u00e1nchez Nolasco","Tiempo de lectura":"1 minuto"},"schema":{"@context":"https:\/\/schema.org","@graph":[{"@type":"WebPage","@id":"https:\/\/thepueblatimes.mx\/index.php\/2021\/09\/03\/patrulla-de-policia-estatal-embiste-a-particular-en-amozoc\/","url":"https:\/\/thepueblatimes.mx\/index.php\/2021\/09\/03\/patrulla-de-policia-estatal-embiste-a-particular-en-amozoc\/","name":"Patrulla de polic\u00eda estatal embiste a particular en Amozoc - The Puebla Times","isPartOf":{"@id":"https:\/\/thepueblatimes.mx\/#website"},"datePublished":"2021-09-04T04:45:49+00:00","dateModified":"2021-09-04T04:45:49+00:00","author":{"@id":"https:\/\/thepueblatimes.mx\/#\/schema\/person\/7bdf2adbc50078b104bba72b5612f774"},"breadcrumb":{"@id":"https:\/\/thepueblatimes.mx\/index.php\/2021\/09\/03\/patrulla-de-policia-estatal-embiste-a-particular-en-amozoc\/#breadcrumb"},"inLanguage":"es","potentialAction":[{"@type":"ReadAction","target":["https:\/\/thepueblatimes.mx\/index.php\/2021\/09\/03\/patrulla-de-policia-estatal-embiste-a-particular-en-amozoc\/"]}]},{"@type":"BreadcrumbList","@id":"https:\/\/thepueblatimes.mx\/index.php\/2021\/09\/03\/patrulla-de-policia-estatal-embiste-a-particular-en-amozoc\/#breadcrumb","itemListElement":[{"@type":"ListItem","position":1,"name":"Portada","item":"https:\/\/thepueblatimes.mx\/"},{"@type":"ListItem","position":2,"name":"Patrulla de polic\u00eda estatal embiste a particular en Amozoc"}]},{"@type":"WebSite","@id":"https:\/\/thepueblatimes.mx\/#website","url":"https:\/\/thepueblatimes.mx\/","name":"The Puebla Times","description":"Noticias del Estado de Puebla","potentialAction":[{"@type":"SearchAction","target":{"@type":"EntryPoint","urlTemplate":"https:\/\/thepueblatimes.mx\/?s={search_term_string}"},"query-input":"required name=search_term_string"}],"inLanguage":"es"},{"@type":"Person","@id":"https:\/\/thepueblatimes.mx\/#\/schema\/person\/7bdf2adbc50078b104bba72b5612f774","name":"Francisco S\u00e1nchez Nolasco","image":{"@type":"ImageObject","inLanguage":"es","@id":"https:\/\/thepueblatimes.mx\/#\/schema\/person\/image\/","url":"https:\/\/secure.gravatar.com\/avatar\/6061d7d20b38bc2742a5218401b198d2?s=96&d=mm&r=g","contentUrl":"https:\/\/secure.gravatar.com\/avatar\/6061d7d20b38bc2742a5218401b198d2?s=96&d=mm&r=g","caption":"Francisco S\u00e1nchez Nolasco"},"url":"https:\/\/thepueblatimes.mx\/index.php\/author\/marianitha-reyes\/"}]}},"jetpack_featured_media_url":"https:\/\/thepueblatimes.mx\/wp-content\/uploads\/2021\/09\/6081A906-86CF-43A7-A021-8395C247BA6F.jpeg","_links":{"self":[{"href":"https:\/\/thepueblatimes.mx\/index.php\/wp-json\/wp\/v2\/posts\/15669"}],"collection":[{"href":"https:\/\/thepueblatimes.mx\/index.php\/wp-json\/wp\/v2\/posts"}],"about":[{"href":"https:\/\/thepueblatimes.mx\/index.php\/wp-json\/wp\/v2\/types\/post"}],"author":[{"embeddable":true,"href":"https:\/\/thepueblatimes.mx\/index.php\/wp-json\/wp\/v2\/users\/15"}],"replies":[{"embeddable":true,"href":"https:\/\/thepueblatimes.mx\/index.php\/wp-json\/wp\/v2\/comments?post=15669"}],"version-history":[{"count":1,"href":"https:\/\/thepueblatimes.mx\/index.php\/wp-json\/wp\/v2\/posts\/15669\/revisions"}],"predecessor-version":[{"id":15671,"href":"https:\/\/thepueblatimes.mx\/index.php\/wp-json\/wp\/v2\/posts\/15669\/revisions\/15671"}],"wp:featuredmedia":[{"embeddable":true,"href":"https:\/\/thepueblatimes.mx\/index.php\/wp-json\/wp\/v2\/media\/15670"}],"wp:attachment":[{"href":"https:\/\/thepueblatimes.mx\/index.php\/wp-json\/wp\/v2\/media?parent=15669"}],"wp:term":[{"taxonomy":"category","embeddable":true,"href":"https:\/\/thepueblatimes.mx\/index.php\/wp-json\/wp\/v2\/categories?post=15669"},{"taxonomy":"post_tag","embeddable":true,"href":"https:\/\/thepueblatimes.mx\/index.php\/wp-json\/wp\/v2\/tags?post=15669"}],"curies":[{"name":"wp","href":"https:\/\/api.w.org\/{rel}","templated":true}]}}