{"id":15663,"date":"2021-09-03T23:42:11","date_gmt":"2021-09-04T04:42:11","guid":{"rendered":"https:\/\/thepueblatimes.mx\/?p=15663"},"modified":"2021-09-03T23:42:11","modified_gmt":"2021-09-04T04:42:11","slug":"hallan-cuerpo-de-uno-de-los-que-cayo-de-retroexcavadora-en-tlatlauquitepec","status":"publish","type":"post","link":"https:\/\/thepueblatimes.mx\/index.php\/2021\/09\/03\/hallan-cuerpo-de-uno-de-los-que-cayo-de-retroexcavadora-en-tlatlauquitepec\/","title":{"rendered":"Hallan cuerpo de uno de los que cay\u00f3 de retroexcavadora en Tlatlauquitepec"},"content":{"rendered":"<p>Tlatlauquitepec, Pue.- <strong>Este viernes por la tarde fue localizado el cuerpo de una de las tres personas que cayeron al r\u00edo desde una m\u00e1quina retroexcavadora en el municipio de Tlatlauquitepec.<\/strong><\/p>\n<p>M\u00e1s de 200 comuneros de la zona baja del municipio se sumaron a los trabajos de b\u00fasqueda, que finalmente dieron resultado alrededor de las 17:20 horas.<\/p>\n<p>El cuerpo fue localizado a dos kil\u00f3metros de donde se encontr\u00f3 inicialmente la retroexcavadora.<\/p>\n<p>Horas m\u00e1s tarde se le identific\u00f3 como Mateo Encarnaci\u00f3n Ruperto de 34 a\u00f1os de edad y originario de la comunidad de Coatectzin Centro.<\/p>\n<p>Hasta el momento dos personas m\u00e1s se encuentran desaparecidas y las labores de suspendieron a las 19:30 horas y se reanudar\u00e1n ma\u00f1ana a las 07:00 horas.<\/p>\n","protected":false},"excerpt":{"rendered":"<p>Tlatlauquitepec, Pue.- Este viernes por la tarde fue localizado el cuerpo de una de las tres personas que cayeron al r\u00edo desde una m\u00e1quina retroexcavadora en el municipio de Tlatlauquitepec. M\u00e1s de 200 comuneros de la zona baja del municipio se sumaron a los trabajos de b\u00fasqueda, que finalmente dieron resultado alrededor de las 17:20&#8230;<\/p>\n","protected":false},"author":15,"featured_media":15664,"comment_status":"open","ping_status":"open","sticky":false,"template":"","format":"standard","meta":[],"categories":[20],"tags":[49],"yoast_head":"<!-- This site is optimized with the Yoast SEO plugin v20.8 - https:\/\/yoast.com\/wordpress\/plugins\/seo\/ -->\n<title>Hallan cuerpo de uno de los que cay\u00f3 de retroexcavadora en Tlatlauquitepec - The Puebla Times<\/title>\n<meta name=\"robots\" content=\"index, follow, max-snippet:-1, max-image-preview:large, max-video-preview:-1\" \/>\n<link rel=\"canonical\" href=\"https:\/\/thepueblatimes.mx\/index.php\/2021\/09\/03\/hallan-cuerpo-de-uno-de-los-que-cayo-de-retroexcavadora-en-tlatlauquitepec\/\" \/>\n<meta property=\"og:locale\" content=\"es_ES\" \/>\n<meta property=\"og:type\" content=\"article\" \/>\n<meta property=\"og:title\" content=\"Hallan cuerpo de uno de los que cay\u00f3 de retroexcavadora en Tlatlauquitepec - The Puebla Times\" \/>\n<meta property=\"og:description\" content=\"Tlatlauquitepec, Pue.- Este viernes por la tarde fue localizado el cuerpo de una de las tres personas que cayeron al r\u00edo desde una m\u00e1quina retroexcavadora en el municipio de Tlatlauquitepec. M\u00e1s de 200 comuneros de la zona baja del municipio se sumaron a los trabajos de b\u00fasqueda, que finalmente dieron resultado alrededor de las 17:20...\" \/>\n<meta property=\"og:url\" content=\"https:\/\/thepueblatimes.mx\/index.php\/2021\/09\/03\/hallan-cuerpo-de-uno-de-los-que-cayo-de-retroexcavadora-en-tlatlauquitepec\/\" \/>\n<meta property=\"og:site_name\" content=\"The Puebla Times\" \/>\n<meta property=\"article:published_time\" content=\"2021-09-04T04:42:11+00:00\" \/>\n<meta property=\"og:image\" content=\"https:\/\/thepueblatimes.mx\/wp-content\/uploads\/2021\/09\/5811F6D3-9AC6-4E06-9CA7-83374702B5EB.jpeg\" \/>\n\t<meta property=\"og:image:width\" content=\"720\" \/>\n\t<meta property=\"og:image:height\" content=\"480\" \/>\n\t<meta property=\"og:image:type\" content=\"image\/jpeg\" \/>\n<meta name=\"author\" content=\"Francisco S\u00e1nchez Nolasco\" \/>\n<meta name=\"twitter:card\" content=\"summary_large_image\" \/>\n<meta name=\"twitter:label1\" content=\"Escrito por\" \/>\n\t<meta name=\"twitter:data1\" content=\"Francisco S\u00e1nchez Nolasco\" \/>\n\t<meta name=\"twitter:label2\" content=\"Tiempo de lectura\" \/>\n\t<meta name=\"twitter:data2\" content=\"1 minuto\" \/>\n<script type=\"application\/ld+json\" class=\"yoast-schema-graph\">{\"@context\":\"https:\/\/schema.org\",\"@graph\":[{\"@type\":\"WebPage\",\"@id\":\"https:\/\/thepueblatimes.mx\/index.php\/2021\/09\/03\/hallan-cuerpo-de-uno-de-los-que-cayo-de-retroexcavadora-en-tlatlauquitepec\/\",\"url\":\"https:\/\/thepueblatimes.mx\/index.php\/2021\/09\/03\/hallan-cuerpo-de-uno-de-los-que-cayo-de-retroexcavadora-en-tlatlauquitepec\/\",\"name\":\"Hallan cuerpo de uno de los que cay\u00f3 de retroexcavadora en Tlatlauquitepec - The Puebla Times\",\"isPartOf\":{\"@id\":\"https:\/\/thepueblatimes.mx\/#website\"},\"datePublished\":\"2021-09-04T04:42:11+00:00\",\"dateModified\":\"2021-09-04T04:42:11+00:00\",\"author\":{\"@id\":\"https:\/\/thepueblatimes.mx\/#\/schema\/person\/7bdf2adbc50078b104bba72b5612f774\"},\"breadcrumb\":{\"@id\":\"https:\/\/thepueblatimes.mx\/index.php\/2021\/09\/03\/hallan-cuerpo-de-uno-de-los-que-cayo-de-retroexcavadora-en-tlatlauquitepec\/#breadcrumb\"},\"inLanguage\":\"es\",\"potentialAction\":[{\"@type\":\"ReadAction\",\"target\":[\"https:\/\/thepueblatimes.mx\/index.php\/2021\/09\/03\/hallan-cuerpo-de-uno-de-los-que-cayo-de-retroexcavadora-en-tlatlauquitepec\/\"]}]},{\"@type\":\"BreadcrumbList\",\"@id\":\"https:\/\/thepueblatimes.mx\/index.php\/2021\/09\/03\/hallan-cuerpo-de-uno-de-los-que-cayo-de-retroexcavadora-en-tlatlauquitepec\/#breadcrumb\",\"itemListElement\":[{\"@type\":\"ListItem\",\"position\":1,\"name\":\"Portada\",\"item\":\"https:\/\/thepueblatimes.mx\/\"},{\"@type\":\"ListItem\",\"position\":2,\"name\":\"Hallan cuerpo de uno de los que cay\u00f3 de retroexcavadora en Tlatlauquitepec\"}]},{\"@type\":\"WebSite\",\"@id\":\"https:\/\/thepueblatimes.mx\/#website\",\"url\":\"https:\/\/thepueblatimes.mx\/\",\"name\":\"The Puebla Times\",\"description\":\"Noticias del Estado de Puebla\",\"potentialAction\":[{\"@type\":\"SearchAction\",\"target\":{\"@type\":\"EntryPoint\",\"urlTemplate\":\"https:\/\/thepueblatimes.mx\/?s={search_term_string}\"},\"query-input\":\"required name=search_term_string\"}],\"inLanguage\":\"es\"},{\"@type\":\"Person\",\"@id\":\"https:\/\/thepueblatimes.mx\/#\/schema\/person\/7bdf2adbc50078b104bba72b5612f774\",\"name\":\"Francisco S\u00e1nchez Nolasco\",\"image\":{\"@type\":\"ImageObject\",\"inLanguage\":\"es\",\"@id\":\"https:\/\/thepueblatimes.mx\/#\/schema\/person\/image\/\",\"url\":\"https:\/\/secure.gravatar.com\/avatar\/6061d7d20b38bc2742a5218401b198d2?s=96&d=mm&r=g\",\"contentUrl\":\"https:\/\/secure.gravatar.com\/avatar\/6061d7d20b38bc2742a5218401b198d2?s=96&d=mm&r=g\",\"caption\":\"Francisco S\u00e1nchez Nolasco\"},\"url\":\"https:\/\/thepueblatimes.mx\/index.php\/author\/marianitha-reyes\/\"}]}<\/script>\n<!-- \/ Yoast SEO plugin. -->","yoast_head_json":{"title":"Hallan cuerpo de uno de los que cay\u00f3 de retroexcavadora en Tlatlauquitepec - The Puebla Times","robots":{"index":"index","follow":"follow","max-snippet":"max-snippet:-1","max-image-preview":"max-image-preview:large","max-video-preview":"max-video-preview:-1"},"canonical":"https:\/\/thepueblatimes.mx\/index.php\/2021\/09\/03\/hallan-cuerpo-de-uno-de-los-que-cayo-de-retroexcavadora-en-tlatlauquitepec\/","og_locale":"es_ES","og_type":"article","og_title":"Hallan cuerpo de uno de los que cay\u00f3 de retroexcavadora en Tlatlauquitepec - The Puebla Times","og_description":"Tlatlauquitepec, Pue.- Este viernes por la tarde fue localizado el cuerpo de una de las tres personas que cayeron al r\u00edo desde una m\u00e1quina retroexcavadora en el municipio de Tlatlauquitepec. M\u00e1s de 200 comuneros de la zona baja del municipio se sumaron a los trabajos de b\u00fasqueda, que finalmente dieron resultado alrededor de las 17:20...","og_url":"https:\/\/thepueblatimes.mx\/index.php\/2021\/09\/03\/hallan-cuerpo-de-uno-de-los-que-cayo-de-retroexcavadora-en-tlatlauquitepec\/","og_site_name":"The Puebla Times","article_published_time":"2021-09-04T04:42:11+00:00","og_image":[{"width":720,"height":480,"url":"https:\/\/thepueblatimes.mx\/wp-content\/uploads\/2021\/09\/5811F6D3-9AC6-4E06-9CA7-83374702B5EB.jpeg","type":"image\/jpeg"}],"author":"Francisco S\u00e1nchez Nolasco","twitter_card":"summary_large_image","twitter_misc":{"Escrito por":"Francisco S\u00e1nchez Nolasco","Tiempo de lectura":"1 minuto"},"schema":{"@context":"https:\/\/schema.org","@graph":[{"@type":"WebPage","@id":"https:\/\/thepueblatimes.mx\/index.php\/2021\/09\/03\/hallan-cuerpo-de-uno-de-los-que-cayo-de-retroexcavadora-en-tlatlauquitepec\/","url":"https:\/\/thepueblatimes.mx\/index.php\/2021\/09\/03\/hallan-cuerpo-de-uno-de-los-que-cayo-de-retroexcavadora-en-tlatlauquitepec\/","name":"Hallan cuerpo de uno de los que cay\u00f3 de retroexcavadora en Tlatlauquitepec - The Puebla Times","isPartOf":{"@id":"https:\/\/thepueblatimes.mx\/#website"},"datePublished":"2021-09-04T04:42:11+00:00","dateModified":"2021-09-04T04:42:11+00:00","author":{"@id":"https:\/\/thepueblatimes.mx\/#\/schema\/person\/7bdf2adbc50078b104bba72b5612f774"},"breadcrumb":{"@id":"https:\/\/thepueblatimes.mx\/index.php\/2021\/09\/03\/hallan-cuerpo-de-uno-de-los-que-cayo-de-retroexcavadora-en-tlatlauquitepec\/#breadcrumb"},"inLanguage":"es","potentialAction":[{"@type":"ReadAction","target":["https:\/\/thepueblatimes.mx\/index.php\/2021\/09\/03\/hallan-cuerpo-de-uno-de-los-que-cayo-de-retroexcavadora-en-tlatlauquitepec\/"]}]},{"@type":"BreadcrumbList","@id":"https:\/\/thepueblatimes.mx\/index.php\/2021\/09\/03\/hallan-cuerpo-de-uno-de-los-que-cayo-de-retroexcavadora-en-tlatlauquitepec\/#breadcrumb","itemListElement":[{"@type":"ListItem","position":1,"name":"Portada","item":"https:\/\/thepueblatimes.mx\/"},{"@type":"ListItem","position":2,"name":"Hallan cuerpo de uno de los que cay\u00f3 de retroexcavadora en Tlatlauquitepec"}]},{"@type":"WebSite","@id":"https:\/\/thepueblatimes.mx\/#website","url":"https:\/\/thepueblatimes.mx\/","name":"The Puebla Times","description":"Noticias del Estado de Puebla","potentialAction":[{"@type":"SearchAction","target":{"@type":"EntryPoint","urlTemplate":"https:\/\/thepueblatimes.mx\/?s={search_term_string}"},"query-input":"required name=search_term_string"}],"inLanguage":"es"},{"@type":"Person","@id":"https:\/\/thepueblatimes.mx\/#\/schema\/person\/7bdf2adbc50078b104bba72b5612f774","name":"Francisco S\u00e1nchez Nolasco","image":{"@type":"ImageObject","inLanguage":"es","@id":"https:\/\/thepueblatimes.mx\/#\/schema\/person\/image\/","url":"https:\/\/secure.gravatar.com\/avatar\/6061d7d20b38bc2742a5218401b198d2?s=96&d=mm&r=g","contentUrl":"https:\/\/secure.gravatar.com\/avatar\/6061d7d20b38bc2742a5218401b198d2?s=96&d=mm&r=g","caption":"Francisco S\u00e1nchez Nolasco"},"url":"https:\/\/thepueblatimes.mx\/index.php\/author\/marianitha-reyes\/"}]}},"jetpack_featured_media_url":"https:\/\/thepueblatimes.mx\/wp-content\/uploads\/2021\/09\/5811F6D3-9AC6-4E06-9CA7-83374702B5EB.jpeg","_links":{"self":[{"href":"https:\/\/thepueblatimes.mx\/index.php\/wp-json\/wp\/v2\/posts\/15663"}],"collection":[{"href":"https:\/\/thepueblatimes.mx\/index.php\/wp-json\/wp\/v2\/posts"}],"about":[{"href":"https:\/\/thepueblatimes.mx\/index.php\/wp-json\/wp\/v2\/types\/post"}],"author":[{"embeddable":true,"href":"https:\/\/thepueblatimes.mx\/index.php\/wp-json\/wp\/v2\/users\/15"}],"replies":[{"embeddable":true,"href":"https:\/\/thepueblatimes.mx\/index.php\/wp-json\/wp\/v2\/comments?post=15663"}],"version-history":[{"count":1,"href":"https:\/\/thepueblatimes.mx\/index.php\/wp-json\/wp\/v2\/posts\/15663\/revisions"}],"predecessor-version":[{"id":15665,"href":"https:\/\/thepueblatimes.mx\/index.php\/wp-json\/wp\/v2\/posts\/15663\/revisions\/15665"}],"wp:featuredmedia":[{"embeddable":true,"href":"https:\/\/thepueblatimes.mx\/index.php\/wp-json\/wp\/v2\/media\/15664"}],"wp:attachment":[{"href":"https:\/\/thepueblatimes.mx\/index.php\/wp-json\/wp\/v2\/media?parent=15663"}],"wp:term":[{"taxonomy":"category","embeddable":true,"href":"https:\/\/thepueblatimes.mx\/index.php\/wp-json\/wp\/v2\/categories?post=15663"},{"taxonomy":"post_tag","embeddable":true,"href":"https:\/\/thepueblatimes.mx\/index.php\/wp-json\/wp\/v2\/tags?post=15663"}],"curies":[{"name":"wp","href":"https:\/\/api.w.org\/{rel}","templated":true}]}}