{"id":15542,"date":"2021-08-25T20:39:21","date_gmt":"2021-08-26T01:39:21","guid":{"rendered":"https:\/\/thepueblatimes.mx\/?p=15542"},"modified":"2021-08-25T20:39:21","modified_gmt":"2021-08-26T01:39:21","slug":"mexico-dara-asilo-a-los-ciudadanos-afganos-que-lo-soliciten","status":"publish","type":"post","link":"https:\/\/thepueblatimes.mx\/index.php\/2021\/08\/25\/mexico-dara-asilo-a-los-ciudadanos-afganos-que-lo-soliciten\/","title":{"rendered":"M\u00e9xico dar\u00e1 asilo a los ciudadanos afganos que lo soliciten"},"content":{"rendered":"<p>\u201c<strong>Esta Secretar\u00eda de Gobernaci\u00f3n<\/strong>\u00a0ha emitido opini\u00f3n favorable para que el asilo pol\u00edtico sea concedido a personas de nacionalidad afgana que as\u00ed lo requieran\u201d,\u00a0<strong>dijo la funcionaria durante su participaci\u00f3n en la Conferencia Nacional de Migraci\u00f3n.<\/strong><\/p>\n<p>Cordero record\u00f3 que actualmente el pueblo afgano atraviesa una situaci\u00f3n delicada y, ante ello, M\u00e9xico no debe permanecer indiferente.<\/p>\n<p>El pa\u00eds respalda la colaboraci\u00f3n internacional para garantizar la protecci\u00f3n a personas migrantes y refugiados, expus\u00f3.\u00a0\u201cSin importar la regi\u00f3n en el mundo de la que provengan, nuestro pa\u00eds siempre se ha caracterizado por ser un pa\u00eds solidario con quienes por circunstancias pol\u00edticas, econ\u00f3micas, sociales o desastres naturales huyen de los acontecimientos de sus pa\u00edses\u201d.<\/p>\n<p>Afirm\u00f3 que los migrantes son agentes proactivos en el desarrollo econ\u00f3mico social y cultural de las diferentes regiones del pa\u00eds.<\/p>\n<p>Destac\u00f3, ha puesto en marcha la expedici\u00f3n de actas de nacimiento, de la Clave \u00danica de Registro de Poblaci\u00f3n y las ofertas de trabajo publicadas por el Servicio Nacional de Empleo.<\/p>\n<p>Consider\u00f3 que M\u00e9xico tambi\u00e9n asume un liderazgo de corresponsabilidad con los pa\u00edses\u00a0<strong>centroamericanos y una colaboraci\u00f3n con Estados Unidos.<\/strong><\/p>\n<p>Actualmente M\u00e9xico recibi\u00f3 desde Afganist\u00e1n<strong>\u00a0a 124 refugiados,<\/strong>\u00a0muchos de ellos periodistas de medios de comunicaci\u00f3n, quienes fueron recibidos por el canciller Marcelo Ebrard.<\/p>\n<p><strong>ANTECEDENTES<\/strong><\/p>\n<p>El martes, M\u00e9xico ya hab\u00eda dado asilo a cinco mujeres afganas integrantes de un equipo de rob\u00f3tica, y a la pareja de una de ellas, como parte de las primeras solicitudes de refugio.<\/p>\n<p>fotograf\u00eda: el universo<\/p>\n","protected":false},"excerpt":{"rendered":"<p>\u201cEsta Secretar\u00eda de Gobernaci\u00f3n\u00a0ha emitido opini\u00f3n favorable para que el asilo pol\u00edtico sea concedido a personas de nacionalidad afgana que as\u00ed lo requieran\u201d,\u00a0dijo la funcionaria durante su participaci\u00f3n en la Conferencia Nacional de Migraci\u00f3n. Cordero record\u00f3 que actualmente el pueblo afgano atraviesa una situaci\u00f3n delicada y, ante ello, M\u00e9xico no debe permanecer indiferente. El pa\u00eds&#8230;<\/p>\n","protected":false},"author":15,"featured_media":15543,"comment_status":"open","ping_status":"open","sticky":false,"template":"","format":"standard","meta":[],"categories":[20],"tags":[49],"yoast_head":"<!-- This site is optimized with the Yoast SEO plugin v20.8 - https:\/\/yoast.com\/wordpress\/plugins\/seo\/ -->\n<title>M\u00e9xico dar\u00e1 asilo a los ciudadanos afganos que lo soliciten - The Puebla Times<\/title>\n<meta name=\"robots\" content=\"index, follow, max-snippet:-1, max-image-preview:large, max-video-preview:-1\" \/>\n<link rel=\"canonical\" href=\"https:\/\/thepueblatimes.mx\/index.php\/2021\/08\/25\/mexico-dara-asilo-a-los-ciudadanos-afganos-que-lo-soliciten\/\" \/>\n<meta property=\"og:locale\" content=\"es_ES\" \/>\n<meta property=\"og:type\" content=\"article\" \/>\n<meta property=\"og:title\" content=\"M\u00e9xico dar\u00e1 asilo a los ciudadanos afganos que lo soliciten - The Puebla Times\" \/>\n<meta property=\"og:description\" content=\"\u201cEsta Secretar\u00eda de Gobernaci\u00f3n\u00a0ha emitido opini\u00f3n favorable para que el asilo pol\u00edtico sea concedido a personas de nacionalidad afgana que as\u00ed lo requieran\u201d,\u00a0dijo la funcionaria durante su participaci\u00f3n en la Conferencia Nacional de Migraci\u00f3n. Cordero record\u00f3 que actualmente el pueblo afgano atraviesa una situaci\u00f3n delicada y, ante ello, M\u00e9xico no debe permanecer indiferente. El pa\u00eds...\" \/>\n<meta property=\"og:url\" content=\"https:\/\/thepueblatimes.mx\/index.php\/2021\/08\/25\/mexico-dara-asilo-a-los-ciudadanos-afganos-que-lo-soliciten\/\" \/>\n<meta property=\"og:site_name\" content=\"The Puebla Times\" \/>\n<meta property=\"article:published_time\" content=\"2021-08-26T01:39:21+00:00\" \/>\n<meta property=\"og:image\" content=\"https:\/\/thepueblatimes.mx\/wp-content\/uploads\/2021\/08\/el_univesros.png\" \/>\n\t<meta property=\"og:image:width\" content=\"885\" \/>\n\t<meta property=\"og:image:height\" content=\"418\" \/>\n\t<meta property=\"og:image:type\" content=\"image\/png\" \/>\n<meta name=\"author\" content=\"Francisco S\u00e1nchez Nolasco\" \/>\n<meta name=\"twitter:card\" content=\"summary_large_image\" \/>\n<meta name=\"twitter:label1\" content=\"Escrito por\" \/>\n\t<meta name=\"twitter:data1\" content=\"Francisco S\u00e1nchez Nolasco\" \/>\n\t<meta name=\"twitter:label2\" content=\"Tiempo de lectura\" \/>\n\t<meta name=\"twitter:data2\" content=\"1 minuto\" \/>\n<script type=\"application\/ld+json\" class=\"yoast-schema-graph\">{\"@context\":\"https:\/\/schema.org\",\"@graph\":[{\"@type\":\"WebPage\",\"@id\":\"https:\/\/thepueblatimes.mx\/index.php\/2021\/08\/25\/mexico-dara-asilo-a-los-ciudadanos-afganos-que-lo-soliciten\/\",\"url\":\"https:\/\/thepueblatimes.mx\/index.php\/2021\/08\/25\/mexico-dara-asilo-a-los-ciudadanos-afganos-que-lo-soliciten\/\",\"name\":\"M\u00e9xico dar\u00e1 asilo a los ciudadanos afganos que lo soliciten - The Puebla Times\",\"isPartOf\":{\"@id\":\"https:\/\/thepueblatimes.mx\/#website\"},\"datePublished\":\"2021-08-26T01:39:21+00:00\",\"dateModified\":\"2021-08-26T01:39:21+00:00\",\"author\":{\"@id\":\"https:\/\/thepueblatimes.mx\/#\/schema\/person\/7bdf2adbc50078b104bba72b5612f774\"},\"breadcrumb\":{\"@id\":\"https:\/\/thepueblatimes.mx\/index.php\/2021\/08\/25\/mexico-dara-asilo-a-los-ciudadanos-afganos-que-lo-soliciten\/#breadcrumb\"},\"inLanguage\":\"es\",\"potentialAction\":[{\"@type\":\"ReadAction\",\"target\":[\"https:\/\/thepueblatimes.mx\/index.php\/2021\/08\/25\/mexico-dara-asilo-a-los-ciudadanos-afganos-que-lo-soliciten\/\"]}]},{\"@type\":\"BreadcrumbList\",\"@id\":\"https:\/\/thepueblatimes.mx\/index.php\/2021\/08\/25\/mexico-dara-asilo-a-los-ciudadanos-afganos-que-lo-soliciten\/#breadcrumb\",\"itemListElement\":[{\"@type\":\"ListItem\",\"position\":1,\"name\":\"Portada\",\"item\":\"https:\/\/thepueblatimes.mx\/\"},{\"@type\":\"ListItem\",\"position\":2,\"name\":\"M\u00e9xico dar\u00e1 asilo a los ciudadanos afganos que lo soliciten\"}]},{\"@type\":\"WebSite\",\"@id\":\"https:\/\/thepueblatimes.mx\/#website\",\"url\":\"https:\/\/thepueblatimes.mx\/\",\"name\":\"The Puebla Times\",\"description\":\"Noticias del Estado de Puebla\",\"potentialAction\":[{\"@type\":\"SearchAction\",\"target\":{\"@type\":\"EntryPoint\",\"urlTemplate\":\"https:\/\/thepueblatimes.mx\/?s={search_term_string}\"},\"query-input\":\"required name=search_term_string\"}],\"inLanguage\":\"es\"},{\"@type\":\"Person\",\"@id\":\"https:\/\/thepueblatimes.mx\/#\/schema\/person\/7bdf2adbc50078b104bba72b5612f774\",\"name\":\"Francisco S\u00e1nchez Nolasco\",\"image\":{\"@type\":\"ImageObject\",\"inLanguage\":\"es\",\"@id\":\"https:\/\/thepueblatimes.mx\/#\/schema\/person\/image\/\",\"url\":\"https:\/\/secure.gravatar.com\/avatar\/6061d7d20b38bc2742a5218401b198d2?s=96&d=mm&r=g\",\"contentUrl\":\"https:\/\/secure.gravatar.com\/avatar\/6061d7d20b38bc2742a5218401b198d2?s=96&d=mm&r=g\",\"caption\":\"Francisco S\u00e1nchez Nolasco\"},\"url\":\"https:\/\/thepueblatimes.mx\/index.php\/author\/marianitha-reyes\/\"}]}<\/script>\n<!-- \/ Yoast SEO plugin. -->","yoast_head_json":{"title":"M\u00e9xico dar\u00e1 asilo a los ciudadanos afganos que lo soliciten - The Puebla Times","robots":{"index":"index","follow":"follow","max-snippet":"max-snippet:-1","max-image-preview":"max-image-preview:large","max-video-preview":"max-video-preview:-1"},"canonical":"https:\/\/thepueblatimes.mx\/index.php\/2021\/08\/25\/mexico-dara-asilo-a-los-ciudadanos-afganos-que-lo-soliciten\/","og_locale":"es_ES","og_type":"article","og_title":"M\u00e9xico dar\u00e1 asilo a los ciudadanos afganos que lo soliciten - The Puebla Times","og_description":"\u201cEsta Secretar\u00eda de Gobernaci\u00f3n\u00a0ha emitido opini\u00f3n favorable para que el asilo pol\u00edtico sea concedido a personas de nacionalidad afgana que as\u00ed lo requieran\u201d,\u00a0dijo la funcionaria durante su participaci\u00f3n en la Conferencia Nacional de Migraci\u00f3n. Cordero record\u00f3 que actualmente el pueblo afgano atraviesa una situaci\u00f3n delicada y, ante ello, M\u00e9xico no debe permanecer indiferente. El pa\u00eds...","og_url":"https:\/\/thepueblatimes.mx\/index.php\/2021\/08\/25\/mexico-dara-asilo-a-los-ciudadanos-afganos-que-lo-soliciten\/","og_site_name":"The Puebla Times","article_published_time":"2021-08-26T01:39:21+00:00","og_image":[{"width":885,"height":418,"url":"https:\/\/thepueblatimes.mx\/wp-content\/uploads\/2021\/08\/el_univesros.png","type":"image\/png"}],"author":"Francisco S\u00e1nchez Nolasco","twitter_card":"summary_large_image","twitter_misc":{"Escrito por":"Francisco S\u00e1nchez Nolasco","Tiempo de lectura":"1 minuto"},"schema":{"@context":"https:\/\/schema.org","@graph":[{"@type":"WebPage","@id":"https:\/\/thepueblatimes.mx\/index.php\/2021\/08\/25\/mexico-dara-asilo-a-los-ciudadanos-afganos-que-lo-soliciten\/","url":"https:\/\/thepueblatimes.mx\/index.php\/2021\/08\/25\/mexico-dara-asilo-a-los-ciudadanos-afganos-que-lo-soliciten\/","name":"M\u00e9xico dar\u00e1 asilo a los ciudadanos afganos que lo soliciten - The Puebla Times","isPartOf":{"@id":"https:\/\/thepueblatimes.mx\/#website"},"datePublished":"2021-08-26T01:39:21+00:00","dateModified":"2021-08-26T01:39:21+00:00","author":{"@id":"https:\/\/thepueblatimes.mx\/#\/schema\/person\/7bdf2adbc50078b104bba72b5612f774"},"breadcrumb":{"@id":"https:\/\/thepueblatimes.mx\/index.php\/2021\/08\/25\/mexico-dara-asilo-a-los-ciudadanos-afganos-que-lo-soliciten\/#breadcrumb"},"inLanguage":"es","potentialAction":[{"@type":"ReadAction","target":["https:\/\/thepueblatimes.mx\/index.php\/2021\/08\/25\/mexico-dara-asilo-a-los-ciudadanos-afganos-que-lo-soliciten\/"]}]},{"@type":"BreadcrumbList","@id":"https:\/\/thepueblatimes.mx\/index.php\/2021\/08\/25\/mexico-dara-asilo-a-los-ciudadanos-afganos-que-lo-soliciten\/#breadcrumb","itemListElement":[{"@type":"ListItem","position":1,"name":"Portada","item":"https:\/\/thepueblatimes.mx\/"},{"@type":"ListItem","position":2,"name":"M\u00e9xico dar\u00e1 asilo a los ciudadanos afganos que lo soliciten"}]},{"@type":"WebSite","@id":"https:\/\/thepueblatimes.mx\/#website","url":"https:\/\/thepueblatimes.mx\/","name":"The Puebla Times","description":"Noticias del Estado de Puebla","potentialAction":[{"@type":"SearchAction","target":{"@type":"EntryPoint","urlTemplate":"https:\/\/thepueblatimes.mx\/?s={search_term_string}"},"query-input":"required name=search_term_string"}],"inLanguage":"es"},{"@type":"Person","@id":"https:\/\/thepueblatimes.mx\/#\/schema\/person\/7bdf2adbc50078b104bba72b5612f774","name":"Francisco S\u00e1nchez Nolasco","image":{"@type":"ImageObject","inLanguage":"es","@id":"https:\/\/thepueblatimes.mx\/#\/schema\/person\/image\/","url":"https:\/\/secure.gravatar.com\/avatar\/6061d7d20b38bc2742a5218401b198d2?s=96&d=mm&r=g","contentUrl":"https:\/\/secure.gravatar.com\/avatar\/6061d7d20b38bc2742a5218401b198d2?s=96&d=mm&r=g","caption":"Francisco S\u00e1nchez Nolasco"},"url":"https:\/\/thepueblatimes.mx\/index.php\/author\/marianitha-reyes\/"}]}},"jetpack_featured_media_url":"https:\/\/thepueblatimes.mx\/wp-content\/uploads\/2021\/08\/el_univesros.png","_links":{"self":[{"href":"https:\/\/thepueblatimes.mx\/index.php\/wp-json\/wp\/v2\/posts\/15542"}],"collection":[{"href":"https:\/\/thepueblatimes.mx\/index.php\/wp-json\/wp\/v2\/posts"}],"about":[{"href":"https:\/\/thepueblatimes.mx\/index.php\/wp-json\/wp\/v2\/types\/post"}],"author":[{"embeddable":true,"href":"https:\/\/thepueblatimes.mx\/index.php\/wp-json\/wp\/v2\/users\/15"}],"replies":[{"embeddable":true,"href":"https:\/\/thepueblatimes.mx\/index.php\/wp-json\/wp\/v2\/comments?post=15542"}],"version-history":[{"count":1,"href":"https:\/\/thepueblatimes.mx\/index.php\/wp-json\/wp\/v2\/posts\/15542\/revisions"}],"predecessor-version":[{"id":15544,"href":"https:\/\/thepueblatimes.mx\/index.php\/wp-json\/wp\/v2\/posts\/15542\/revisions\/15544"}],"wp:featuredmedia":[{"embeddable":true,"href":"https:\/\/thepueblatimes.mx\/index.php\/wp-json\/wp\/v2\/media\/15543"}],"wp:attachment":[{"href":"https:\/\/thepueblatimes.mx\/index.php\/wp-json\/wp\/v2\/media?parent=15542"}],"wp:term":[{"taxonomy":"category","embeddable":true,"href":"https:\/\/thepueblatimes.mx\/index.php\/wp-json\/wp\/v2\/categories?post=15542"},{"taxonomy":"post_tag","embeddable":true,"href":"https:\/\/thepueblatimes.mx\/index.php\/wp-json\/wp\/v2\/tags?post=15542"}],"curies":[{"name":"wp","href":"https:\/\/api.w.org\/{rel}","templated":true}]}}