{"id":15533,"date":"2021-08-25T20:32:30","date_gmt":"2021-08-26T01:32:30","guid":{"rendered":"https:\/\/thepueblatimes.mx\/?p=15533"},"modified":"2021-08-25T20:32:30","modified_gmt":"2021-08-26T01:32:30","slug":"belinda-adelanta-detalles-de-cancion-junto-con-christian-nodal","status":"publish","type":"post","link":"https:\/\/thepueblatimes.mx\/index.php\/2021\/08\/25\/belinda-adelanta-detalles-de-cancion-junto-con-christian-nodal\/","title":{"rendered":"Belinda adelanta detalles de canci\u00f3n junto con Christian Nodal"},"content":{"rendered":"<p><strong>Los cantantes no han cancelado su compromiso matrimonial\u00a0<\/strong>tras poco m\u00e1s de un a\u00f1o de relaci\u00f3n, tal y como muchos se temieron despu\u00e9s de que \u00e9l eliminara todas las publicaciones de su cuenta de Instagram y ambos dejaran de seguirse en esa plataforma hace unos d\u00edas.<\/p>\n<p>Finalmente se ha confirmado la teor\u00eda de que todo se trataba de una maniobra\u00a0<strong>para generar expectaci\u00f3n<\/strong>\u00a0antes del anuncio de una colaboraci\u00f3n\u00a0<strong>entre los dos artistas,\u00a0<\/strong>que el pasado s\u00e1bado fueron sorprendidos grabando un nuevo proyecto audiovisual en<strong>\u00a0Ciudad de M\u00e9xico que ser\u00eda precisamente el videoclip de dicho sencillo.<\/strong><\/p>\n<p>\u00abVoy a sacar una canci\u00f3n con Christian, estamos felices porque es algo que s\u00e9 que el p\u00fablico\u00a0<strong>ha estado esperando con muchas ansias<\/strong>\u00ab, explica la propia Belinda en un video.<\/p>\n<p>No hay una fecha de lanzamiento de esta esperada colaboraci\u00f3n, aunque s\u00ed adelant\u00f3 que se titula \u00abPor el resto de tu vida\u00bb\u00a0.<\/p>\n<p>\u00abEs una fusi\u00f3n entre lo que es \u00e9l y lo que soy yo a nivel musical. Hicimos esta joya que muy pronto van a escuchar\u00bb, concluy\u00f3.<\/p>\n","protected":false},"excerpt":{"rendered":"<p>Los cantantes no han cancelado su compromiso matrimonial\u00a0tras poco m\u00e1s de un a\u00f1o de relaci\u00f3n, tal y como muchos se temieron despu\u00e9s de que \u00e9l eliminara todas las publicaciones de su cuenta de Instagram y ambos dejaran de seguirse en esa plataforma hace unos d\u00edas. Finalmente se ha confirmado la teor\u00eda de que todo se&#8230;<\/p>\n","protected":false},"author":15,"featured_media":15534,"comment_status":"open","ping_status":"open","sticky":false,"template":"","format":"standard","meta":[],"categories":[20],"tags":[49],"yoast_head":"<!-- This site is optimized with the Yoast SEO plugin v20.8 - https:\/\/yoast.com\/wordpress\/plugins\/seo\/ -->\n<title>Belinda adelanta detalles de canci\u00f3n junto con Christian Nodal - The Puebla Times<\/title>\n<meta name=\"robots\" content=\"index, follow, max-snippet:-1, max-image-preview:large, max-video-preview:-1\" \/>\n<link rel=\"canonical\" href=\"https:\/\/thepueblatimes.mx\/index.php\/2021\/08\/25\/belinda-adelanta-detalles-de-cancion-junto-con-christian-nodal\/\" \/>\n<meta property=\"og:locale\" content=\"es_ES\" \/>\n<meta property=\"og:type\" content=\"article\" \/>\n<meta property=\"og:title\" content=\"Belinda adelanta detalles de canci\u00f3n junto con Christian Nodal - The Puebla Times\" \/>\n<meta property=\"og:description\" content=\"Los cantantes no han cancelado su compromiso matrimonial\u00a0tras poco m\u00e1s de un a\u00f1o de relaci\u00f3n, tal y como muchos se temieron despu\u00e9s de que \u00e9l eliminara todas las publicaciones de su cuenta de Instagram y ambos dejaran de seguirse en esa plataforma hace unos d\u00edas. Finalmente se ha confirmado la teor\u00eda de que todo se...\" \/>\n<meta property=\"og:url\" content=\"https:\/\/thepueblatimes.mx\/index.php\/2021\/08\/25\/belinda-adelanta-detalles-de-cancion-junto-con-christian-nodal\/\" \/>\n<meta property=\"og:site_name\" content=\"The Puebla Times\" \/>\n<meta property=\"article:published_time\" content=\"2021-08-26T01:32:30+00:00\" \/>\n<meta property=\"og:image\" content=\"https:\/\/thepueblatimes.mx\/wp-content\/uploads\/2021\/08\/marca_9.png\" \/>\n\t<meta property=\"og:image:width\" content=\"756\" \/>\n\t<meta property=\"og:image:height\" content=\"424\" \/>\n\t<meta property=\"og:image:type\" content=\"image\/png\" \/>\n<meta name=\"author\" content=\"Francisco S\u00e1nchez Nolasco\" \/>\n<meta name=\"twitter:card\" content=\"summary_large_image\" \/>\n<meta name=\"twitter:label1\" content=\"Escrito por\" \/>\n\t<meta name=\"twitter:data1\" content=\"Francisco S\u00e1nchez Nolasco\" \/>\n\t<meta name=\"twitter:label2\" content=\"Tiempo de lectura\" \/>\n\t<meta name=\"twitter:data2\" content=\"1 minuto\" \/>\n<script type=\"application\/ld+json\" class=\"yoast-schema-graph\">{\"@context\":\"https:\/\/schema.org\",\"@graph\":[{\"@type\":\"WebPage\",\"@id\":\"https:\/\/thepueblatimes.mx\/index.php\/2021\/08\/25\/belinda-adelanta-detalles-de-cancion-junto-con-christian-nodal\/\",\"url\":\"https:\/\/thepueblatimes.mx\/index.php\/2021\/08\/25\/belinda-adelanta-detalles-de-cancion-junto-con-christian-nodal\/\",\"name\":\"Belinda adelanta detalles de canci\u00f3n junto con Christian Nodal - The Puebla Times\",\"isPartOf\":{\"@id\":\"https:\/\/thepueblatimes.mx\/#website\"},\"datePublished\":\"2021-08-26T01:32:30+00:00\",\"dateModified\":\"2021-08-26T01:32:30+00:00\",\"author\":{\"@id\":\"https:\/\/thepueblatimes.mx\/#\/schema\/person\/7bdf2adbc50078b104bba72b5612f774\"},\"breadcrumb\":{\"@id\":\"https:\/\/thepueblatimes.mx\/index.php\/2021\/08\/25\/belinda-adelanta-detalles-de-cancion-junto-con-christian-nodal\/#breadcrumb\"},\"inLanguage\":\"es\",\"potentialAction\":[{\"@type\":\"ReadAction\",\"target\":[\"https:\/\/thepueblatimes.mx\/index.php\/2021\/08\/25\/belinda-adelanta-detalles-de-cancion-junto-con-christian-nodal\/\"]}]},{\"@type\":\"BreadcrumbList\",\"@id\":\"https:\/\/thepueblatimes.mx\/index.php\/2021\/08\/25\/belinda-adelanta-detalles-de-cancion-junto-con-christian-nodal\/#breadcrumb\",\"itemListElement\":[{\"@type\":\"ListItem\",\"position\":1,\"name\":\"Portada\",\"item\":\"https:\/\/thepueblatimes.mx\/\"},{\"@type\":\"ListItem\",\"position\":2,\"name\":\"Belinda adelanta detalles de canci\u00f3n junto con Christian Nodal\"}]},{\"@type\":\"WebSite\",\"@id\":\"https:\/\/thepueblatimes.mx\/#website\",\"url\":\"https:\/\/thepueblatimes.mx\/\",\"name\":\"The Puebla Times\",\"description\":\"Noticias del Estado de Puebla\",\"potentialAction\":[{\"@type\":\"SearchAction\",\"target\":{\"@type\":\"EntryPoint\",\"urlTemplate\":\"https:\/\/thepueblatimes.mx\/?s={search_term_string}\"},\"query-input\":\"required name=search_term_string\"}],\"inLanguage\":\"es\"},{\"@type\":\"Person\",\"@id\":\"https:\/\/thepueblatimes.mx\/#\/schema\/person\/7bdf2adbc50078b104bba72b5612f774\",\"name\":\"Francisco S\u00e1nchez Nolasco\",\"image\":{\"@type\":\"ImageObject\",\"inLanguage\":\"es\",\"@id\":\"https:\/\/thepueblatimes.mx\/#\/schema\/person\/image\/\",\"url\":\"https:\/\/secure.gravatar.com\/avatar\/6061d7d20b38bc2742a5218401b198d2?s=96&d=mm&r=g\",\"contentUrl\":\"https:\/\/secure.gravatar.com\/avatar\/6061d7d20b38bc2742a5218401b198d2?s=96&d=mm&r=g\",\"caption\":\"Francisco S\u00e1nchez Nolasco\"},\"url\":\"https:\/\/thepueblatimes.mx\/index.php\/author\/marianitha-reyes\/\"}]}<\/script>\n<!-- \/ Yoast SEO plugin. -->","yoast_head_json":{"title":"Belinda adelanta detalles de canci\u00f3n junto con Christian Nodal - The Puebla Times","robots":{"index":"index","follow":"follow","max-snippet":"max-snippet:-1","max-image-preview":"max-image-preview:large","max-video-preview":"max-video-preview:-1"},"canonical":"https:\/\/thepueblatimes.mx\/index.php\/2021\/08\/25\/belinda-adelanta-detalles-de-cancion-junto-con-christian-nodal\/","og_locale":"es_ES","og_type":"article","og_title":"Belinda adelanta detalles de canci\u00f3n junto con Christian Nodal - The Puebla Times","og_description":"Los cantantes no han cancelado su compromiso matrimonial\u00a0tras poco m\u00e1s de un a\u00f1o de relaci\u00f3n, tal y como muchos se temieron despu\u00e9s de que \u00e9l eliminara todas las publicaciones de su cuenta de Instagram y ambos dejaran de seguirse en esa plataforma hace unos d\u00edas. Finalmente se ha confirmado la teor\u00eda de que todo se...","og_url":"https:\/\/thepueblatimes.mx\/index.php\/2021\/08\/25\/belinda-adelanta-detalles-de-cancion-junto-con-christian-nodal\/","og_site_name":"The Puebla Times","article_published_time":"2021-08-26T01:32:30+00:00","og_image":[{"width":756,"height":424,"url":"https:\/\/thepueblatimes.mx\/wp-content\/uploads\/2021\/08\/marca_9.png","type":"image\/png"}],"author":"Francisco S\u00e1nchez Nolasco","twitter_card":"summary_large_image","twitter_misc":{"Escrito por":"Francisco S\u00e1nchez Nolasco","Tiempo de lectura":"1 minuto"},"schema":{"@context":"https:\/\/schema.org","@graph":[{"@type":"WebPage","@id":"https:\/\/thepueblatimes.mx\/index.php\/2021\/08\/25\/belinda-adelanta-detalles-de-cancion-junto-con-christian-nodal\/","url":"https:\/\/thepueblatimes.mx\/index.php\/2021\/08\/25\/belinda-adelanta-detalles-de-cancion-junto-con-christian-nodal\/","name":"Belinda adelanta detalles de canci\u00f3n junto con Christian Nodal - The Puebla Times","isPartOf":{"@id":"https:\/\/thepueblatimes.mx\/#website"},"datePublished":"2021-08-26T01:32:30+00:00","dateModified":"2021-08-26T01:32:30+00:00","author":{"@id":"https:\/\/thepueblatimes.mx\/#\/schema\/person\/7bdf2adbc50078b104bba72b5612f774"},"breadcrumb":{"@id":"https:\/\/thepueblatimes.mx\/index.php\/2021\/08\/25\/belinda-adelanta-detalles-de-cancion-junto-con-christian-nodal\/#breadcrumb"},"inLanguage":"es","potentialAction":[{"@type":"ReadAction","target":["https:\/\/thepueblatimes.mx\/index.php\/2021\/08\/25\/belinda-adelanta-detalles-de-cancion-junto-con-christian-nodal\/"]}]},{"@type":"BreadcrumbList","@id":"https:\/\/thepueblatimes.mx\/index.php\/2021\/08\/25\/belinda-adelanta-detalles-de-cancion-junto-con-christian-nodal\/#breadcrumb","itemListElement":[{"@type":"ListItem","position":1,"name":"Portada","item":"https:\/\/thepueblatimes.mx\/"},{"@type":"ListItem","position":2,"name":"Belinda adelanta detalles de canci\u00f3n junto con Christian Nodal"}]},{"@type":"WebSite","@id":"https:\/\/thepueblatimes.mx\/#website","url":"https:\/\/thepueblatimes.mx\/","name":"The Puebla Times","description":"Noticias del Estado de Puebla","potentialAction":[{"@type":"SearchAction","target":{"@type":"EntryPoint","urlTemplate":"https:\/\/thepueblatimes.mx\/?s={search_term_string}"},"query-input":"required name=search_term_string"}],"inLanguage":"es"},{"@type":"Person","@id":"https:\/\/thepueblatimes.mx\/#\/schema\/person\/7bdf2adbc50078b104bba72b5612f774","name":"Francisco S\u00e1nchez Nolasco","image":{"@type":"ImageObject","inLanguage":"es","@id":"https:\/\/thepueblatimes.mx\/#\/schema\/person\/image\/","url":"https:\/\/secure.gravatar.com\/avatar\/6061d7d20b38bc2742a5218401b198d2?s=96&d=mm&r=g","contentUrl":"https:\/\/secure.gravatar.com\/avatar\/6061d7d20b38bc2742a5218401b198d2?s=96&d=mm&r=g","caption":"Francisco S\u00e1nchez Nolasco"},"url":"https:\/\/thepueblatimes.mx\/index.php\/author\/marianitha-reyes\/"}]}},"jetpack_featured_media_url":"https:\/\/thepueblatimes.mx\/wp-content\/uploads\/2021\/08\/marca_9.png","_links":{"self":[{"href":"https:\/\/thepueblatimes.mx\/index.php\/wp-json\/wp\/v2\/posts\/15533"}],"collection":[{"href":"https:\/\/thepueblatimes.mx\/index.php\/wp-json\/wp\/v2\/posts"}],"about":[{"href":"https:\/\/thepueblatimes.mx\/index.php\/wp-json\/wp\/v2\/types\/post"}],"author":[{"embeddable":true,"href":"https:\/\/thepueblatimes.mx\/index.php\/wp-json\/wp\/v2\/users\/15"}],"replies":[{"embeddable":true,"href":"https:\/\/thepueblatimes.mx\/index.php\/wp-json\/wp\/v2\/comments?post=15533"}],"version-history":[{"count":1,"href":"https:\/\/thepueblatimes.mx\/index.php\/wp-json\/wp\/v2\/posts\/15533\/revisions"}],"predecessor-version":[{"id":15535,"href":"https:\/\/thepueblatimes.mx\/index.php\/wp-json\/wp\/v2\/posts\/15533\/revisions\/15535"}],"wp:featuredmedia":[{"embeddable":true,"href":"https:\/\/thepueblatimes.mx\/index.php\/wp-json\/wp\/v2\/media\/15534"}],"wp:attachment":[{"href":"https:\/\/thepueblatimes.mx\/index.php\/wp-json\/wp\/v2\/media?parent=15533"}],"wp:term":[{"taxonomy":"category","embeddable":true,"href":"https:\/\/thepueblatimes.mx\/index.php\/wp-json\/wp\/v2\/categories?post=15533"},{"taxonomy":"post_tag","embeddable":true,"href":"https:\/\/thepueblatimes.mx\/index.php\/wp-json\/wp\/v2\/tags?post=15533"}],"curies":[{"name":"wp","href":"https:\/\/api.w.org\/{rel}","templated":true}]}}