{"id":15530,"date":"2021-08-25T20:29:13","date_gmt":"2021-08-26T01:29:13","guid":{"rendered":"https:\/\/thepueblatimes.mx\/?p=15530"},"modified":"2021-08-25T20:29:13","modified_gmt":"2021-08-26T01:29:13","slug":"migrantes-marchan-en-tapachula-chiapas-frontera-con-guatemala","status":"publish","type":"post","link":"https:\/\/thepueblatimes.mx\/index.php\/2021\/08\/25\/migrantes-marchan-en-tapachula-chiapas-frontera-con-guatemala\/","title":{"rendered":"Migrantes marchan en Tapachula Chiapas, frontera con Guatemala"},"content":{"rendered":"<p><strong>Los migrantes\u00a0<\/strong>exigen que la\u00a0<strong>autoridad migratoria agilice su estancia legal<\/strong>\u00a0para dejar la ciudad y \u00a0trabajar y obtener recursos econ\u00f3micos.<\/p>\n<p><strong>Un grupo de migrantes centroamericanos, adem\u00e1s de otros de Hait\u00ed, Cuba y Venezuela marcharon de la plaza central de Tapachula<\/strong>\u00a0hacia las instalaciones de la Comisi\u00f3n de Mexicana de Ayuda a Refugiados COMAR\u00a0y posteriormente se dirigieron a la subdirecci\u00f3n de<strong>\u00a0Regulaci\u00f3n Migratoria<\/strong>\u00a0provocando a su paso un caos vehicular.<\/p>\n<p>Ninguna autoridad migratoria ha hecho caso a las peticiones o dialogado con los migrantes que buscan su estancia legal en el pa\u00eds para transitar o trabajar.<\/p>\n<p>Extranjeros, argumentaron que no son delincuentes, sino personas que buscan un bienestar para sus familias.<\/p>\n<p>Tras su marcha, los migrantes regresaron al centro de la ciudad donde bloquearon una intersecci\u00f3n donde se ubican las instalaciones\u00a0<strong>de Seguridad P\u00fablica municipal y las oficinas del Instituto Nacional de Migraci\u00f3n.<\/strong><\/p>\n","protected":false},"excerpt":{"rendered":"<p>Los migrantes\u00a0exigen que la\u00a0autoridad migratoria agilice su estancia legal\u00a0para dejar la ciudad y \u00a0trabajar y obtener recursos econ\u00f3micos. Un grupo de migrantes centroamericanos, adem\u00e1s de otros de Hait\u00ed, Cuba y Venezuela marcharon de la plaza central de Tapachula\u00a0hacia las instalaciones de la Comisi\u00f3n de Mexicana de Ayuda a Refugiados COMAR\u00a0y posteriormente se dirigieron a la&#8230;<\/p>\n","protected":false},"author":15,"featured_media":15531,"comment_status":"open","ping_status":"open","sticky":false,"template":"","format":"standard","meta":[],"categories":[20],"tags":[49],"yoast_head":"<!-- This site is optimized with the Yoast SEO plugin v20.8 - https:\/\/yoast.com\/wordpress\/plugins\/seo\/ -->\n<title>Migrantes marchan en Tapachula Chiapas, frontera con Guatemala - The Puebla Times<\/title>\n<meta name=\"robots\" content=\"index, follow, max-snippet:-1, max-image-preview:large, max-video-preview:-1\" \/>\n<link rel=\"canonical\" href=\"https:\/\/thepueblatimes.mx\/index.php\/2021\/08\/25\/migrantes-marchan-en-tapachula-chiapas-frontera-con-guatemala\/\" \/>\n<meta property=\"og:locale\" content=\"es_ES\" \/>\n<meta property=\"og:type\" content=\"article\" \/>\n<meta property=\"og:title\" content=\"Migrantes marchan en Tapachula Chiapas, frontera con Guatemala - The Puebla Times\" \/>\n<meta property=\"og:description\" content=\"Los migrantes\u00a0exigen que la\u00a0autoridad migratoria agilice su estancia legal\u00a0para dejar la ciudad y \u00a0trabajar y obtener recursos econ\u00f3micos. Un grupo de migrantes centroamericanos, adem\u00e1s de otros de Hait\u00ed, Cuba y Venezuela marcharon de la plaza central de Tapachula\u00a0hacia las instalaciones de la Comisi\u00f3n de Mexicana de Ayuda a Refugiados COMAR\u00a0y posteriormente se dirigieron a la...\" \/>\n<meta property=\"og:url\" content=\"https:\/\/thepueblatimes.mx\/index.php\/2021\/08\/25\/migrantes-marchan-en-tapachula-chiapas-frontera-con-guatemala\/\" \/>\n<meta property=\"og:site_name\" content=\"The Puebla Times\" \/>\n<meta property=\"article:published_time\" content=\"2021-08-26T01:29:13+00:00\" \/>\n<meta property=\"og:image\" content=\"https:\/\/thepueblatimes.mx\/wp-content\/uploads\/2021\/08\/economista_0.png\" \/>\n\t<meta property=\"og:image:width\" content=\"756\" \/>\n\t<meta property=\"og:image:height\" content=\"462\" \/>\n\t<meta property=\"og:image:type\" content=\"image\/png\" \/>\n<meta name=\"author\" content=\"Francisco S\u00e1nchez Nolasco\" \/>\n<meta name=\"twitter:card\" content=\"summary_large_image\" \/>\n<meta name=\"twitter:label1\" content=\"Escrito por\" \/>\n\t<meta name=\"twitter:data1\" content=\"Francisco S\u00e1nchez Nolasco\" \/>\n\t<meta name=\"twitter:label2\" content=\"Tiempo de lectura\" \/>\n\t<meta name=\"twitter:data2\" content=\"1 minuto\" \/>\n<script type=\"application\/ld+json\" class=\"yoast-schema-graph\">{\"@context\":\"https:\/\/schema.org\",\"@graph\":[{\"@type\":\"WebPage\",\"@id\":\"https:\/\/thepueblatimes.mx\/index.php\/2021\/08\/25\/migrantes-marchan-en-tapachula-chiapas-frontera-con-guatemala\/\",\"url\":\"https:\/\/thepueblatimes.mx\/index.php\/2021\/08\/25\/migrantes-marchan-en-tapachula-chiapas-frontera-con-guatemala\/\",\"name\":\"Migrantes marchan en Tapachula Chiapas, frontera con Guatemala - The Puebla Times\",\"isPartOf\":{\"@id\":\"https:\/\/thepueblatimes.mx\/#website\"},\"datePublished\":\"2021-08-26T01:29:13+00:00\",\"dateModified\":\"2021-08-26T01:29:13+00:00\",\"author\":{\"@id\":\"https:\/\/thepueblatimes.mx\/#\/schema\/person\/7bdf2adbc50078b104bba72b5612f774\"},\"breadcrumb\":{\"@id\":\"https:\/\/thepueblatimes.mx\/index.php\/2021\/08\/25\/migrantes-marchan-en-tapachula-chiapas-frontera-con-guatemala\/#breadcrumb\"},\"inLanguage\":\"es\",\"potentialAction\":[{\"@type\":\"ReadAction\",\"target\":[\"https:\/\/thepueblatimes.mx\/index.php\/2021\/08\/25\/migrantes-marchan-en-tapachula-chiapas-frontera-con-guatemala\/\"]}]},{\"@type\":\"BreadcrumbList\",\"@id\":\"https:\/\/thepueblatimes.mx\/index.php\/2021\/08\/25\/migrantes-marchan-en-tapachula-chiapas-frontera-con-guatemala\/#breadcrumb\",\"itemListElement\":[{\"@type\":\"ListItem\",\"position\":1,\"name\":\"Portada\",\"item\":\"https:\/\/thepueblatimes.mx\/\"},{\"@type\":\"ListItem\",\"position\":2,\"name\":\"Migrantes marchan en Tapachula Chiapas, frontera con Guatemala\"}]},{\"@type\":\"WebSite\",\"@id\":\"https:\/\/thepueblatimes.mx\/#website\",\"url\":\"https:\/\/thepueblatimes.mx\/\",\"name\":\"The Puebla Times\",\"description\":\"Noticias del Estado de Puebla\",\"potentialAction\":[{\"@type\":\"SearchAction\",\"target\":{\"@type\":\"EntryPoint\",\"urlTemplate\":\"https:\/\/thepueblatimes.mx\/?s={search_term_string}\"},\"query-input\":\"required name=search_term_string\"}],\"inLanguage\":\"es\"},{\"@type\":\"Person\",\"@id\":\"https:\/\/thepueblatimes.mx\/#\/schema\/person\/7bdf2adbc50078b104bba72b5612f774\",\"name\":\"Francisco S\u00e1nchez Nolasco\",\"image\":{\"@type\":\"ImageObject\",\"inLanguage\":\"es\",\"@id\":\"https:\/\/thepueblatimes.mx\/#\/schema\/person\/image\/\",\"url\":\"https:\/\/secure.gravatar.com\/avatar\/6061d7d20b38bc2742a5218401b198d2?s=96&d=mm&r=g\",\"contentUrl\":\"https:\/\/secure.gravatar.com\/avatar\/6061d7d20b38bc2742a5218401b198d2?s=96&d=mm&r=g\",\"caption\":\"Francisco S\u00e1nchez Nolasco\"},\"url\":\"https:\/\/thepueblatimes.mx\/index.php\/author\/marianitha-reyes\/\"}]}<\/script>\n<!-- \/ Yoast SEO plugin. -->","yoast_head_json":{"title":"Migrantes marchan en Tapachula Chiapas, frontera con Guatemala - The Puebla Times","robots":{"index":"index","follow":"follow","max-snippet":"max-snippet:-1","max-image-preview":"max-image-preview:large","max-video-preview":"max-video-preview:-1"},"canonical":"https:\/\/thepueblatimes.mx\/index.php\/2021\/08\/25\/migrantes-marchan-en-tapachula-chiapas-frontera-con-guatemala\/","og_locale":"es_ES","og_type":"article","og_title":"Migrantes marchan en Tapachula Chiapas, frontera con Guatemala - The Puebla Times","og_description":"Los migrantes\u00a0exigen que la\u00a0autoridad migratoria agilice su estancia legal\u00a0para dejar la ciudad y \u00a0trabajar y obtener recursos econ\u00f3micos. Un grupo de migrantes centroamericanos, adem\u00e1s de otros de Hait\u00ed, Cuba y Venezuela marcharon de la plaza central de Tapachula\u00a0hacia las instalaciones de la Comisi\u00f3n de Mexicana de Ayuda a Refugiados COMAR\u00a0y posteriormente se dirigieron a la...","og_url":"https:\/\/thepueblatimes.mx\/index.php\/2021\/08\/25\/migrantes-marchan-en-tapachula-chiapas-frontera-con-guatemala\/","og_site_name":"The Puebla Times","article_published_time":"2021-08-26T01:29:13+00:00","og_image":[{"width":756,"height":462,"url":"https:\/\/thepueblatimes.mx\/wp-content\/uploads\/2021\/08\/economista_0.png","type":"image\/png"}],"author":"Francisco S\u00e1nchez Nolasco","twitter_card":"summary_large_image","twitter_misc":{"Escrito por":"Francisco S\u00e1nchez Nolasco","Tiempo de lectura":"1 minuto"},"schema":{"@context":"https:\/\/schema.org","@graph":[{"@type":"WebPage","@id":"https:\/\/thepueblatimes.mx\/index.php\/2021\/08\/25\/migrantes-marchan-en-tapachula-chiapas-frontera-con-guatemala\/","url":"https:\/\/thepueblatimes.mx\/index.php\/2021\/08\/25\/migrantes-marchan-en-tapachula-chiapas-frontera-con-guatemala\/","name":"Migrantes marchan en Tapachula Chiapas, frontera con Guatemala - The Puebla Times","isPartOf":{"@id":"https:\/\/thepueblatimes.mx\/#website"},"datePublished":"2021-08-26T01:29:13+00:00","dateModified":"2021-08-26T01:29:13+00:00","author":{"@id":"https:\/\/thepueblatimes.mx\/#\/schema\/person\/7bdf2adbc50078b104bba72b5612f774"},"breadcrumb":{"@id":"https:\/\/thepueblatimes.mx\/index.php\/2021\/08\/25\/migrantes-marchan-en-tapachula-chiapas-frontera-con-guatemala\/#breadcrumb"},"inLanguage":"es","potentialAction":[{"@type":"ReadAction","target":["https:\/\/thepueblatimes.mx\/index.php\/2021\/08\/25\/migrantes-marchan-en-tapachula-chiapas-frontera-con-guatemala\/"]}]},{"@type":"BreadcrumbList","@id":"https:\/\/thepueblatimes.mx\/index.php\/2021\/08\/25\/migrantes-marchan-en-tapachula-chiapas-frontera-con-guatemala\/#breadcrumb","itemListElement":[{"@type":"ListItem","position":1,"name":"Portada","item":"https:\/\/thepueblatimes.mx\/"},{"@type":"ListItem","position":2,"name":"Migrantes marchan en Tapachula Chiapas, frontera con Guatemala"}]},{"@type":"WebSite","@id":"https:\/\/thepueblatimes.mx\/#website","url":"https:\/\/thepueblatimes.mx\/","name":"The Puebla Times","description":"Noticias del Estado de Puebla","potentialAction":[{"@type":"SearchAction","target":{"@type":"EntryPoint","urlTemplate":"https:\/\/thepueblatimes.mx\/?s={search_term_string}"},"query-input":"required name=search_term_string"}],"inLanguage":"es"},{"@type":"Person","@id":"https:\/\/thepueblatimes.mx\/#\/schema\/person\/7bdf2adbc50078b104bba72b5612f774","name":"Francisco S\u00e1nchez Nolasco","image":{"@type":"ImageObject","inLanguage":"es","@id":"https:\/\/thepueblatimes.mx\/#\/schema\/person\/image\/","url":"https:\/\/secure.gravatar.com\/avatar\/6061d7d20b38bc2742a5218401b198d2?s=96&d=mm&r=g","contentUrl":"https:\/\/secure.gravatar.com\/avatar\/6061d7d20b38bc2742a5218401b198d2?s=96&d=mm&r=g","caption":"Francisco S\u00e1nchez Nolasco"},"url":"https:\/\/thepueblatimes.mx\/index.php\/author\/marianitha-reyes\/"}]}},"jetpack_featured_media_url":"https:\/\/thepueblatimes.mx\/wp-content\/uploads\/2021\/08\/economista_0.png","_links":{"self":[{"href":"https:\/\/thepueblatimes.mx\/index.php\/wp-json\/wp\/v2\/posts\/15530"}],"collection":[{"href":"https:\/\/thepueblatimes.mx\/index.php\/wp-json\/wp\/v2\/posts"}],"about":[{"href":"https:\/\/thepueblatimes.mx\/index.php\/wp-json\/wp\/v2\/types\/post"}],"author":[{"embeddable":true,"href":"https:\/\/thepueblatimes.mx\/index.php\/wp-json\/wp\/v2\/users\/15"}],"replies":[{"embeddable":true,"href":"https:\/\/thepueblatimes.mx\/index.php\/wp-json\/wp\/v2\/comments?post=15530"}],"version-history":[{"count":1,"href":"https:\/\/thepueblatimes.mx\/index.php\/wp-json\/wp\/v2\/posts\/15530\/revisions"}],"predecessor-version":[{"id":15532,"href":"https:\/\/thepueblatimes.mx\/index.php\/wp-json\/wp\/v2\/posts\/15530\/revisions\/15532"}],"wp:featuredmedia":[{"embeddable":true,"href":"https:\/\/thepueblatimes.mx\/index.php\/wp-json\/wp\/v2\/media\/15531"}],"wp:attachment":[{"href":"https:\/\/thepueblatimes.mx\/index.php\/wp-json\/wp\/v2\/media?parent=15530"}],"wp:term":[{"taxonomy":"category","embeddable":true,"href":"https:\/\/thepueblatimes.mx\/index.php\/wp-json\/wp\/v2\/categories?post=15530"},{"taxonomy":"post_tag","embeddable":true,"href":"https:\/\/thepueblatimes.mx\/index.php\/wp-json\/wp\/v2\/tags?post=15530"}],"curies":[{"name":"wp","href":"https:\/\/api.w.org\/{rel}","templated":true}]}}