{"id":15526,"date":"2021-08-25T20:26:50","date_gmt":"2021-08-26T01:26:50","guid":{"rendered":"https:\/\/thepueblatimes.mx\/?p=15526"},"modified":"2021-08-25T20:26:50","modified_gmt":"2021-08-26T01:26:50","slug":"fgr-realiza-operativo-en-empresa-de-almacenaje-de-combustible-huejotzingo","status":"publish","type":"post","link":"https:\/\/thepueblatimes.mx\/index.php\/2021\/08\/25\/fgr-realiza-operativo-en-empresa-de-almacenaje-de-combustible-huejotzingo\/","title":{"rendered":"FGR realiza operativo en empresa de almacenaje de combustible Huejotzingo"},"content":{"rendered":"<p>Huejotzingo, Pue.-\u00a0<strong>Personal de la Fiscal\u00eda General de la Rep\u00fablica realiz\u00f3 un fuerte operativo en las en las instalaciones de una empresa dedicada al almacenamiento de di\u00e9sel, gasolina y otros derivados,<\/strong>\u00a0que se ubica en el boulevard Aeropuerto de la junta auxiliar de Xalmimilulco, perteneciente a Huejotzingo.<\/p>\n<p>En las acciones participron\u00a0<strong>elementos de la Guardia Nacional, Secretaria de la Defensa Nacional, quienes han restringido el acceso a la empresa.<\/strong><\/p>\n<p>Hasta el momento se desconoce el motivo de este operativo que caus\u00f3 alarma entre quienes circulan por la zona.<\/p>\n<p>Las unidades de las autoridades federales se apostaron en la zona de almacenaje de combustible, donde se observan grandes contenedores met\u00e1licos.<\/p>\n<p>Pese a esto la\u00a0 FGR est\u00e1 totalmente herm\u00e9tica sobre las acciones que realiza al interior de estas instalaciones.<\/p>\n<p>Cabe resaltar que los contenedores dentro de la empresa han sido inmovilizados.<\/p>\n","protected":false},"excerpt":{"rendered":"<p>Huejotzingo, Pue.-\u00a0Personal de la Fiscal\u00eda General de la Rep\u00fablica realiz\u00f3 un fuerte operativo en las en las instalaciones de una empresa dedicada al almacenamiento de di\u00e9sel, gasolina y otros derivados,\u00a0que se ubica en el boulevard Aeropuerto de la junta auxiliar de Xalmimilulco, perteneciente a Huejotzingo. En las acciones participron\u00a0elementos de la Guardia Nacional, Secretaria de&#8230;<\/p>\n","protected":false},"author":15,"featured_media":15528,"comment_status":"open","ping_status":"open","sticky":false,"template":"","format":"standard","meta":[],"categories":[20],"tags":[49],"yoast_head":"<!-- This site is optimized with the Yoast SEO plugin v20.8 - https:\/\/yoast.com\/wordpress\/plugins\/seo\/ -->\n<title>FGR realiza operativo en empresa de almacenaje de combustible Huejotzingo - The Puebla Times<\/title>\n<meta name=\"robots\" content=\"index, follow, max-snippet:-1, max-image-preview:large, max-video-preview:-1\" \/>\n<link rel=\"canonical\" href=\"https:\/\/thepueblatimes.mx\/index.php\/2021\/08\/25\/fgr-realiza-operativo-en-empresa-de-almacenaje-de-combustible-huejotzingo\/\" \/>\n<meta property=\"og:locale\" content=\"es_ES\" \/>\n<meta property=\"og:type\" content=\"article\" \/>\n<meta property=\"og:title\" content=\"FGR realiza operativo en empresa de almacenaje de combustible Huejotzingo - The Puebla Times\" \/>\n<meta property=\"og:description\" content=\"Huejotzingo, Pue.-\u00a0Personal de la Fiscal\u00eda General de la Rep\u00fablica realiz\u00f3 un fuerte operativo en las en las instalaciones de una empresa dedicada al almacenamiento de di\u00e9sel, gasolina y otros derivados,\u00a0que se ubica en el boulevard Aeropuerto de la junta auxiliar de Xalmimilulco, perteneciente a Huejotzingo. En las acciones participron\u00a0elementos de la Guardia Nacional, Secretaria de...\" \/>\n<meta property=\"og:url\" content=\"https:\/\/thepueblatimes.mx\/index.php\/2021\/08\/25\/fgr-realiza-operativo-en-empresa-de-almacenaje-de-combustible-huejotzingo\/\" \/>\n<meta property=\"og:site_name\" content=\"The Puebla Times\" \/>\n<meta property=\"article:published_time\" content=\"2021-08-26T01:26:50+00:00\" \/>\n<meta property=\"og:image\" content=\"https:\/\/thepueblatimes.mx\/wp-content\/uploads\/2021\/08\/cateo_empresa.jpg\" \/>\n\t<meta property=\"og:image:width\" content=\"1600\" \/>\n\t<meta property=\"og:image:height\" content=\"1200\" \/>\n\t<meta property=\"og:image:type\" content=\"image\/jpeg\" \/>\n<meta name=\"author\" content=\"Francisco S\u00e1nchez Nolasco\" \/>\n<meta name=\"twitter:card\" content=\"summary_large_image\" \/>\n<meta name=\"twitter:label1\" content=\"Escrito por\" \/>\n\t<meta name=\"twitter:data1\" content=\"Francisco S\u00e1nchez Nolasco\" \/>\n\t<meta name=\"twitter:label2\" content=\"Tiempo de lectura\" \/>\n\t<meta name=\"twitter:data2\" content=\"1 minuto\" \/>\n<script type=\"application\/ld+json\" class=\"yoast-schema-graph\">{\"@context\":\"https:\/\/schema.org\",\"@graph\":[{\"@type\":\"WebPage\",\"@id\":\"https:\/\/thepueblatimes.mx\/index.php\/2021\/08\/25\/fgr-realiza-operativo-en-empresa-de-almacenaje-de-combustible-huejotzingo\/\",\"url\":\"https:\/\/thepueblatimes.mx\/index.php\/2021\/08\/25\/fgr-realiza-operativo-en-empresa-de-almacenaje-de-combustible-huejotzingo\/\",\"name\":\"FGR realiza operativo en empresa de almacenaje de combustible Huejotzingo - The Puebla Times\",\"isPartOf\":{\"@id\":\"https:\/\/thepueblatimes.mx\/#website\"},\"datePublished\":\"2021-08-26T01:26:50+00:00\",\"dateModified\":\"2021-08-26T01:26:50+00:00\",\"author\":{\"@id\":\"https:\/\/thepueblatimes.mx\/#\/schema\/person\/7bdf2adbc50078b104bba72b5612f774\"},\"breadcrumb\":{\"@id\":\"https:\/\/thepueblatimes.mx\/index.php\/2021\/08\/25\/fgr-realiza-operativo-en-empresa-de-almacenaje-de-combustible-huejotzingo\/#breadcrumb\"},\"inLanguage\":\"es\",\"potentialAction\":[{\"@type\":\"ReadAction\",\"target\":[\"https:\/\/thepueblatimes.mx\/index.php\/2021\/08\/25\/fgr-realiza-operativo-en-empresa-de-almacenaje-de-combustible-huejotzingo\/\"]}]},{\"@type\":\"BreadcrumbList\",\"@id\":\"https:\/\/thepueblatimes.mx\/index.php\/2021\/08\/25\/fgr-realiza-operativo-en-empresa-de-almacenaje-de-combustible-huejotzingo\/#breadcrumb\",\"itemListElement\":[{\"@type\":\"ListItem\",\"position\":1,\"name\":\"Portada\",\"item\":\"https:\/\/thepueblatimes.mx\/\"},{\"@type\":\"ListItem\",\"position\":2,\"name\":\"FGR realiza operativo en empresa de almacenaje de combustible Huejotzingo\"}]},{\"@type\":\"WebSite\",\"@id\":\"https:\/\/thepueblatimes.mx\/#website\",\"url\":\"https:\/\/thepueblatimes.mx\/\",\"name\":\"The Puebla Times\",\"description\":\"Noticias del Estado de Puebla\",\"potentialAction\":[{\"@type\":\"SearchAction\",\"target\":{\"@type\":\"EntryPoint\",\"urlTemplate\":\"https:\/\/thepueblatimes.mx\/?s={search_term_string}\"},\"query-input\":\"required name=search_term_string\"}],\"inLanguage\":\"es\"},{\"@type\":\"Person\",\"@id\":\"https:\/\/thepueblatimes.mx\/#\/schema\/person\/7bdf2adbc50078b104bba72b5612f774\",\"name\":\"Francisco S\u00e1nchez Nolasco\",\"image\":{\"@type\":\"ImageObject\",\"inLanguage\":\"es\",\"@id\":\"https:\/\/thepueblatimes.mx\/#\/schema\/person\/image\/\",\"url\":\"https:\/\/secure.gravatar.com\/avatar\/6061d7d20b38bc2742a5218401b198d2?s=96&d=mm&r=g\",\"contentUrl\":\"https:\/\/secure.gravatar.com\/avatar\/6061d7d20b38bc2742a5218401b198d2?s=96&d=mm&r=g\",\"caption\":\"Francisco S\u00e1nchez Nolasco\"},\"url\":\"https:\/\/thepueblatimes.mx\/index.php\/author\/marianitha-reyes\/\"}]}<\/script>\n<!-- \/ Yoast SEO plugin. -->","yoast_head_json":{"title":"FGR realiza operativo en empresa de almacenaje de combustible Huejotzingo - The Puebla Times","robots":{"index":"index","follow":"follow","max-snippet":"max-snippet:-1","max-image-preview":"max-image-preview:large","max-video-preview":"max-video-preview:-1"},"canonical":"https:\/\/thepueblatimes.mx\/index.php\/2021\/08\/25\/fgr-realiza-operativo-en-empresa-de-almacenaje-de-combustible-huejotzingo\/","og_locale":"es_ES","og_type":"article","og_title":"FGR realiza operativo en empresa de almacenaje de combustible Huejotzingo - The Puebla Times","og_description":"Huejotzingo, Pue.-\u00a0Personal de la Fiscal\u00eda General de la Rep\u00fablica realiz\u00f3 un fuerte operativo en las en las instalaciones de una empresa dedicada al almacenamiento de di\u00e9sel, gasolina y otros derivados,\u00a0que se ubica en el boulevard Aeropuerto de la junta auxiliar de Xalmimilulco, perteneciente a Huejotzingo. En las acciones participron\u00a0elementos de la Guardia Nacional, Secretaria de...","og_url":"https:\/\/thepueblatimes.mx\/index.php\/2021\/08\/25\/fgr-realiza-operativo-en-empresa-de-almacenaje-de-combustible-huejotzingo\/","og_site_name":"The Puebla Times","article_published_time":"2021-08-26T01:26:50+00:00","og_image":[{"width":1600,"height":1200,"url":"https:\/\/thepueblatimes.mx\/wp-content\/uploads\/2021\/08\/cateo_empresa.jpg","type":"image\/jpeg"}],"author":"Francisco S\u00e1nchez Nolasco","twitter_card":"summary_large_image","twitter_misc":{"Escrito por":"Francisco S\u00e1nchez Nolasco","Tiempo de lectura":"1 minuto"},"schema":{"@context":"https:\/\/schema.org","@graph":[{"@type":"WebPage","@id":"https:\/\/thepueblatimes.mx\/index.php\/2021\/08\/25\/fgr-realiza-operativo-en-empresa-de-almacenaje-de-combustible-huejotzingo\/","url":"https:\/\/thepueblatimes.mx\/index.php\/2021\/08\/25\/fgr-realiza-operativo-en-empresa-de-almacenaje-de-combustible-huejotzingo\/","name":"FGR realiza operativo en empresa de almacenaje de combustible Huejotzingo - The Puebla Times","isPartOf":{"@id":"https:\/\/thepueblatimes.mx\/#website"},"datePublished":"2021-08-26T01:26:50+00:00","dateModified":"2021-08-26T01:26:50+00:00","author":{"@id":"https:\/\/thepueblatimes.mx\/#\/schema\/person\/7bdf2adbc50078b104bba72b5612f774"},"breadcrumb":{"@id":"https:\/\/thepueblatimes.mx\/index.php\/2021\/08\/25\/fgr-realiza-operativo-en-empresa-de-almacenaje-de-combustible-huejotzingo\/#breadcrumb"},"inLanguage":"es","potentialAction":[{"@type":"ReadAction","target":["https:\/\/thepueblatimes.mx\/index.php\/2021\/08\/25\/fgr-realiza-operativo-en-empresa-de-almacenaje-de-combustible-huejotzingo\/"]}]},{"@type":"BreadcrumbList","@id":"https:\/\/thepueblatimes.mx\/index.php\/2021\/08\/25\/fgr-realiza-operativo-en-empresa-de-almacenaje-de-combustible-huejotzingo\/#breadcrumb","itemListElement":[{"@type":"ListItem","position":1,"name":"Portada","item":"https:\/\/thepueblatimes.mx\/"},{"@type":"ListItem","position":2,"name":"FGR realiza operativo en empresa de almacenaje de combustible Huejotzingo"}]},{"@type":"WebSite","@id":"https:\/\/thepueblatimes.mx\/#website","url":"https:\/\/thepueblatimes.mx\/","name":"The Puebla Times","description":"Noticias del Estado de Puebla","potentialAction":[{"@type":"SearchAction","target":{"@type":"EntryPoint","urlTemplate":"https:\/\/thepueblatimes.mx\/?s={search_term_string}"},"query-input":"required name=search_term_string"}],"inLanguage":"es"},{"@type":"Person","@id":"https:\/\/thepueblatimes.mx\/#\/schema\/person\/7bdf2adbc50078b104bba72b5612f774","name":"Francisco S\u00e1nchez Nolasco","image":{"@type":"ImageObject","inLanguage":"es","@id":"https:\/\/thepueblatimes.mx\/#\/schema\/person\/image\/","url":"https:\/\/secure.gravatar.com\/avatar\/6061d7d20b38bc2742a5218401b198d2?s=96&d=mm&r=g","contentUrl":"https:\/\/secure.gravatar.com\/avatar\/6061d7d20b38bc2742a5218401b198d2?s=96&d=mm&r=g","caption":"Francisco S\u00e1nchez Nolasco"},"url":"https:\/\/thepueblatimes.mx\/index.php\/author\/marianitha-reyes\/"}]}},"jetpack_featured_media_url":"https:\/\/thepueblatimes.mx\/wp-content\/uploads\/2021\/08\/cateo_empresa.jpg","_links":{"self":[{"href":"https:\/\/thepueblatimes.mx\/index.php\/wp-json\/wp\/v2\/posts\/15526"}],"collection":[{"href":"https:\/\/thepueblatimes.mx\/index.php\/wp-json\/wp\/v2\/posts"}],"about":[{"href":"https:\/\/thepueblatimes.mx\/index.php\/wp-json\/wp\/v2\/types\/post"}],"author":[{"embeddable":true,"href":"https:\/\/thepueblatimes.mx\/index.php\/wp-json\/wp\/v2\/users\/15"}],"replies":[{"embeddable":true,"href":"https:\/\/thepueblatimes.mx\/index.php\/wp-json\/wp\/v2\/comments?post=15526"}],"version-history":[{"count":1,"href":"https:\/\/thepueblatimes.mx\/index.php\/wp-json\/wp\/v2\/posts\/15526\/revisions"}],"predecessor-version":[{"id":15529,"href":"https:\/\/thepueblatimes.mx\/index.php\/wp-json\/wp\/v2\/posts\/15526\/revisions\/15529"}],"wp:featuredmedia":[{"embeddable":true,"href":"https:\/\/thepueblatimes.mx\/index.php\/wp-json\/wp\/v2\/media\/15528"}],"wp:attachment":[{"href":"https:\/\/thepueblatimes.mx\/index.php\/wp-json\/wp\/v2\/media?parent=15526"}],"wp:term":[{"taxonomy":"category","embeddable":true,"href":"https:\/\/thepueblatimes.mx\/index.php\/wp-json\/wp\/v2\/categories?post=15526"},{"taxonomy":"post_tag","embeddable":true,"href":"https:\/\/thepueblatimes.mx\/index.php\/wp-json\/wp\/v2\/tags?post=15526"}],"curies":[{"name":"wp","href":"https:\/\/api.w.org\/{rel}","templated":true}]}}