{"id":15519,"date":"2021-08-25T20:18:50","date_gmt":"2021-08-26T01:18:50","guid":{"rendered":"https:\/\/thepueblatimes.mx\/?p=15519"},"modified":"2021-08-25T20:18:50","modified_gmt":"2021-08-26T01:18:50","slug":"lizeth-de-16-anos-desaparecio-en-huejotzingo","status":"publish","type":"post","link":"https:\/\/thepueblatimes.mx\/index.php\/2021\/08\/25\/lizeth-de-16-anos-desaparecio-en-huejotzingo\/","title":{"rendered":"Lizeth de 16 a\u00f1os desapareci\u00f3 en Huejotzingo"},"content":{"rendered":"<p>Huejotzingo, Pue.- L<strong>a Fiscal\u00eda General de Puebla dio a conocer la desaparici\u00f3n de Lizeth Pacheco de la Rosa de 16 a\u00f1os de edad.<\/strong><\/p>\n<p>Fue vista por \u00faltima vez el\u00a0<strong>23 de agosto en Los Sauces, Huejotzingo.<\/strong><\/p>\n<p>Como se\u00f1a particular tiene un lunar peque\u00f1o en la punta de la nariz y otro arriba de la boca del lado derecho.<\/p>\n<p>Cualquier informaci\u00f3n que d\u00e9 con su paradero comunicarse al tel\u00e9fono 2212838142.<\/p>\n","protected":false},"excerpt":{"rendered":"<p>Huejotzingo, Pue.- La Fiscal\u00eda General de Puebla dio a conocer la desaparici\u00f3n de Lizeth Pacheco de la Rosa de 16 a\u00f1os de edad. Fue vista por \u00faltima vez el\u00a023 de agosto en Los Sauces, Huejotzingo. Como se\u00f1a particular tiene un lunar peque\u00f1o en la punta de la nariz y otro arriba de la boca del&#8230;<\/p>\n","protected":false},"author":15,"featured_media":0,"comment_status":"open","ping_status":"open","sticky":false,"template":"","format":"standard","meta":[],"categories":[20],"tags":[49],"yoast_head":"<!-- This site is optimized with the Yoast SEO plugin v20.8 - https:\/\/yoast.com\/wordpress\/plugins\/seo\/ -->\n<title>Lizeth de 16 a\u00f1os desapareci\u00f3 en Huejotzingo - The Puebla Times<\/title>\n<meta name=\"robots\" content=\"index, follow, max-snippet:-1, max-image-preview:large, max-video-preview:-1\" \/>\n<link rel=\"canonical\" href=\"https:\/\/thepueblatimes.mx\/index.php\/2021\/08\/25\/lizeth-de-16-anos-desaparecio-en-huejotzingo\/\" \/>\n<meta property=\"og:locale\" content=\"es_ES\" \/>\n<meta property=\"og:type\" content=\"article\" \/>\n<meta property=\"og:title\" content=\"Lizeth de 16 a\u00f1os desapareci\u00f3 en Huejotzingo - The Puebla Times\" \/>\n<meta property=\"og:description\" content=\"Huejotzingo, Pue.- La Fiscal\u00eda General de Puebla dio a conocer la desaparici\u00f3n de Lizeth Pacheco de la Rosa de 16 a\u00f1os de edad. Fue vista por \u00faltima vez el\u00a023 de agosto en Los Sauces, Huejotzingo. Como se\u00f1a particular tiene un lunar peque\u00f1o en la punta de la nariz y otro arriba de la boca del...\" \/>\n<meta property=\"og:url\" content=\"https:\/\/thepueblatimes.mx\/index.php\/2021\/08\/25\/lizeth-de-16-anos-desaparecio-en-huejotzingo\/\" \/>\n<meta property=\"og:site_name\" content=\"The Puebla Times\" \/>\n<meta property=\"article:published_time\" content=\"2021-08-26T01:18:50+00:00\" \/>\n<meta name=\"author\" content=\"Francisco S\u00e1nchez Nolasco\" \/>\n<meta name=\"twitter:card\" content=\"summary_large_image\" \/>\n<meta name=\"twitter:label1\" content=\"Escrito por\" \/>\n\t<meta name=\"twitter:data1\" content=\"Francisco S\u00e1nchez Nolasco\" \/>\n<script type=\"application\/ld+json\" class=\"yoast-schema-graph\">{\"@context\":\"https:\/\/schema.org\",\"@graph\":[{\"@type\":\"WebPage\",\"@id\":\"https:\/\/thepueblatimes.mx\/index.php\/2021\/08\/25\/lizeth-de-16-anos-desaparecio-en-huejotzingo\/\",\"url\":\"https:\/\/thepueblatimes.mx\/index.php\/2021\/08\/25\/lizeth-de-16-anos-desaparecio-en-huejotzingo\/\",\"name\":\"Lizeth de 16 a\u00f1os desapareci\u00f3 en Huejotzingo - The Puebla Times\",\"isPartOf\":{\"@id\":\"https:\/\/thepueblatimes.mx\/#website\"},\"datePublished\":\"2021-08-26T01:18:50+00:00\",\"dateModified\":\"2021-08-26T01:18:50+00:00\",\"author\":{\"@id\":\"https:\/\/thepueblatimes.mx\/#\/schema\/person\/7bdf2adbc50078b104bba72b5612f774\"},\"breadcrumb\":{\"@id\":\"https:\/\/thepueblatimes.mx\/index.php\/2021\/08\/25\/lizeth-de-16-anos-desaparecio-en-huejotzingo\/#breadcrumb\"},\"inLanguage\":\"es\",\"potentialAction\":[{\"@type\":\"ReadAction\",\"target\":[\"https:\/\/thepueblatimes.mx\/index.php\/2021\/08\/25\/lizeth-de-16-anos-desaparecio-en-huejotzingo\/\"]}]},{\"@type\":\"BreadcrumbList\",\"@id\":\"https:\/\/thepueblatimes.mx\/index.php\/2021\/08\/25\/lizeth-de-16-anos-desaparecio-en-huejotzingo\/#breadcrumb\",\"itemListElement\":[{\"@type\":\"ListItem\",\"position\":1,\"name\":\"Portada\",\"item\":\"https:\/\/thepueblatimes.mx\/\"},{\"@type\":\"ListItem\",\"position\":2,\"name\":\"Lizeth de 16 a\u00f1os desapareci\u00f3 en Huejotzingo\"}]},{\"@type\":\"WebSite\",\"@id\":\"https:\/\/thepueblatimes.mx\/#website\",\"url\":\"https:\/\/thepueblatimes.mx\/\",\"name\":\"The Puebla Times\",\"description\":\"Noticias del Estado de Puebla\",\"potentialAction\":[{\"@type\":\"SearchAction\",\"target\":{\"@type\":\"EntryPoint\",\"urlTemplate\":\"https:\/\/thepueblatimes.mx\/?s={search_term_string}\"},\"query-input\":\"required name=search_term_string\"}],\"inLanguage\":\"es\"},{\"@type\":\"Person\",\"@id\":\"https:\/\/thepueblatimes.mx\/#\/schema\/person\/7bdf2adbc50078b104bba72b5612f774\",\"name\":\"Francisco S\u00e1nchez Nolasco\",\"image\":{\"@type\":\"ImageObject\",\"inLanguage\":\"es\",\"@id\":\"https:\/\/thepueblatimes.mx\/#\/schema\/person\/image\/\",\"url\":\"https:\/\/secure.gravatar.com\/avatar\/6061d7d20b38bc2742a5218401b198d2?s=96&d=mm&r=g\",\"contentUrl\":\"https:\/\/secure.gravatar.com\/avatar\/6061d7d20b38bc2742a5218401b198d2?s=96&d=mm&r=g\",\"caption\":\"Francisco S\u00e1nchez Nolasco\"},\"url\":\"https:\/\/thepueblatimes.mx\/index.php\/author\/marianitha-reyes\/\"}]}<\/script>\n<!-- \/ Yoast SEO plugin. -->","yoast_head_json":{"title":"Lizeth de 16 a\u00f1os desapareci\u00f3 en Huejotzingo - The Puebla Times","robots":{"index":"index","follow":"follow","max-snippet":"max-snippet:-1","max-image-preview":"max-image-preview:large","max-video-preview":"max-video-preview:-1"},"canonical":"https:\/\/thepueblatimes.mx\/index.php\/2021\/08\/25\/lizeth-de-16-anos-desaparecio-en-huejotzingo\/","og_locale":"es_ES","og_type":"article","og_title":"Lizeth de 16 a\u00f1os desapareci\u00f3 en Huejotzingo - The Puebla Times","og_description":"Huejotzingo, Pue.- La Fiscal\u00eda General de Puebla dio a conocer la desaparici\u00f3n de Lizeth Pacheco de la Rosa de 16 a\u00f1os de edad. Fue vista por \u00faltima vez el\u00a023 de agosto en Los Sauces, Huejotzingo. Como se\u00f1a particular tiene un lunar peque\u00f1o en la punta de la nariz y otro arriba de la boca del...","og_url":"https:\/\/thepueblatimes.mx\/index.php\/2021\/08\/25\/lizeth-de-16-anos-desaparecio-en-huejotzingo\/","og_site_name":"The Puebla Times","article_published_time":"2021-08-26T01:18:50+00:00","author":"Francisco S\u00e1nchez Nolasco","twitter_card":"summary_large_image","twitter_misc":{"Escrito por":"Francisco S\u00e1nchez Nolasco"},"schema":{"@context":"https:\/\/schema.org","@graph":[{"@type":"WebPage","@id":"https:\/\/thepueblatimes.mx\/index.php\/2021\/08\/25\/lizeth-de-16-anos-desaparecio-en-huejotzingo\/","url":"https:\/\/thepueblatimes.mx\/index.php\/2021\/08\/25\/lizeth-de-16-anos-desaparecio-en-huejotzingo\/","name":"Lizeth de 16 a\u00f1os desapareci\u00f3 en Huejotzingo - The Puebla Times","isPartOf":{"@id":"https:\/\/thepueblatimes.mx\/#website"},"datePublished":"2021-08-26T01:18:50+00:00","dateModified":"2021-08-26T01:18:50+00:00","author":{"@id":"https:\/\/thepueblatimes.mx\/#\/schema\/person\/7bdf2adbc50078b104bba72b5612f774"},"breadcrumb":{"@id":"https:\/\/thepueblatimes.mx\/index.php\/2021\/08\/25\/lizeth-de-16-anos-desaparecio-en-huejotzingo\/#breadcrumb"},"inLanguage":"es","potentialAction":[{"@type":"ReadAction","target":["https:\/\/thepueblatimes.mx\/index.php\/2021\/08\/25\/lizeth-de-16-anos-desaparecio-en-huejotzingo\/"]}]},{"@type":"BreadcrumbList","@id":"https:\/\/thepueblatimes.mx\/index.php\/2021\/08\/25\/lizeth-de-16-anos-desaparecio-en-huejotzingo\/#breadcrumb","itemListElement":[{"@type":"ListItem","position":1,"name":"Portada","item":"https:\/\/thepueblatimes.mx\/"},{"@type":"ListItem","position":2,"name":"Lizeth de 16 a\u00f1os desapareci\u00f3 en Huejotzingo"}]},{"@type":"WebSite","@id":"https:\/\/thepueblatimes.mx\/#website","url":"https:\/\/thepueblatimes.mx\/","name":"The Puebla Times","description":"Noticias del Estado de Puebla","potentialAction":[{"@type":"SearchAction","target":{"@type":"EntryPoint","urlTemplate":"https:\/\/thepueblatimes.mx\/?s={search_term_string}"},"query-input":"required name=search_term_string"}],"inLanguage":"es"},{"@type":"Person","@id":"https:\/\/thepueblatimes.mx\/#\/schema\/person\/7bdf2adbc50078b104bba72b5612f774","name":"Francisco S\u00e1nchez Nolasco","image":{"@type":"ImageObject","inLanguage":"es","@id":"https:\/\/thepueblatimes.mx\/#\/schema\/person\/image\/","url":"https:\/\/secure.gravatar.com\/avatar\/6061d7d20b38bc2742a5218401b198d2?s=96&d=mm&r=g","contentUrl":"https:\/\/secure.gravatar.com\/avatar\/6061d7d20b38bc2742a5218401b198d2?s=96&d=mm&r=g","caption":"Francisco S\u00e1nchez Nolasco"},"url":"https:\/\/thepueblatimes.mx\/index.php\/author\/marianitha-reyes\/"}]}},"jetpack_featured_media_url":"","_links":{"self":[{"href":"https:\/\/thepueblatimes.mx\/index.php\/wp-json\/wp\/v2\/posts\/15519"}],"collection":[{"href":"https:\/\/thepueblatimes.mx\/index.php\/wp-json\/wp\/v2\/posts"}],"about":[{"href":"https:\/\/thepueblatimes.mx\/index.php\/wp-json\/wp\/v2\/types\/post"}],"author":[{"embeddable":true,"href":"https:\/\/thepueblatimes.mx\/index.php\/wp-json\/wp\/v2\/users\/15"}],"replies":[{"embeddable":true,"href":"https:\/\/thepueblatimes.mx\/index.php\/wp-json\/wp\/v2\/comments?post=15519"}],"version-history":[{"count":1,"href":"https:\/\/thepueblatimes.mx\/index.php\/wp-json\/wp\/v2\/posts\/15519\/revisions"}],"predecessor-version":[{"id":15521,"href":"https:\/\/thepueblatimes.mx\/index.php\/wp-json\/wp\/v2\/posts\/15519\/revisions\/15521"}],"wp:attachment":[{"href":"https:\/\/thepueblatimes.mx\/index.php\/wp-json\/wp\/v2\/media?parent=15519"}],"wp:term":[{"taxonomy":"category","embeddable":true,"href":"https:\/\/thepueblatimes.mx\/index.php\/wp-json\/wp\/v2\/categories?post=15519"},{"taxonomy":"post_tag","embeddable":true,"href":"https:\/\/thepueblatimes.mx\/index.php\/wp-json\/wp\/v2\/tags?post=15519"}],"curies":[{"name":"wp","href":"https:\/\/api.w.org\/{rel}","templated":true}]}}