{"id":15516,"date":"2021-08-25T20:15:44","date_gmt":"2021-08-26T01:15:44","guid":{"rendered":"https:\/\/thepueblatimes.mx\/?p=15516"},"modified":"2021-08-25T20:15:44","modified_gmt":"2021-08-26T01:15:44","slug":"les-encuentran-cristal-a-dos-sujetos-que-discutian-en-calles-de-coronango","status":"publish","type":"post","link":"https:\/\/thepueblatimes.mx\/index.php\/2021\/08\/25\/les-encuentran-cristal-a-dos-sujetos-que-discutian-en-calles-de-coronango\/","title":{"rendered":"Les encuentran cristal a dos sujetos que discut\u00edan en calles de Coronango"},"content":{"rendered":"<p>Coronango, Pue.- La Fiscal\u00eda General del Estado de Puebla obtuvo la\u00a0<strong>vinculaci\u00f3n a proceso de Mario N. de 42 a\u00f1os y Fernando N. de 47 a\u00f1os, presuntos responsables de delitos contra la salud en su modalidad de narcomenudeo<\/strong>\u00a0con fines de suministro.<\/p>\n<p>El 20 de agosto de 2021 polic\u00edas estatales<strong>\u00a0detuvieron en la junta auxiliar de San Francisco Ocotl\u00e1n, Coronango a los hoy imputados cuando discut\u00edan en v\u00eda p\u00fablica.<\/strong><\/p>\n<p>Durante la intervenci\u00f3n policial, les encontraron\u00a0<strong>35 envoltorios con sustancia color blanco de posible cristal\u00a0<\/strong>por lo que fueron puestos a disposici\u00f3n del Agente del Ministerio P\u00fablico.<\/p>\n<p>Resultado de las diligencias realizadas por la Fiscal\u00eda Especializada en Investigaci\u00f3n de Delitos de Alta Incidencia, el Juez de Control dict\u00f3 auto de vinculaci\u00f3n a proceso contra Mario N. y Fernando N., quienes adem\u00e1s recibieron prisi\u00f3n preventiva como medida cautelar.<\/p>\n<p>&nbsp;<\/p>\n","protected":false},"excerpt":{"rendered":"<p>Coronango, Pue.- La Fiscal\u00eda General del Estado de Puebla obtuvo la\u00a0vinculaci\u00f3n a proceso de Mario N. de 42 a\u00f1os y Fernando N. de 47 a\u00f1os, presuntos responsables de delitos contra la salud en su modalidad de narcomenudeo\u00a0con fines de suministro. El 20 de agosto de 2021 polic\u00edas estatales\u00a0detuvieron en la junta auxiliar de San Francisco&#8230;<\/p>\n","protected":false},"author":15,"featured_media":15517,"comment_status":"open","ping_status":"open","sticky":false,"template":"","format":"standard","meta":[],"categories":[20],"tags":[],"yoast_head":"<!-- This site is optimized with the Yoast SEO plugin v20.8 - https:\/\/yoast.com\/wordpress\/plugins\/seo\/ -->\n<title>Les encuentran cristal a dos sujetos que discut\u00edan en calles de Coronango - The Puebla Times<\/title>\n<meta name=\"robots\" content=\"index, follow, max-snippet:-1, max-image-preview:large, max-video-preview:-1\" \/>\n<link rel=\"canonical\" href=\"https:\/\/thepueblatimes.mx\/index.php\/2021\/08\/25\/les-encuentran-cristal-a-dos-sujetos-que-discutian-en-calles-de-coronango\/\" \/>\n<meta property=\"og:locale\" content=\"es_ES\" \/>\n<meta property=\"og:type\" content=\"article\" \/>\n<meta property=\"og:title\" content=\"Les encuentran cristal a dos sujetos que discut\u00edan en calles de Coronango - The Puebla Times\" \/>\n<meta property=\"og:description\" content=\"Coronango, Pue.- La Fiscal\u00eda General del Estado de Puebla obtuvo la\u00a0vinculaci\u00f3n a proceso de Mario N. de 42 a\u00f1os y Fernando N. de 47 a\u00f1os, presuntos responsables de delitos contra la salud en su modalidad de narcomenudeo\u00a0con fines de suministro. El 20 de agosto de 2021 polic\u00edas estatales\u00a0detuvieron en la junta auxiliar de San Francisco...\" \/>\n<meta property=\"og:url\" content=\"https:\/\/thepueblatimes.mx\/index.php\/2021\/08\/25\/les-encuentran-cristal-a-dos-sujetos-que-discutian-en-calles-de-coronango\/\" \/>\n<meta property=\"og:site_name\" content=\"The Puebla Times\" \/>\n<meta property=\"article:published_time\" content=\"2021-08-26T01:15:44+00:00\" \/>\n<meta property=\"og:image\" content=\"https:\/\/thepueblatimes.mx\/wp-content\/uploads\/2021\/08\/narcos_coronango.jpg\" \/>\n\t<meta property=\"og:image:width\" content=\"1920\" \/>\n\t<meta property=\"og:image:height\" content=\"1080\" \/>\n\t<meta property=\"og:image:type\" content=\"image\/jpeg\" \/>\n<meta name=\"author\" content=\"Francisco S\u00e1nchez Nolasco\" \/>\n<meta name=\"twitter:card\" content=\"summary_large_image\" \/>\n<meta name=\"twitter:label1\" content=\"Escrito por\" \/>\n\t<meta name=\"twitter:data1\" content=\"Francisco S\u00e1nchez Nolasco\" \/>\n\t<meta name=\"twitter:label2\" content=\"Tiempo de lectura\" \/>\n\t<meta name=\"twitter:data2\" content=\"1 minuto\" \/>\n<script type=\"application\/ld+json\" class=\"yoast-schema-graph\">{\"@context\":\"https:\/\/schema.org\",\"@graph\":[{\"@type\":\"WebPage\",\"@id\":\"https:\/\/thepueblatimes.mx\/index.php\/2021\/08\/25\/les-encuentran-cristal-a-dos-sujetos-que-discutian-en-calles-de-coronango\/\",\"url\":\"https:\/\/thepueblatimes.mx\/index.php\/2021\/08\/25\/les-encuentran-cristal-a-dos-sujetos-que-discutian-en-calles-de-coronango\/\",\"name\":\"Les encuentran cristal a dos sujetos que discut\u00edan en calles de Coronango - The Puebla Times\",\"isPartOf\":{\"@id\":\"https:\/\/thepueblatimes.mx\/#website\"},\"datePublished\":\"2021-08-26T01:15:44+00:00\",\"dateModified\":\"2021-08-26T01:15:44+00:00\",\"author\":{\"@id\":\"https:\/\/thepueblatimes.mx\/#\/schema\/person\/7bdf2adbc50078b104bba72b5612f774\"},\"breadcrumb\":{\"@id\":\"https:\/\/thepueblatimes.mx\/index.php\/2021\/08\/25\/les-encuentran-cristal-a-dos-sujetos-que-discutian-en-calles-de-coronango\/#breadcrumb\"},\"inLanguage\":\"es\",\"potentialAction\":[{\"@type\":\"ReadAction\",\"target\":[\"https:\/\/thepueblatimes.mx\/index.php\/2021\/08\/25\/les-encuentran-cristal-a-dos-sujetos-que-discutian-en-calles-de-coronango\/\"]}]},{\"@type\":\"BreadcrumbList\",\"@id\":\"https:\/\/thepueblatimes.mx\/index.php\/2021\/08\/25\/les-encuentran-cristal-a-dos-sujetos-que-discutian-en-calles-de-coronango\/#breadcrumb\",\"itemListElement\":[{\"@type\":\"ListItem\",\"position\":1,\"name\":\"Portada\",\"item\":\"https:\/\/thepueblatimes.mx\/\"},{\"@type\":\"ListItem\",\"position\":2,\"name\":\"Les encuentran cristal a dos sujetos que discut\u00edan en calles de Coronango\"}]},{\"@type\":\"WebSite\",\"@id\":\"https:\/\/thepueblatimes.mx\/#website\",\"url\":\"https:\/\/thepueblatimes.mx\/\",\"name\":\"The Puebla Times\",\"description\":\"Noticias del Estado de Puebla\",\"potentialAction\":[{\"@type\":\"SearchAction\",\"target\":{\"@type\":\"EntryPoint\",\"urlTemplate\":\"https:\/\/thepueblatimes.mx\/?s={search_term_string}\"},\"query-input\":\"required name=search_term_string\"}],\"inLanguage\":\"es\"},{\"@type\":\"Person\",\"@id\":\"https:\/\/thepueblatimes.mx\/#\/schema\/person\/7bdf2adbc50078b104bba72b5612f774\",\"name\":\"Francisco S\u00e1nchez Nolasco\",\"image\":{\"@type\":\"ImageObject\",\"inLanguage\":\"es\",\"@id\":\"https:\/\/thepueblatimes.mx\/#\/schema\/person\/image\/\",\"url\":\"https:\/\/secure.gravatar.com\/avatar\/6061d7d20b38bc2742a5218401b198d2?s=96&d=mm&r=g\",\"contentUrl\":\"https:\/\/secure.gravatar.com\/avatar\/6061d7d20b38bc2742a5218401b198d2?s=96&d=mm&r=g\",\"caption\":\"Francisco S\u00e1nchez Nolasco\"},\"url\":\"https:\/\/thepueblatimes.mx\/index.php\/author\/marianitha-reyes\/\"}]}<\/script>\n<!-- \/ Yoast SEO plugin. -->","yoast_head_json":{"title":"Les encuentran cristal a dos sujetos que discut\u00edan en calles de Coronango - The Puebla Times","robots":{"index":"index","follow":"follow","max-snippet":"max-snippet:-1","max-image-preview":"max-image-preview:large","max-video-preview":"max-video-preview:-1"},"canonical":"https:\/\/thepueblatimes.mx\/index.php\/2021\/08\/25\/les-encuentran-cristal-a-dos-sujetos-que-discutian-en-calles-de-coronango\/","og_locale":"es_ES","og_type":"article","og_title":"Les encuentran cristal a dos sujetos que discut\u00edan en calles de Coronango - The Puebla Times","og_description":"Coronango, Pue.- La Fiscal\u00eda General del Estado de Puebla obtuvo la\u00a0vinculaci\u00f3n a proceso de Mario N. de 42 a\u00f1os y Fernando N. de 47 a\u00f1os, presuntos responsables de delitos contra la salud en su modalidad de narcomenudeo\u00a0con fines de suministro. El 20 de agosto de 2021 polic\u00edas estatales\u00a0detuvieron en la junta auxiliar de San Francisco...","og_url":"https:\/\/thepueblatimes.mx\/index.php\/2021\/08\/25\/les-encuentran-cristal-a-dos-sujetos-que-discutian-en-calles-de-coronango\/","og_site_name":"The Puebla Times","article_published_time":"2021-08-26T01:15:44+00:00","og_image":[{"width":1920,"height":1080,"url":"https:\/\/thepueblatimes.mx\/wp-content\/uploads\/2021\/08\/narcos_coronango.jpg","type":"image\/jpeg"}],"author":"Francisco S\u00e1nchez Nolasco","twitter_card":"summary_large_image","twitter_misc":{"Escrito por":"Francisco S\u00e1nchez Nolasco","Tiempo de lectura":"1 minuto"},"schema":{"@context":"https:\/\/schema.org","@graph":[{"@type":"WebPage","@id":"https:\/\/thepueblatimes.mx\/index.php\/2021\/08\/25\/les-encuentran-cristal-a-dos-sujetos-que-discutian-en-calles-de-coronango\/","url":"https:\/\/thepueblatimes.mx\/index.php\/2021\/08\/25\/les-encuentran-cristal-a-dos-sujetos-que-discutian-en-calles-de-coronango\/","name":"Les encuentran cristal a dos sujetos que discut\u00edan en calles de Coronango - The Puebla Times","isPartOf":{"@id":"https:\/\/thepueblatimes.mx\/#website"},"datePublished":"2021-08-26T01:15:44+00:00","dateModified":"2021-08-26T01:15:44+00:00","author":{"@id":"https:\/\/thepueblatimes.mx\/#\/schema\/person\/7bdf2adbc50078b104bba72b5612f774"},"breadcrumb":{"@id":"https:\/\/thepueblatimes.mx\/index.php\/2021\/08\/25\/les-encuentran-cristal-a-dos-sujetos-que-discutian-en-calles-de-coronango\/#breadcrumb"},"inLanguage":"es","potentialAction":[{"@type":"ReadAction","target":["https:\/\/thepueblatimes.mx\/index.php\/2021\/08\/25\/les-encuentran-cristal-a-dos-sujetos-que-discutian-en-calles-de-coronango\/"]}]},{"@type":"BreadcrumbList","@id":"https:\/\/thepueblatimes.mx\/index.php\/2021\/08\/25\/les-encuentran-cristal-a-dos-sujetos-que-discutian-en-calles-de-coronango\/#breadcrumb","itemListElement":[{"@type":"ListItem","position":1,"name":"Portada","item":"https:\/\/thepueblatimes.mx\/"},{"@type":"ListItem","position":2,"name":"Les encuentran cristal a dos sujetos que discut\u00edan en calles de Coronango"}]},{"@type":"WebSite","@id":"https:\/\/thepueblatimes.mx\/#website","url":"https:\/\/thepueblatimes.mx\/","name":"The Puebla Times","description":"Noticias del Estado de Puebla","potentialAction":[{"@type":"SearchAction","target":{"@type":"EntryPoint","urlTemplate":"https:\/\/thepueblatimes.mx\/?s={search_term_string}"},"query-input":"required name=search_term_string"}],"inLanguage":"es"},{"@type":"Person","@id":"https:\/\/thepueblatimes.mx\/#\/schema\/person\/7bdf2adbc50078b104bba72b5612f774","name":"Francisco S\u00e1nchez Nolasco","image":{"@type":"ImageObject","inLanguage":"es","@id":"https:\/\/thepueblatimes.mx\/#\/schema\/person\/image\/","url":"https:\/\/secure.gravatar.com\/avatar\/6061d7d20b38bc2742a5218401b198d2?s=96&d=mm&r=g","contentUrl":"https:\/\/secure.gravatar.com\/avatar\/6061d7d20b38bc2742a5218401b198d2?s=96&d=mm&r=g","caption":"Francisco S\u00e1nchez Nolasco"},"url":"https:\/\/thepueblatimes.mx\/index.php\/author\/marianitha-reyes\/"}]}},"jetpack_featured_media_url":"https:\/\/thepueblatimes.mx\/wp-content\/uploads\/2021\/08\/narcos_coronango.jpg","_links":{"self":[{"href":"https:\/\/thepueblatimes.mx\/index.php\/wp-json\/wp\/v2\/posts\/15516"}],"collection":[{"href":"https:\/\/thepueblatimes.mx\/index.php\/wp-json\/wp\/v2\/posts"}],"about":[{"href":"https:\/\/thepueblatimes.mx\/index.php\/wp-json\/wp\/v2\/types\/post"}],"author":[{"embeddable":true,"href":"https:\/\/thepueblatimes.mx\/index.php\/wp-json\/wp\/v2\/users\/15"}],"replies":[{"embeddable":true,"href":"https:\/\/thepueblatimes.mx\/index.php\/wp-json\/wp\/v2\/comments?post=15516"}],"version-history":[{"count":1,"href":"https:\/\/thepueblatimes.mx\/index.php\/wp-json\/wp\/v2\/posts\/15516\/revisions"}],"predecessor-version":[{"id":15518,"href":"https:\/\/thepueblatimes.mx\/index.php\/wp-json\/wp\/v2\/posts\/15516\/revisions\/15518"}],"wp:featuredmedia":[{"embeddable":true,"href":"https:\/\/thepueblatimes.mx\/index.php\/wp-json\/wp\/v2\/media\/15517"}],"wp:attachment":[{"href":"https:\/\/thepueblatimes.mx\/index.php\/wp-json\/wp\/v2\/media?parent=15516"}],"wp:term":[{"taxonomy":"category","embeddable":true,"href":"https:\/\/thepueblatimes.mx\/index.php\/wp-json\/wp\/v2\/categories?post=15516"},{"taxonomy":"post_tag","embeddable":true,"href":"https:\/\/thepueblatimes.mx\/index.php\/wp-json\/wp\/v2\/tags?post=15516"}],"curies":[{"name":"wp","href":"https:\/\/api.w.org\/{rel}","templated":true}]}}