{"id":152,"date":"2020-06-17T19:19:18","date_gmt":"2020-06-18T00:19:18","guid":{"rendered":"https:\/\/thepueblatimes.mx\/?p=152"},"modified":"2020-06-17T19:19:18","modified_gmt":"2020-06-18T00:19:18","slug":"disminuye-analfabetismo-en-mexico","status":"publish","type":"post","link":"https:\/\/thepueblatimes.mx\/index.php\/2020\/06\/17\/disminuye-analfabetismo-en-mexico\/","title":{"rendered":"Disminuye analfabetismo en M\u00e9xico"},"content":{"rendered":"<p><strong>El analfabetismo ha registrado una disminuci\u00f3n en lo que va de la actual administraci\u00f3n, al pasar del 4 al 3.8 por ciento.<\/strong><\/p>\n<p>CIUDAD DE M\u00c9XICO.- El analfabetismo ha registrado una disminuci\u00f3n en lo que va de la actual administraci\u00f3n, al pasar del 4 al 3.8 por ciento.<\/p>\n<p>Durante la reuni\u00f3n virtual de Directores Generales de los Institutos Estatales y Responsables de Unidad de Operaci\u00f3n del Instituto Nacional para la Educaci\u00f3n de los Adultos (INEA), el director general de la instituci\u00f3n, Rodolfo Lara Ponte, destac\u00f3 que la cifra total de personas en rezago educativo pas\u00f3 de 28 millones 716 mil personas, a poco m\u00e1s de 28 millones 600 mil, lo que significa una variaci\u00f3n en el \u00edndice de rezago educativo del 31.2 al 30.5 por ciento.<\/p>\n<p>Detall\u00f3 que al inicio del sexenio se ten\u00eda registro de 8 millones 942 mil 168 personas sin estudios de primaria mientras que actualmente, la cifra es de casi 8 millones 910 mil personas.<\/p>\n<p>Por su parte, refiri\u00f3 que la poblaci\u00f3n sin estudios de secundaria, se concentra principalmente en j\u00f3venes y adolescentes que por distintas razones no iniciaron o no concluyeron ese nivel educativo.<\/p>\n<p>Al cierre de 2018, cerca de 16 millones de personas no contaban con la educaci\u00f3n Secundaria. No obstante, el \u00edndice de rezago disminuy\u00f3 del 17.5 al 17.3 por ciento.<\/p>\n<p>En este contexto, el secretario de Educaci\u00f3n P\u00fablica, Esteban Moctezuma Barrag\u00e1n, exhort\u00f3 a los representantes del INEA a coordinar esfuerzos para incrementar la cobertura educativa en la nueva normalidad mediante los c\u00edrculos de estudio, puntos de encuentro y plazas comunitarias de todo el pa\u00eds.<\/p>\n","protected":false},"excerpt":{"rendered":"<p>El analfabetismo ha registrado una disminuci\u00f3n en lo que va de la actual administraci\u00f3n, al pasar del 4 al 3.8 por ciento. CIUDAD DE M\u00c9XICO.- El analfabetismo ha registrado una disminuci\u00f3n en lo que va de la actual administraci\u00f3n, al pasar del 4 al 3.8 por ciento. Durante la reuni\u00f3n virtual de Directores Generales de&#8230;<\/p>\n","protected":false},"author":2,"featured_media":153,"comment_status":"open","ping_status":"open","sticky":false,"template":"","format":"standard","meta":[],"categories":[2],"tags":[26],"yoast_head":"<!-- This site is optimized with the Yoast SEO plugin v20.8 - https:\/\/yoast.com\/wordpress\/plugins\/seo\/ -->\n<title>Disminuye analfabetismo en M\u00e9xico - The Puebla Times<\/title>\n<meta name=\"robots\" content=\"index, follow, max-snippet:-1, max-image-preview:large, max-video-preview:-1\" \/>\n<link rel=\"canonical\" href=\"https:\/\/thepueblatimes.mx\/index.php\/2020\/06\/17\/disminuye-analfabetismo-en-mexico\/\" \/>\n<meta property=\"og:locale\" content=\"es_ES\" \/>\n<meta property=\"og:type\" content=\"article\" \/>\n<meta property=\"og:title\" content=\"Disminuye analfabetismo en M\u00e9xico - The Puebla Times\" \/>\n<meta property=\"og:description\" content=\"El analfabetismo ha registrado una disminuci\u00f3n en lo que va de la actual administraci\u00f3n, al pasar del 4 al 3.8 por ciento. CIUDAD DE M\u00c9XICO.- El analfabetismo ha registrado una disminuci\u00f3n en lo que va de la actual administraci\u00f3n, al pasar del 4 al 3.8 por ciento. Durante la reuni\u00f3n virtual de Directores Generales de...\" \/>\n<meta property=\"og:url\" content=\"https:\/\/thepueblatimes.mx\/index.php\/2020\/06\/17\/disminuye-analfabetismo-en-mexico\/\" \/>\n<meta property=\"og:site_name\" content=\"The Puebla Times\" \/>\n<meta property=\"article:published_time\" content=\"2020-06-18T00:19:18+00:00\" \/>\n<meta property=\"og:image\" content=\"https:\/\/thepueblatimes.mx\/wp-content\/uploads\/2020\/06\/analfabetismo.jpg\" \/>\n\t<meta property=\"og:image:width\" content=\"664\" \/>\n\t<meta property=\"og:image:height\" content=\"498\" \/>\n\t<meta property=\"og:image:type\" content=\"image\/jpeg\" \/>\n<meta name=\"author\" content=\"admintpt\" \/>\n<meta name=\"twitter:card\" content=\"summary_large_image\" \/>\n<meta name=\"twitter:label1\" content=\"Escrito por\" \/>\n\t<meta name=\"twitter:data1\" content=\"admintpt\" \/>\n\t<meta name=\"twitter:label2\" content=\"Tiempo de lectura\" \/>\n\t<meta name=\"twitter:data2\" content=\"1 minuto\" \/>\n<script type=\"application\/ld+json\" class=\"yoast-schema-graph\">{\"@context\":\"https:\/\/schema.org\",\"@graph\":[{\"@type\":\"WebPage\",\"@id\":\"https:\/\/thepueblatimes.mx\/index.php\/2020\/06\/17\/disminuye-analfabetismo-en-mexico\/\",\"url\":\"https:\/\/thepueblatimes.mx\/index.php\/2020\/06\/17\/disminuye-analfabetismo-en-mexico\/\",\"name\":\"Disminuye analfabetismo en M\u00e9xico - The Puebla Times\",\"isPartOf\":{\"@id\":\"https:\/\/thepueblatimes.mx\/#website\"},\"datePublished\":\"2020-06-18T00:19:18+00:00\",\"dateModified\":\"2020-06-18T00:19:18+00:00\",\"author\":{\"@id\":\"https:\/\/thepueblatimes.mx\/#\/schema\/person\/c90a455f48a80821b6a99d3d73d1a71f\"},\"breadcrumb\":{\"@id\":\"https:\/\/thepueblatimes.mx\/index.php\/2020\/06\/17\/disminuye-analfabetismo-en-mexico\/#breadcrumb\"},\"inLanguage\":\"es\",\"potentialAction\":[{\"@type\":\"ReadAction\",\"target\":[\"https:\/\/thepueblatimes.mx\/index.php\/2020\/06\/17\/disminuye-analfabetismo-en-mexico\/\"]}]},{\"@type\":\"BreadcrumbList\",\"@id\":\"https:\/\/thepueblatimes.mx\/index.php\/2020\/06\/17\/disminuye-analfabetismo-en-mexico\/#breadcrumb\",\"itemListElement\":[{\"@type\":\"ListItem\",\"position\":1,\"name\":\"Portada\",\"item\":\"https:\/\/thepueblatimes.mx\/\"},{\"@type\":\"ListItem\",\"position\":2,\"name\":\"Disminuye analfabetismo en M\u00e9xico\"}]},{\"@type\":\"WebSite\",\"@id\":\"https:\/\/thepueblatimes.mx\/#website\",\"url\":\"https:\/\/thepueblatimes.mx\/\",\"name\":\"The Puebla Times\",\"description\":\"Noticias del Estado de Puebla\",\"potentialAction\":[{\"@type\":\"SearchAction\",\"target\":{\"@type\":\"EntryPoint\",\"urlTemplate\":\"https:\/\/thepueblatimes.mx\/?s={search_term_string}\"},\"query-input\":\"required name=search_term_string\"}],\"inLanguage\":\"es\"},{\"@type\":\"Person\",\"@id\":\"https:\/\/thepueblatimes.mx\/#\/schema\/person\/c90a455f48a80821b6a99d3d73d1a71f\",\"name\":\"admintpt\",\"image\":{\"@type\":\"ImageObject\",\"inLanguage\":\"es\",\"@id\":\"https:\/\/thepueblatimes.mx\/#\/schema\/person\/image\/\",\"url\":\"https:\/\/secure.gravatar.com\/avatar\/13f0a494cc76bfb992f9768b1d51109d?s=96&d=mm&r=g\",\"contentUrl\":\"https:\/\/secure.gravatar.com\/avatar\/13f0a494cc76bfb992f9768b1d51109d?s=96&d=mm&r=g\",\"caption\":\"admintpt\"},\"url\":\"https:\/\/thepueblatimes.mx\/index.php\/author\/admintpt\/\"}]}<\/script>\n<!-- \/ Yoast SEO plugin. -->","yoast_head_json":{"title":"Disminuye analfabetismo en M\u00e9xico - The Puebla Times","robots":{"index":"index","follow":"follow","max-snippet":"max-snippet:-1","max-image-preview":"max-image-preview:large","max-video-preview":"max-video-preview:-1"},"canonical":"https:\/\/thepueblatimes.mx\/index.php\/2020\/06\/17\/disminuye-analfabetismo-en-mexico\/","og_locale":"es_ES","og_type":"article","og_title":"Disminuye analfabetismo en M\u00e9xico - The Puebla Times","og_description":"El analfabetismo ha registrado una disminuci\u00f3n en lo que va de la actual administraci\u00f3n, al pasar del 4 al 3.8 por ciento. CIUDAD DE M\u00c9XICO.- El analfabetismo ha registrado una disminuci\u00f3n en lo que va de la actual administraci\u00f3n, al pasar del 4 al 3.8 por ciento. Durante la reuni\u00f3n virtual de Directores Generales de...","og_url":"https:\/\/thepueblatimes.mx\/index.php\/2020\/06\/17\/disminuye-analfabetismo-en-mexico\/","og_site_name":"The Puebla Times","article_published_time":"2020-06-18T00:19:18+00:00","og_image":[{"width":664,"height":498,"url":"https:\/\/thepueblatimes.mx\/wp-content\/uploads\/2020\/06\/analfabetismo.jpg","type":"image\/jpeg"}],"author":"admintpt","twitter_card":"summary_large_image","twitter_misc":{"Escrito por":"admintpt","Tiempo de lectura":"1 minuto"},"schema":{"@context":"https:\/\/schema.org","@graph":[{"@type":"WebPage","@id":"https:\/\/thepueblatimes.mx\/index.php\/2020\/06\/17\/disminuye-analfabetismo-en-mexico\/","url":"https:\/\/thepueblatimes.mx\/index.php\/2020\/06\/17\/disminuye-analfabetismo-en-mexico\/","name":"Disminuye analfabetismo en M\u00e9xico - The Puebla Times","isPartOf":{"@id":"https:\/\/thepueblatimes.mx\/#website"},"datePublished":"2020-06-18T00:19:18+00:00","dateModified":"2020-06-18T00:19:18+00:00","author":{"@id":"https:\/\/thepueblatimes.mx\/#\/schema\/person\/c90a455f48a80821b6a99d3d73d1a71f"},"breadcrumb":{"@id":"https:\/\/thepueblatimes.mx\/index.php\/2020\/06\/17\/disminuye-analfabetismo-en-mexico\/#breadcrumb"},"inLanguage":"es","potentialAction":[{"@type":"ReadAction","target":["https:\/\/thepueblatimes.mx\/index.php\/2020\/06\/17\/disminuye-analfabetismo-en-mexico\/"]}]},{"@type":"BreadcrumbList","@id":"https:\/\/thepueblatimes.mx\/index.php\/2020\/06\/17\/disminuye-analfabetismo-en-mexico\/#breadcrumb","itemListElement":[{"@type":"ListItem","position":1,"name":"Portada","item":"https:\/\/thepueblatimes.mx\/"},{"@type":"ListItem","position":2,"name":"Disminuye analfabetismo en M\u00e9xico"}]},{"@type":"WebSite","@id":"https:\/\/thepueblatimes.mx\/#website","url":"https:\/\/thepueblatimes.mx\/","name":"The Puebla Times","description":"Noticias del Estado de Puebla","potentialAction":[{"@type":"SearchAction","target":{"@type":"EntryPoint","urlTemplate":"https:\/\/thepueblatimes.mx\/?s={search_term_string}"},"query-input":"required name=search_term_string"}],"inLanguage":"es"},{"@type":"Person","@id":"https:\/\/thepueblatimes.mx\/#\/schema\/person\/c90a455f48a80821b6a99d3d73d1a71f","name":"admintpt","image":{"@type":"ImageObject","inLanguage":"es","@id":"https:\/\/thepueblatimes.mx\/#\/schema\/person\/image\/","url":"https:\/\/secure.gravatar.com\/avatar\/13f0a494cc76bfb992f9768b1d51109d?s=96&d=mm&r=g","contentUrl":"https:\/\/secure.gravatar.com\/avatar\/13f0a494cc76bfb992f9768b1d51109d?s=96&d=mm&r=g","caption":"admintpt"},"url":"https:\/\/thepueblatimes.mx\/index.php\/author\/admintpt\/"}]}},"jetpack_featured_media_url":"https:\/\/thepueblatimes.mx\/wp-content\/uploads\/2020\/06\/analfabetismo.jpg","_links":{"self":[{"href":"https:\/\/thepueblatimes.mx\/index.php\/wp-json\/wp\/v2\/posts\/152"}],"collection":[{"href":"https:\/\/thepueblatimes.mx\/index.php\/wp-json\/wp\/v2\/posts"}],"about":[{"href":"https:\/\/thepueblatimes.mx\/index.php\/wp-json\/wp\/v2\/types\/post"}],"author":[{"embeddable":true,"href":"https:\/\/thepueblatimes.mx\/index.php\/wp-json\/wp\/v2\/users\/2"}],"replies":[{"embeddable":true,"href":"https:\/\/thepueblatimes.mx\/index.php\/wp-json\/wp\/v2\/comments?post=152"}],"version-history":[{"count":1,"href":"https:\/\/thepueblatimes.mx\/index.php\/wp-json\/wp\/v2\/posts\/152\/revisions"}],"predecessor-version":[{"id":154,"href":"https:\/\/thepueblatimes.mx\/index.php\/wp-json\/wp\/v2\/posts\/152\/revisions\/154"}],"wp:featuredmedia":[{"embeddable":true,"href":"https:\/\/thepueblatimes.mx\/index.php\/wp-json\/wp\/v2\/media\/153"}],"wp:attachment":[{"href":"https:\/\/thepueblatimes.mx\/index.php\/wp-json\/wp\/v2\/media?parent=152"}],"wp:term":[{"taxonomy":"category","embeddable":true,"href":"https:\/\/thepueblatimes.mx\/index.php\/wp-json\/wp\/v2\/categories?post=152"},{"taxonomy":"post_tag","embeddable":true,"href":"https:\/\/thepueblatimes.mx\/index.php\/wp-json\/wp\/v2\/tags?post=152"}],"curies":[{"name":"wp","href":"https:\/\/api.w.org\/{rel}","templated":true}]}}