{"id":15173,"date":"2021-08-12T20:37:39","date_gmt":"2021-08-13T01:37:39","guid":{"rendered":"https:\/\/thepueblatimes.mx\/?p=15173"},"modified":"2021-08-12T20:37:39","modified_gmt":"2021-08-13T01:37:39","slug":"detienen-a-presunto-asesino-de-mujer-embarazada-en-teziutlan","status":"publish","type":"post","link":"https:\/\/thepueblatimes.mx\/index.php\/2021\/08\/12\/detienen-a-presunto-asesino-de-mujer-embarazada-en-teziutlan\/","title":{"rendered":"Detienen a presunto asesino de mujer embarazada en Teziutl\u00e1n"},"content":{"rendered":"<p>Teziutlan, Pue.-\u00a0<strong>Un masculino armado fue detenido la tarde de este jueves por elementos de la Polic\u00eda Estatal Preventiva (PEP) en el barrio de Tzontecomaco<\/strong>, en el municipio de\u00a0<strong>Teziutl\u00e1n<\/strong>. Se trata de un masculino de 31 a\u00f1os de edad, quien es conocido por su grave adicci\u00f3n a las drogas y por ser muy violento, adem\u00e1s de que<strong>\u00a0lo se\u00f1alan como el probable responsable de haber golpeado y baleado a una mujer embarazada el pasado domingo por la madrugada en la colonia Chignaulingo<\/strong>. La mujer qued\u00f3 muy grave y el pasado martes por la ma\u00f1ana perdi\u00f3 al feto de 30 semanas de gestaci\u00f3n y 24 horas despu\u00e9s falleci\u00f3 ella.<\/p>\n<p>El detenido se identific\u00f3 como Agust\u00edn N. H., de 31 a\u00f1os de edad, quien manten\u00eda una relaci\u00f3n de noviazgo con Alma Carolina, de 21 a\u00f1os de edad. Reportes de elementos de seguridad se\u00f1alan que ambos eran adictos a las drogas y estando bajo los efectos de algunas sustancias sol\u00edan protagonizar escenas de violencia.<\/p>\n","protected":false},"excerpt":{"rendered":"<p>Teziutlan, Pue.-\u00a0Un masculino armado fue detenido la tarde de este jueves por elementos de la Polic\u00eda Estatal Preventiva (PEP) en el barrio de Tzontecomaco, en el municipio de\u00a0Teziutl\u00e1n. Se trata de un masculino de 31 a\u00f1os de edad, quien es conocido por su grave adicci\u00f3n a las drogas y por ser muy violento, adem\u00e1s de&#8230;<\/p>\n","protected":false},"author":15,"featured_media":15174,"comment_status":"open","ping_status":"open","sticky":false,"template":"","format":"standard","meta":[],"categories":[20],"tags":[49],"yoast_head":"<!-- This site is optimized with the Yoast SEO plugin v20.8 - https:\/\/yoast.com\/wordpress\/plugins\/seo\/ -->\n<title>Detienen a presunto asesino de mujer embarazada en Teziutl\u00e1n - The Puebla Times<\/title>\n<meta name=\"robots\" content=\"index, follow, max-snippet:-1, max-image-preview:large, max-video-preview:-1\" \/>\n<link rel=\"canonical\" href=\"https:\/\/thepueblatimes.mx\/index.php\/2021\/08\/12\/detienen-a-presunto-asesino-de-mujer-embarazada-en-teziutlan\/\" \/>\n<meta property=\"og:locale\" content=\"es_ES\" \/>\n<meta property=\"og:type\" content=\"article\" \/>\n<meta property=\"og:title\" content=\"Detienen a presunto asesino de mujer embarazada en Teziutl\u00e1n - The Puebla Times\" \/>\n<meta property=\"og:description\" content=\"Teziutlan, Pue.-\u00a0Un masculino armado fue detenido la tarde de este jueves por elementos de la Polic\u00eda Estatal Preventiva (PEP) en el barrio de Tzontecomaco, en el municipio de\u00a0Teziutl\u00e1n. Se trata de un masculino de 31 a\u00f1os de edad, quien es conocido por su grave adicci\u00f3n a las drogas y por ser muy violento, adem\u00e1s de...\" \/>\n<meta property=\"og:url\" content=\"https:\/\/thepueblatimes.mx\/index.php\/2021\/08\/12\/detienen-a-presunto-asesino-de-mujer-embarazada-en-teziutlan\/\" \/>\n<meta property=\"og:site_name\" content=\"The Puebla Times\" \/>\n<meta property=\"article:published_time\" content=\"2021-08-13T01:37:39+00:00\" \/>\n<meta property=\"og:image\" content=\"https:\/\/thepueblatimes.mx\/wp-content\/uploads\/2021\/08\/detencion3_0.jpg\" \/>\n\t<meta property=\"og:image:width\" content=\"720\" \/>\n\t<meta property=\"og:image:height\" content=\"636\" \/>\n\t<meta property=\"og:image:type\" content=\"image\/jpeg\" \/>\n<meta name=\"author\" content=\"Francisco S\u00e1nchez Nolasco\" \/>\n<meta name=\"twitter:card\" content=\"summary_large_image\" \/>\n<meta name=\"twitter:label1\" content=\"Escrito por\" \/>\n\t<meta name=\"twitter:data1\" content=\"Francisco S\u00e1nchez Nolasco\" \/>\n\t<meta name=\"twitter:label2\" content=\"Tiempo de lectura\" \/>\n\t<meta name=\"twitter:data2\" content=\"1 minuto\" \/>\n<script type=\"application\/ld+json\" class=\"yoast-schema-graph\">{\"@context\":\"https:\/\/schema.org\",\"@graph\":[{\"@type\":\"WebPage\",\"@id\":\"https:\/\/thepueblatimes.mx\/index.php\/2021\/08\/12\/detienen-a-presunto-asesino-de-mujer-embarazada-en-teziutlan\/\",\"url\":\"https:\/\/thepueblatimes.mx\/index.php\/2021\/08\/12\/detienen-a-presunto-asesino-de-mujer-embarazada-en-teziutlan\/\",\"name\":\"Detienen a presunto asesino de mujer embarazada en Teziutl\u00e1n - The Puebla Times\",\"isPartOf\":{\"@id\":\"https:\/\/thepueblatimes.mx\/#website\"},\"datePublished\":\"2021-08-13T01:37:39+00:00\",\"dateModified\":\"2021-08-13T01:37:39+00:00\",\"author\":{\"@id\":\"https:\/\/thepueblatimes.mx\/#\/schema\/person\/7bdf2adbc50078b104bba72b5612f774\"},\"breadcrumb\":{\"@id\":\"https:\/\/thepueblatimes.mx\/index.php\/2021\/08\/12\/detienen-a-presunto-asesino-de-mujer-embarazada-en-teziutlan\/#breadcrumb\"},\"inLanguage\":\"es\",\"potentialAction\":[{\"@type\":\"ReadAction\",\"target\":[\"https:\/\/thepueblatimes.mx\/index.php\/2021\/08\/12\/detienen-a-presunto-asesino-de-mujer-embarazada-en-teziutlan\/\"]}]},{\"@type\":\"BreadcrumbList\",\"@id\":\"https:\/\/thepueblatimes.mx\/index.php\/2021\/08\/12\/detienen-a-presunto-asesino-de-mujer-embarazada-en-teziutlan\/#breadcrumb\",\"itemListElement\":[{\"@type\":\"ListItem\",\"position\":1,\"name\":\"Portada\",\"item\":\"https:\/\/thepueblatimes.mx\/\"},{\"@type\":\"ListItem\",\"position\":2,\"name\":\"Detienen a presunto asesino de mujer embarazada en Teziutl\u00e1n\"}]},{\"@type\":\"WebSite\",\"@id\":\"https:\/\/thepueblatimes.mx\/#website\",\"url\":\"https:\/\/thepueblatimes.mx\/\",\"name\":\"The Puebla Times\",\"description\":\"Noticias del Estado de Puebla\",\"potentialAction\":[{\"@type\":\"SearchAction\",\"target\":{\"@type\":\"EntryPoint\",\"urlTemplate\":\"https:\/\/thepueblatimes.mx\/?s={search_term_string}\"},\"query-input\":\"required name=search_term_string\"}],\"inLanguage\":\"es\"},{\"@type\":\"Person\",\"@id\":\"https:\/\/thepueblatimes.mx\/#\/schema\/person\/7bdf2adbc50078b104bba72b5612f774\",\"name\":\"Francisco S\u00e1nchez Nolasco\",\"image\":{\"@type\":\"ImageObject\",\"inLanguage\":\"es\",\"@id\":\"https:\/\/thepueblatimes.mx\/#\/schema\/person\/image\/\",\"url\":\"https:\/\/secure.gravatar.com\/avatar\/6061d7d20b38bc2742a5218401b198d2?s=96&d=mm&r=g\",\"contentUrl\":\"https:\/\/secure.gravatar.com\/avatar\/6061d7d20b38bc2742a5218401b198d2?s=96&d=mm&r=g\",\"caption\":\"Francisco S\u00e1nchez Nolasco\"},\"url\":\"https:\/\/thepueblatimes.mx\/index.php\/author\/marianitha-reyes\/\"}]}<\/script>\n<!-- \/ Yoast SEO plugin. -->","yoast_head_json":{"title":"Detienen a presunto asesino de mujer embarazada en Teziutl\u00e1n - The Puebla Times","robots":{"index":"index","follow":"follow","max-snippet":"max-snippet:-1","max-image-preview":"max-image-preview:large","max-video-preview":"max-video-preview:-1"},"canonical":"https:\/\/thepueblatimes.mx\/index.php\/2021\/08\/12\/detienen-a-presunto-asesino-de-mujer-embarazada-en-teziutlan\/","og_locale":"es_ES","og_type":"article","og_title":"Detienen a presunto asesino de mujer embarazada en Teziutl\u00e1n - The Puebla Times","og_description":"Teziutlan, Pue.-\u00a0Un masculino armado fue detenido la tarde de este jueves por elementos de la Polic\u00eda Estatal Preventiva (PEP) en el barrio de Tzontecomaco, en el municipio de\u00a0Teziutl\u00e1n. Se trata de un masculino de 31 a\u00f1os de edad, quien es conocido por su grave adicci\u00f3n a las drogas y por ser muy violento, adem\u00e1s de...","og_url":"https:\/\/thepueblatimes.mx\/index.php\/2021\/08\/12\/detienen-a-presunto-asesino-de-mujer-embarazada-en-teziutlan\/","og_site_name":"The Puebla Times","article_published_time":"2021-08-13T01:37:39+00:00","og_image":[{"width":720,"height":636,"url":"https:\/\/thepueblatimes.mx\/wp-content\/uploads\/2021\/08\/detencion3_0.jpg","type":"image\/jpeg"}],"author":"Francisco S\u00e1nchez Nolasco","twitter_card":"summary_large_image","twitter_misc":{"Escrito por":"Francisco S\u00e1nchez Nolasco","Tiempo de lectura":"1 minuto"},"schema":{"@context":"https:\/\/schema.org","@graph":[{"@type":"WebPage","@id":"https:\/\/thepueblatimes.mx\/index.php\/2021\/08\/12\/detienen-a-presunto-asesino-de-mujer-embarazada-en-teziutlan\/","url":"https:\/\/thepueblatimes.mx\/index.php\/2021\/08\/12\/detienen-a-presunto-asesino-de-mujer-embarazada-en-teziutlan\/","name":"Detienen a presunto asesino de mujer embarazada en Teziutl\u00e1n - The Puebla Times","isPartOf":{"@id":"https:\/\/thepueblatimes.mx\/#website"},"datePublished":"2021-08-13T01:37:39+00:00","dateModified":"2021-08-13T01:37:39+00:00","author":{"@id":"https:\/\/thepueblatimes.mx\/#\/schema\/person\/7bdf2adbc50078b104bba72b5612f774"},"breadcrumb":{"@id":"https:\/\/thepueblatimes.mx\/index.php\/2021\/08\/12\/detienen-a-presunto-asesino-de-mujer-embarazada-en-teziutlan\/#breadcrumb"},"inLanguage":"es","potentialAction":[{"@type":"ReadAction","target":["https:\/\/thepueblatimes.mx\/index.php\/2021\/08\/12\/detienen-a-presunto-asesino-de-mujer-embarazada-en-teziutlan\/"]}]},{"@type":"BreadcrumbList","@id":"https:\/\/thepueblatimes.mx\/index.php\/2021\/08\/12\/detienen-a-presunto-asesino-de-mujer-embarazada-en-teziutlan\/#breadcrumb","itemListElement":[{"@type":"ListItem","position":1,"name":"Portada","item":"https:\/\/thepueblatimes.mx\/"},{"@type":"ListItem","position":2,"name":"Detienen a presunto asesino de mujer embarazada en Teziutl\u00e1n"}]},{"@type":"WebSite","@id":"https:\/\/thepueblatimes.mx\/#website","url":"https:\/\/thepueblatimes.mx\/","name":"The Puebla Times","description":"Noticias del Estado de Puebla","potentialAction":[{"@type":"SearchAction","target":{"@type":"EntryPoint","urlTemplate":"https:\/\/thepueblatimes.mx\/?s={search_term_string}"},"query-input":"required name=search_term_string"}],"inLanguage":"es"},{"@type":"Person","@id":"https:\/\/thepueblatimes.mx\/#\/schema\/person\/7bdf2adbc50078b104bba72b5612f774","name":"Francisco S\u00e1nchez Nolasco","image":{"@type":"ImageObject","inLanguage":"es","@id":"https:\/\/thepueblatimes.mx\/#\/schema\/person\/image\/","url":"https:\/\/secure.gravatar.com\/avatar\/6061d7d20b38bc2742a5218401b198d2?s=96&d=mm&r=g","contentUrl":"https:\/\/secure.gravatar.com\/avatar\/6061d7d20b38bc2742a5218401b198d2?s=96&d=mm&r=g","caption":"Francisco S\u00e1nchez Nolasco"},"url":"https:\/\/thepueblatimes.mx\/index.php\/author\/marianitha-reyes\/"}]}},"jetpack_featured_media_url":"https:\/\/thepueblatimes.mx\/wp-content\/uploads\/2021\/08\/detencion3_0.jpg","_links":{"self":[{"href":"https:\/\/thepueblatimes.mx\/index.php\/wp-json\/wp\/v2\/posts\/15173"}],"collection":[{"href":"https:\/\/thepueblatimes.mx\/index.php\/wp-json\/wp\/v2\/posts"}],"about":[{"href":"https:\/\/thepueblatimes.mx\/index.php\/wp-json\/wp\/v2\/types\/post"}],"author":[{"embeddable":true,"href":"https:\/\/thepueblatimes.mx\/index.php\/wp-json\/wp\/v2\/users\/15"}],"replies":[{"embeddable":true,"href":"https:\/\/thepueblatimes.mx\/index.php\/wp-json\/wp\/v2\/comments?post=15173"}],"version-history":[{"count":1,"href":"https:\/\/thepueblatimes.mx\/index.php\/wp-json\/wp\/v2\/posts\/15173\/revisions"}],"predecessor-version":[{"id":15175,"href":"https:\/\/thepueblatimes.mx\/index.php\/wp-json\/wp\/v2\/posts\/15173\/revisions\/15175"}],"wp:featuredmedia":[{"embeddable":true,"href":"https:\/\/thepueblatimes.mx\/index.php\/wp-json\/wp\/v2\/media\/15174"}],"wp:attachment":[{"href":"https:\/\/thepueblatimes.mx\/index.php\/wp-json\/wp\/v2\/media?parent=15173"}],"wp:term":[{"taxonomy":"category","embeddable":true,"href":"https:\/\/thepueblatimes.mx\/index.php\/wp-json\/wp\/v2\/categories?post=15173"},{"taxonomy":"post_tag","embeddable":true,"href":"https:\/\/thepueblatimes.mx\/index.php\/wp-json\/wp\/v2\/tags?post=15173"}],"curies":[{"name":"wp","href":"https:\/\/api.w.org\/{rel}","templated":true}]}}