{"id":15161,"date":"2021-08-11T23:23:34","date_gmt":"2021-08-12T04:23:34","guid":{"rendered":"https:\/\/thepueblatimes.mx\/?p=15161"},"modified":"2021-08-11T23:23:34","modified_gmt":"2021-08-12T04:23:34","slug":"pide-lopez-obrador-a-santiago-nieto-investigar-a-la-udlap","status":"publish","type":"post","link":"https:\/\/thepueblatimes.mx\/index.php\/2021\/08\/11\/pide-lopez-obrador-a-santiago-nieto-investigar-a-la-udlap\/","title":{"rendered":"Pide L\u00f3pez Obrador a Santiago Nieto investigar a la UDLAP"},"content":{"rendered":"<p>A m\u00e1s de 42 d\u00edas del\u00a0<a href=\"https:\/\/www.elsoldepuebla.com.mx\/local\/quitan-control-de-la-udlap-a-los-jenkins-rector-luis-ernesto-derbez-lo-equipara-con-el-68-6905840.html\" target=\"_blank\" rel=\"noFollow noopener noreferrer\">conflicto legal en la Universidad de las Am\u00e9ricas Puebla\u00a0<\/a>(<b>UDLAP<\/b>) en donde a\u00fan no existe soluci\u00f3n, el presidente\u00a0<b>Andr\u00e9s Manuel L\u00f3pez Obrador<\/b>\u00a0analiza la posibilidad de intervenir en el caso a trav\u00e9s de\u00a0<b>Santiago Nieto Castillo,\u00a0<\/b>titular de la Unidad de Inteligencia Financiera.<\/p>\n<p>Esto lo dijo despu\u00e9s de que en conferencia de prensa, el titular del Ejecutivo federal fue cuestionado sobre la situaci\u00f3n que prevalece en el estado de Puebla sobre los\u00a0<a href=\"https:\/\/www.elsoldepuebla.com.mx\/local\/asi-fue-el-presunto-fraude-en-la-udlap-6933476.html\" target=\"_blank\" rel=\"noFollow noopener noreferrer\"><b>presuntos actos de corrupci\u00f3n por parte de Luis Ernesto Derbez<\/b><\/a>.<\/p>\n<p>Ante este panorama, L\u00f3pez Obrador se\u00f1al\u00f3 que dicho asunto no le compete al gobierno federal, sin embargo, encarg\u00f3 al titular de la Unidad de Inteligencia Financiera,\u00a0<b>Santiago Nieto Castillo<\/b>\u00a0realizar una\u00a0<b>investigaci\u00f3n\u00a0<\/b>y emitir una\u00a0<b>recomendaci\u00f3n<\/b>.<\/p>\n<p>\u201cVamos a ver c\u00f3mo ayudamos, corresponde a la Fiscal\u00eda de Puebla y tambi\u00e9n lo est\u00e1n tratando en la Fiscal\u00eda General, pero vamos a pedirle a Santiago Nieto que nos ayude a investigar y nos presente una recomendaci\u00f3n\u201d.<\/p>\n<p>As\u00ed luego de que L\u00f3pez Obrador pidi\u00f3 a Santiago Nieto investigar a la UDLAP, reiter\u00f3 que el gobierno federal no es autoridad competente en el tema, sin embargo subray\u00f3 que buscar\u00e1 la forma de intervenir en el caso de la Universidad de las Am\u00e9ricas Puebla.<\/p>\n","protected":false},"excerpt":{"rendered":"<p>A m\u00e1s de 42 d\u00edas del\u00a0conflicto legal en la Universidad de las Am\u00e9ricas Puebla\u00a0(UDLAP) en donde a\u00fan no existe soluci\u00f3n, el presidente\u00a0Andr\u00e9s Manuel L\u00f3pez Obrador\u00a0analiza la posibilidad de intervenir en el caso a trav\u00e9s de\u00a0Santiago Nieto Castillo,\u00a0titular de la Unidad de Inteligencia Financiera. Esto lo dijo despu\u00e9s de que en conferencia de prensa, el titular&#8230;<\/p>\n","protected":false},"author":15,"featured_media":15162,"comment_status":"open","ping_status":"open","sticky":false,"template":"","format":"standard","meta":[],"categories":[20],"tags":[49],"yoast_head":"<!-- This site is optimized with the Yoast SEO plugin v20.8 - https:\/\/yoast.com\/wordpress\/plugins\/seo\/ -->\n<title>Pide L\u00f3pez Obrador a Santiago Nieto investigar a la UDLAP - The Puebla Times<\/title>\n<meta name=\"robots\" content=\"index, follow, max-snippet:-1, max-image-preview:large, max-video-preview:-1\" \/>\n<link rel=\"canonical\" href=\"https:\/\/thepueblatimes.mx\/index.php\/2021\/08\/11\/pide-lopez-obrador-a-santiago-nieto-investigar-a-la-udlap\/\" \/>\n<meta property=\"og:locale\" content=\"es_ES\" \/>\n<meta property=\"og:type\" content=\"article\" \/>\n<meta property=\"og:title\" content=\"Pide L\u00f3pez Obrador a Santiago Nieto investigar a la UDLAP - The Puebla Times\" \/>\n<meta property=\"og:description\" content=\"A m\u00e1s de 42 d\u00edas del\u00a0conflicto legal en la Universidad de las Am\u00e9ricas Puebla\u00a0(UDLAP) en donde a\u00fan no existe soluci\u00f3n, el presidente\u00a0Andr\u00e9s Manuel L\u00f3pez Obrador\u00a0analiza la posibilidad de intervenir en el caso a trav\u00e9s de\u00a0Santiago Nieto Castillo,\u00a0titular de la Unidad de Inteligencia Financiera. Esto lo dijo despu\u00e9s de que en conferencia de prensa, el titular...\" \/>\n<meta property=\"og:url\" content=\"https:\/\/thepueblatimes.mx\/index.php\/2021\/08\/11\/pide-lopez-obrador-a-santiago-nieto-investigar-a-la-udlap\/\" \/>\n<meta property=\"og:site_name\" content=\"The Puebla Times\" \/>\n<meta property=\"article:published_time\" content=\"2021-08-12T04:23:34+00:00\" \/>\n<meta property=\"og:image\" content=\"https:\/\/thepueblatimes.mx\/wp-content\/uploads\/2021\/08\/L\u00f3pez-Obrador-pide-a-Santiago-Nieto-investigar-a-la-UDLAP.jpg\" \/>\n\t<meta property=\"og:image:width\" content=\"768\" \/>\n\t<meta property=\"og:image:height\" content=\"479\" \/>\n\t<meta property=\"og:image:type\" content=\"image\/jpeg\" \/>\n<meta name=\"author\" content=\"Francisco S\u00e1nchez Nolasco\" \/>\n<meta name=\"twitter:card\" content=\"summary_large_image\" \/>\n<meta name=\"twitter:label1\" content=\"Escrito por\" \/>\n\t<meta name=\"twitter:data1\" content=\"Francisco S\u00e1nchez Nolasco\" \/>\n\t<meta name=\"twitter:label2\" content=\"Tiempo de lectura\" \/>\n\t<meta name=\"twitter:data2\" content=\"1 minuto\" \/>\n<script type=\"application\/ld+json\" class=\"yoast-schema-graph\">{\"@context\":\"https:\/\/schema.org\",\"@graph\":[{\"@type\":\"WebPage\",\"@id\":\"https:\/\/thepueblatimes.mx\/index.php\/2021\/08\/11\/pide-lopez-obrador-a-santiago-nieto-investigar-a-la-udlap\/\",\"url\":\"https:\/\/thepueblatimes.mx\/index.php\/2021\/08\/11\/pide-lopez-obrador-a-santiago-nieto-investigar-a-la-udlap\/\",\"name\":\"Pide L\u00f3pez Obrador a Santiago Nieto investigar a la UDLAP - The Puebla Times\",\"isPartOf\":{\"@id\":\"https:\/\/thepueblatimes.mx\/#website\"},\"datePublished\":\"2021-08-12T04:23:34+00:00\",\"dateModified\":\"2021-08-12T04:23:34+00:00\",\"author\":{\"@id\":\"https:\/\/thepueblatimes.mx\/#\/schema\/person\/7bdf2adbc50078b104bba72b5612f774\"},\"breadcrumb\":{\"@id\":\"https:\/\/thepueblatimes.mx\/index.php\/2021\/08\/11\/pide-lopez-obrador-a-santiago-nieto-investigar-a-la-udlap\/#breadcrumb\"},\"inLanguage\":\"es\",\"potentialAction\":[{\"@type\":\"ReadAction\",\"target\":[\"https:\/\/thepueblatimes.mx\/index.php\/2021\/08\/11\/pide-lopez-obrador-a-santiago-nieto-investigar-a-la-udlap\/\"]}]},{\"@type\":\"BreadcrumbList\",\"@id\":\"https:\/\/thepueblatimes.mx\/index.php\/2021\/08\/11\/pide-lopez-obrador-a-santiago-nieto-investigar-a-la-udlap\/#breadcrumb\",\"itemListElement\":[{\"@type\":\"ListItem\",\"position\":1,\"name\":\"Portada\",\"item\":\"https:\/\/thepueblatimes.mx\/\"},{\"@type\":\"ListItem\",\"position\":2,\"name\":\"Pide L\u00f3pez Obrador a Santiago Nieto investigar a la UDLAP\"}]},{\"@type\":\"WebSite\",\"@id\":\"https:\/\/thepueblatimes.mx\/#website\",\"url\":\"https:\/\/thepueblatimes.mx\/\",\"name\":\"The Puebla Times\",\"description\":\"Noticias del Estado de Puebla\",\"potentialAction\":[{\"@type\":\"SearchAction\",\"target\":{\"@type\":\"EntryPoint\",\"urlTemplate\":\"https:\/\/thepueblatimes.mx\/?s={search_term_string}\"},\"query-input\":\"required name=search_term_string\"}],\"inLanguage\":\"es\"},{\"@type\":\"Person\",\"@id\":\"https:\/\/thepueblatimes.mx\/#\/schema\/person\/7bdf2adbc50078b104bba72b5612f774\",\"name\":\"Francisco S\u00e1nchez Nolasco\",\"image\":{\"@type\":\"ImageObject\",\"inLanguage\":\"es\",\"@id\":\"https:\/\/thepueblatimes.mx\/#\/schema\/person\/image\/\",\"url\":\"https:\/\/secure.gravatar.com\/avatar\/6061d7d20b38bc2742a5218401b198d2?s=96&d=mm&r=g\",\"contentUrl\":\"https:\/\/secure.gravatar.com\/avatar\/6061d7d20b38bc2742a5218401b198d2?s=96&d=mm&r=g\",\"caption\":\"Francisco S\u00e1nchez Nolasco\"},\"url\":\"https:\/\/thepueblatimes.mx\/index.php\/author\/marianitha-reyes\/\"}]}<\/script>\n<!-- \/ Yoast SEO plugin. -->","yoast_head_json":{"title":"Pide L\u00f3pez Obrador a Santiago Nieto investigar a la UDLAP - The Puebla Times","robots":{"index":"index","follow":"follow","max-snippet":"max-snippet:-1","max-image-preview":"max-image-preview:large","max-video-preview":"max-video-preview:-1"},"canonical":"https:\/\/thepueblatimes.mx\/index.php\/2021\/08\/11\/pide-lopez-obrador-a-santiago-nieto-investigar-a-la-udlap\/","og_locale":"es_ES","og_type":"article","og_title":"Pide L\u00f3pez Obrador a Santiago Nieto investigar a la UDLAP - The Puebla Times","og_description":"A m\u00e1s de 42 d\u00edas del\u00a0conflicto legal en la Universidad de las Am\u00e9ricas Puebla\u00a0(UDLAP) en donde a\u00fan no existe soluci\u00f3n, el presidente\u00a0Andr\u00e9s Manuel L\u00f3pez Obrador\u00a0analiza la posibilidad de intervenir en el caso a trav\u00e9s de\u00a0Santiago Nieto Castillo,\u00a0titular de la Unidad de Inteligencia Financiera. Esto lo dijo despu\u00e9s de que en conferencia de prensa, el titular...","og_url":"https:\/\/thepueblatimes.mx\/index.php\/2021\/08\/11\/pide-lopez-obrador-a-santiago-nieto-investigar-a-la-udlap\/","og_site_name":"The Puebla Times","article_published_time":"2021-08-12T04:23:34+00:00","og_image":[{"width":768,"height":479,"url":"https:\/\/thepueblatimes.mx\/wp-content\/uploads\/2021\/08\/L\u00f3pez-Obrador-pide-a-Santiago-Nieto-investigar-a-la-UDLAP.jpg","type":"image\/jpeg"}],"author":"Francisco S\u00e1nchez Nolasco","twitter_card":"summary_large_image","twitter_misc":{"Escrito por":"Francisco S\u00e1nchez Nolasco","Tiempo de lectura":"1 minuto"},"schema":{"@context":"https:\/\/schema.org","@graph":[{"@type":"WebPage","@id":"https:\/\/thepueblatimes.mx\/index.php\/2021\/08\/11\/pide-lopez-obrador-a-santiago-nieto-investigar-a-la-udlap\/","url":"https:\/\/thepueblatimes.mx\/index.php\/2021\/08\/11\/pide-lopez-obrador-a-santiago-nieto-investigar-a-la-udlap\/","name":"Pide L\u00f3pez Obrador a Santiago Nieto investigar a la UDLAP - The Puebla Times","isPartOf":{"@id":"https:\/\/thepueblatimes.mx\/#website"},"datePublished":"2021-08-12T04:23:34+00:00","dateModified":"2021-08-12T04:23:34+00:00","author":{"@id":"https:\/\/thepueblatimes.mx\/#\/schema\/person\/7bdf2adbc50078b104bba72b5612f774"},"breadcrumb":{"@id":"https:\/\/thepueblatimes.mx\/index.php\/2021\/08\/11\/pide-lopez-obrador-a-santiago-nieto-investigar-a-la-udlap\/#breadcrumb"},"inLanguage":"es","potentialAction":[{"@type":"ReadAction","target":["https:\/\/thepueblatimes.mx\/index.php\/2021\/08\/11\/pide-lopez-obrador-a-santiago-nieto-investigar-a-la-udlap\/"]}]},{"@type":"BreadcrumbList","@id":"https:\/\/thepueblatimes.mx\/index.php\/2021\/08\/11\/pide-lopez-obrador-a-santiago-nieto-investigar-a-la-udlap\/#breadcrumb","itemListElement":[{"@type":"ListItem","position":1,"name":"Portada","item":"https:\/\/thepueblatimes.mx\/"},{"@type":"ListItem","position":2,"name":"Pide L\u00f3pez Obrador a Santiago Nieto investigar a la UDLAP"}]},{"@type":"WebSite","@id":"https:\/\/thepueblatimes.mx\/#website","url":"https:\/\/thepueblatimes.mx\/","name":"The Puebla Times","description":"Noticias del Estado de Puebla","potentialAction":[{"@type":"SearchAction","target":{"@type":"EntryPoint","urlTemplate":"https:\/\/thepueblatimes.mx\/?s={search_term_string}"},"query-input":"required name=search_term_string"}],"inLanguage":"es"},{"@type":"Person","@id":"https:\/\/thepueblatimes.mx\/#\/schema\/person\/7bdf2adbc50078b104bba72b5612f774","name":"Francisco S\u00e1nchez Nolasco","image":{"@type":"ImageObject","inLanguage":"es","@id":"https:\/\/thepueblatimes.mx\/#\/schema\/person\/image\/","url":"https:\/\/secure.gravatar.com\/avatar\/6061d7d20b38bc2742a5218401b198d2?s=96&d=mm&r=g","contentUrl":"https:\/\/secure.gravatar.com\/avatar\/6061d7d20b38bc2742a5218401b198d2?s=96&d=mm&r=g","caption":"Francisco S\u00e1nchez Nolasco"},"url":"https:\/\/thepueblatimes.mx\/index.php\/author\/marianitha-reyes\/"}]}},"jetpack_featured_media_url":"https:\/\/thepueblatimes.mx\/wp-content\/uploads\/2021\/08\/L\u00f3pez-Obrador-pide-a-Santiago-Nieto-investigar-a-la-UDLAP.jpg","_links":{"self":[{"href":"https:\/\/thepueblatimes.mx\/index.php\/wp-json\/wp\/v2\/posts\/15161"}],"collection":[{"href":"https:\/\/thepueblatimes.mx\/index.php\/wp-json\/wp\/v2\/posts"}],"about":[{"href":"https:\/\/thepueblatimes.mx\/index.php\/wp-json\/wp\/v2\/types\/post"}],"author":[{"embeddable":true,"href":"https:\/\/thepueblatimes.mx\/index.php\/wp-json\/wp\/v2\/users\/15"}],"replies":[{"embeddable":true,"href":"https:\/\/thepueblatimes.mx\/index.php\/wp-json\/wp\/v2\/comments?post=15161"}],"version-history":[{"count":1,"href":"https:\/\/thepueblatimes.mx\/index.php\/wp-json\/wp\/v2\/posts\/15161\/revisions"}],"predecessor-version":[{"id":15163,"href":"https:\/\/thepueblatimes.mx\/index.php\/wp-json\/wp\/v2\/posts\/15161\/revisions\/15163"}],"wp:featuredmedia":[{"embeddable":true,"href":"https:\/\/thepueblatimes.mx\/index.php\/wp-json\/wp\/v2\/media\/15162"}],"wp:attachment":[{"href":"https:\/\/thepueblatimes.mx\/index.php\/wp-json\/wp\/v2\/media?parent=15161"}],"wp:term":[{"taxonomy":"category","embeddable":true,"href":"https:\/\/thepueblatimes.mx\/index.php\/wp-json\/wp\/v2\/categories?post=15161"},{"taxonomy":"post_tag","embeddable":true,"href":"https:\/\/thepueblatimes.mx\/index.php\/wp-json\/wp\/v2\/tags?post=15161"}],"curies":[{"name":"wp","href":"https:\/\/api.w.org\/{rel}","templated":true}]}}