{"id":15155,"date":"2021-08-11T23:15:15","date_gmt":"2021-08-12T04:15:15","guid":{"rendered":"https:\/\/thepueblatimes.mx\/?p=15155"},"modified":"2021-08-11T23:15:15","modified_gmt":"2021-08-12T04:15:15","slug":"se-calcina-camioneta-en-el-moralillo-en-tepexi-de-rodriguez","status":"publish","type":"post","link":"https:\/\/thepueblatimes.mx\/index.php\/2021\/08\/11\/se-calcina-camioneta-en-el-moralillo-en-tepexi-de-rodriguez\/","title":{"rendered":"Se calcina camioneta en El Moralillo en Tepexi de Rodr\u00edguez"},"content":{"rendered":"<p>Tepexi de Rodr\u00edguez, Pue.-<strong>\u00a0La tarde de este martes una camioneta se incendi\u00f3 calcin\u00e1ndose por completo en la plaza de ganado en Moralillo, ubicada en el municipio de Tepexi de Rodr\u00edguez,<\/strong>\u00a0sin que hasta el momento se sepan las causas del siniestro.<\/p>\n<p>El accidente se registr\u00f3 alrededor de las 14:00 horas, luego de que<strong>\u00a0testigos del suceso, se\u00f1alaron que del lugar donde estaba estacionada la unidad, empez\u00f3 a salir humo negro, sin que se supiera la raz\u00f3n<\/strong>. Otros se\u00f1alaron que unas personas estaban fumando cerca del lugar y el viento del lugar gener\u00f3 que se metiera en la unidad empezando a calcinarse.<\/p>\n<p>A pesar de que se intent\u00f3 apagarlo, fue imposible ya que cuando reaccionaron, la unidad estaba siendo consumida por completo por el fuego.<\/p>\n<p>&nbsp;<\/p>\n","protected":false},"excerpt":{"rendered":"<p>Tepexi de Rodr\u00edguez, Pue.-\u00a0La tarde de este martes una camioneta se incendi\u00f3 calcin\u00e1ndose por completo en la plaza de ganado en Moralillo, ubicada en el municipio de Tepexi de Rodr\u00edguez,\u00a0sin que hasta el momento se sepan las causas del siniestro. El accidente se registr\u00f3 alrededor de las 14:00 horas, luego de que\u00a0testigos del suceso, se\u00f1alaron&#8230;<\/p>\n","protected":false},"author":15,"featured_media":15156,"comment_status":"open","ping_status":"open","sticky":false,"template":"","format":"standard","meta":[],"categories":[20],"tags":[49],"yoast_head":"<!-- This site is optimized with the Yoast SEO plugin v20.8 - https:\/\/yoast.com\/wordpress\/plugins\/seo\/ -->\n<title>Se calcina camioneta en El Moralillo en Tepexi de Rodr\u00edguez - The Puebla Times<\/title>\n<meta name=\"robots\" content=\"index, follow, max-snippet:-1, max-image-preview:large, max-video-preview:-1\" \/>\n<link rel=\"canonical\" href=\"https:\/\/thepueblatimes.mx\/index.php\/2021\/08\/11\/se-calcina-camioneta-en-el-moralillo-en-tepexi-de-rodriguez\/\" \/>\n<meta property=\"og:locale\" content=\"es_ES\" \/>\n<meta property=\"og:type\" content=\"article\" \/>\n<meta property=\"og:title\" content=\"Se calcina camioneta en El Moralillo en Tepexi de Rodr\u00edguez - The Puebla Times\" \/>\n<meta property=\"og:description\" content=\"Tepexi de Rodr\u00edguez, Pue.-\u00a0La tarde de este martes una camioneta se incendi\u00f3 calcin\u00e1ndose por completo en la plaza de ganado en Moralillo, ubicada en el municipio de Tepexi de Rodr\u00edguez,\u00a0sin que hasta el momento se sepan las causas del siniestro. El accidente se registr\u00f3 alrededor de las 14:00 horas, luego de que\u00a0testigos del suceso, se\u00f1alaron...\" \/>\n<meta property=\"og:url\" content=\"https:\/\/thepueblatimes.mx\/index.php\/2021\/08\/11\/se-calcina-camioneta-en-el-moralillo-en-tepexi-de-rodriguez\/\" \/>\n<meta property=\"og:site_name\" content=\"The Puebla Times\" \/>\n<meta property=\"article:published_time\" content=\"2021-08-12T04:15:15+00:00\" \/>\n<meta property=\"og:image\" content=\"https:\/\/thepueblatimes.mx\/wp-content\/uploads\/2021\/08\/camioneta45.jpeg\" \/>\n\t<meta property=\"og:image:width\" content=\"720\" \/>\n\t<meta property=\"og:image:height\" content=\"395\" \/>\n\t<meta property=\"og:image:type\" content=\"image\/jpeg\" \/>\n<meta name=\"author\" content=\"Francisco S\u00e1nchez Nolasco\" \/>\n<meta name=\"twitter:card\" content=\"summary_large_image\" \/>\n<meta name=\"twitter:label1\" content=\"Escrito por\" \/>\n\t<meta name=\"twitter:data1\" content=\"Francisco S\u00e1nchez Nolasco\" \/>\n\t<meta name=\"twitter:label2\" content=\"Tiempo de lectura\" \/>\n\t<meta name=\"twitter:data2\" content=\"1 minuto\" \/>\n<script type=\"application\/ld+json\" class=\"yoast-schema-graph\">{\"@context\":\"https:\/\/schema.org\",\"@graph\":[{\"@type\":\"WebPage\",\"@id\":\"https:\/\/thepueblatimes.mx\/index.php\/2021\/08\/11\/se-calcina-camioneta-en-el-moralillo-en-tepexi-de-rodriguez\/\",\"url\":\"https:\/\/thepueblatimes.mx\/index.php\/2021\/08\/11\/se-calcina-camioneta-en-el-moralillo-en-tepexi-de-rodriguez\/\",\"name\":\"Se calcina camioneta en El Moralillo en Tepexi de Rodr\u00edguez - The Puebla Times\",\"isPartOf\":{\"@id\":\"https:\/\/thepueblatimes.mx\/#website\"},\"datePublished\":\"2021-08-12T04:15:15+00:00\",\"dateModified\":\"2021-08-12T04:15:15+00:00\",\"author\":{\"@id\":\"https:\/\/thepueblatimes.mx\/#\/schema\/person\/7bdf2adbc50078b104bba72b5612f774\"},\"breadcrumb\":{\"@id\":\"https:\/\/thepueblatimes.mx\/index.php\/2021\/08\/11\/se-calcina-camioneta-en-el-moralillo-en-tepexi-de-rodriguez\/#breadcrumb\"},\"inLanguage\":\"es\",\"potentialAction\":[{\"@type\":\"ReadAction\",\"target\":[\"https:\/\/thepueblatimes.mx\/index.php\/2021\/08\/11\/se-calcina-camioneta-en-el-moralillo-en-tepexi-de-rodriguez\/\"]}]},{\"@type\":\"BreadcrumbList\",\"@id\":\"https:\/\/thepueblatimes.mx\/index.php\/2021\/08\/11\/se-calcina-camioneta-en-el-moralillo-en-tepexi-de-rodriguez\/#breadcrumb\",\"itemListElement\":[{\"@type\":\"ListItem\",\"position\":1,\"name\":\"Portada\",\"item\":\"https:\/\/thepueblatimes.mx\/\"},{\"@type\":\"ListItem\",\"position\":2,\"name\":\"Se calcina camioneta en El Moralillo en Tepexi de Rodr\u00edguez\"}]},{\"@type\":\"WebSite\",\"@id\":\"https:\/\/thepueblatimes.mx\/#website\",\"url\":\"https:\/\/thepueblatimes.mx\/\",\"name\":\"The Puebla Times\",\"description\":\"Noticias del Estado de Puebla\",\"potentialAction\":[{\"@type\":\"SearchAction\",\"target\":{\"@type\":\"EntryPoint\",\"urlTemplate\":\"https:\/\/thepueblatimes.mx\/?s={search_term_string}\"},\"query-input\":\"required name=search_term_string\"}],\"inLanguage\":\"es\"},{\"@type\":\"Person\",\"@id\":\"https:\/\/thepueblatimes.mx\/#\/schema\/person\/7bdf2adbc50078b104bba72b5612f774\",\"name\":\"Francisco S\u00e1nchez Nolasco\",\"image\":{\"@type\":\"ImageObject\",\"inLanguage\":\"es\",\"@id\":\"https:\/\/thepueblatimes.mx\/#\/schema\/person\/image\/\",\"url\":\"https:\/\/secure.gravatar.com\/avatar\/6061d7d20b38bc2742a5218401b198d2?s=96&d=mm&r=g\",\"contentUrl\":\"https:\/\/secure.gravatar.com\/avatar\/6061d7d20b38bc2742a5218401b198d2?s=96&d=mm&r=g\",\"caption\":\"Francisco S\u00e1nchez Nolasco\"},\"url\":\"https:\/\/thepueblatimes.mx\/index.php\/author\/marianitha-reyes\/\"}]}<\/script>\n<!-- \/ Yoast SEO plugin. -->","yoast_head_json":{"title":"Se calcina camioneta en El Moralillo en Tepexi de Rodr\u00edguez - The Puebla Times","robots":{"index":"index","follow":"follow","max-snippet":"max-snippet:-1","max-image-preview":"max-image-preview:large","max-video-preview":"max-video-preview:-1"},"canonical":"https:\/\/thepueblatimes.mx\/index.php\/2021\/08\/11\/se-calcina-camioneta-en-el-moralillo-en-tepexi-de-rodriguez\/","og_locale":"es_ES","og_type":"article","og_title":"Se calcina camioneta en El Moralillo en Tepexi de Rodr\u00edguez - The Puebla Times","og_description":"Tepexi de Rodr\u00edguez, Pue.-\u00a0La tarde de este martes una camioneta se incendi\u00f3 calcin\u00e1ndose por completo en la plaza de ganado en Moralillo, ubicada en el municipio de Tepexi de Rodr\u00edguez,\u00a0sin que hasta el momento se sepan las causas del siniestro. El accidente se registr\u00f3 alrededor de las 14:00 horas, luego de que\u00a0testigos del suceso, se\u00f1alaron...","og_url":"https:\/\/thepueblatimes.mx\/index.php\/2021\/08\/11\/se-calcina-camioneta-en-el-moralillo-en-tepexi-de-rodriguez\/","og_site_name":"The Puebla Times","article_published_time":"2021-08-12T04:15:15+00:00","og_image":[{"width":720,"height":395,"url":"https:\/\/thepueblatimes.mx\/wp-content\/uploads\/2021\/08\/camioneta45.jpeg","type":"image\/jpeg"}],"author":"Francisco S\u00e1nchez Nolasco","twitter_card":"summary_large_image","twitter_misc":{"Escrito por":"Francisco S\u00e1nchez Nolasco","Tiempo de lectura":"1 minuto"},"schema":{"@context":"https:\/\/schema.org","@graph":[{"@type":"WebPage","@id":"https:\/\/thepueblatimes.mx\/index.php\/2021\/08\/11\/se-calcina-camioneta-en-el-moralillo-en-tepexi-de-rodriguez\/","url":"https:\/\/thepueblatimes.mx\/index.php\/2021\/08\/11\/se-calcina-camioneta-en-el-moralillo-en-tepexi-de-rodriguez\/","name":"Se calcina camioneta en El Moralillo en Tepexi de Rodr\u00edguez - The Puebla Times","isPartOf":{"@id":"https:\/\/thepueblatimes.mx\/#website"},"datePublished":"2021-08-12T04:15:15+00:00","dateModified":"2021-08-12T04:15:15+00:00","author":{"@id":"https:\/\/thepueblatimes.mx\/#\/schema\/person\/7bdf2adbc50078b104bba72b5612f774"},"breadcrumb":{"@id":"https:\/\/thepueblatimes.mx\/index.php\/2021\/08\/11\/se-calcina-camioneta-en-el-moralillo-en-tepexi-de-rodriguez\/#breadcrumb"},"inLanguage":"es","potentialAction":[{"@type":"ReadAction","target":["https:\/\/thepueblatimes.mx\/index.php\/2021\/08\/11\/se-calcina-camioneta-en-el-moralillo-en-tepexi-de-rodriguez\/"]}]},{"@type":"BreadcrumbList","@id":"https:\/\/thepueblatimes.mx\/index.php\/2021\/08\/11\/se-calcina-camioneta-en-el-moralillo-en-tepexi-de-rodriguez\/#breadcrumb","itemListElement":[{"@type":"ListItem","position":1,"name":"Portada","item":"https:\/\/thepueblatimes.mx\/"},{"@type":"ListItem","position":2,"name":"Se calcina camioneta en El Moralillo en Tepexi de Rodr\u00edguez"}]},{"@type":"WebSite","@id":"https:\/\/thepueblatimes.mx\/#website","url":"https:\/\/thepueblatimes.mx\/","name":"The Puebla Times","description":"Noticias del Estado de Puebla","potentialAction":[{"@type":"SearchAction","target":{"@type":"EntryPoint","urlTemplate":"https:\/\/thepueblatimes.mx\/?s={search_term_string}"},"query-input":"required name=search_term_string"}],"inLanguage":"es"},{"@type":"Person","@id":"https:\/\/thepueblatimes.mx\/#\/schema\/person\/7bdf2adbc50078b104bba72b5612f774","name":"Francisco S\u00e1nchez Nolasco","image":{"@type":"ImageObject","inLanguage":"es","@id":"https:\/\/thepueblatimes.mx\/#\/schema\/person\/image\/","url":"https:\/\/secure.gravatar.com\/avatar\/6061d7d20b38bc2742a5218401b198d2?s=96&d=mm&r=g","contentUrl":"https:\/\/secure.gravatar.com\/avatar\/6061d7d20b38bc2742a5218401b198d2?s=96&d=mm&r=g","caption":"Francisco S\u00e1nchez Nolasco"},"url":"https:\/\/thepueblatimes.mx\/index.php\/author\/marianitha-reyes\/"}]}},"jetpack_featured_media_url":"https:\/\/thepueblatimes.mx\/wp-content\/uploads\/2021\/08\/camioneta45.jpeg","_links":{"self":[{"href":"https:\/\/thepueblatimes.mx\/index.php\/wp-json\/wp\/v2\/posts\/15155"}],"collection":[{"href":"https:\/\/thepueblatimes.mx\/index.php\/wp-json\/wp\/v2\/posts"}],"about":[{"href":"https:\/\/thepueblatimes.mx\/index.php\/wp-json\/wp\/v2\/types\/post"}],"author":[{"embeddable":true,"href":"https:\/\/thepueblatimes.mx\/index.php\/wp-json\/wp\/v2\/users\/15"}],"replies":[{"embeddable":true,"href":"https:\/\/thepueblatimes.mx\/index.php\/wp-json\/wp\/v2\/comments?post=15155"}],"version-history":[{"count":1,"href":"https:\/\/thepueblatimes.mx\/index.php\/wp-json\/wp\/v2\/posts\/15155\/revisions"}],"predecessor-version":[{"id":15157,"href":"https:\/\/thepueblatimes.mx\/index.php\/wp-json\/wp\/v2\/posts\/15155\/revisions\/15157"}],"wp:featuredmedia":[{"embeddable":true,"href":"https:\/\/thepueblatimes.mx\/index.php\/wp-json\/wp\/v2\/media\/15156"}],"wp:attachment":[{"href":"https:\/\/thepueblatimes.mx\/index.php\/wp-json\/wp\/v2\/media?parent=15155"}],"wp:term":[{"taxonomy":"category","embeddable":true,"href":"https:\/\/thepueblatimes.mx\/index.php\/wp-json\/wp\/v2\/categories?post=15155"},{"taxonomy":"post_tag","embeddable":true,"href":"https:\/\/thepueblatimes.mx\/index.php\/wp-json\/wp\/v2\/tags?post=15155"}],"curies":[{"name":"wp","href":"https:\/\/api.w.org\/{rel}","templated":true}]}}