{"id":15152,"date":"2021-08-11T23:12:04","date_gmt":"2021-08-12T04:12:04","guid":{"rendered":"https:\/\/thepueblatimes.mx\/?p=15152"},"modified":"2021-08-11T23:12:04","modified_gmt":"2021-08-12T04:12:04","slug":"bloquean-la-tlaxcala-texmelucan-exigen-el-cuerpo-de-miriam","status":"publish","type":"post","link":"https:\/\/thepueblatimes.mx\/index.php\/2021\/08\/11\/bloquean-la-tlaxcala-texmelucan-exigen-el-cuerpo-de-miriam\/","title":{"rendered":"Bloquean la Tlaxcala-Texmelucan, exigen el cuerpo de Miriam"},"content":{"rendered":"<p>San Mart\u00edn Texmelucan, Pue.-\u00a0<strong>Vecinos de la comunidad de Santa Ana Nopalucan, mantienen bloqueada la carretera Federal Tlaxcala-Texmelucan, para demandar la agilizaci\u00f3n de la entrega del cad\u00e1ver de Miriam, quien fue localizada junto a otra joven el pasado domingo.<\/strong><\/p>\n<p>Los inconformes, se\u00f1alan que las autoridades han postergado la entrega, sin dar a conocer los detalles de la demora.<\/p>\n<p>Ante ello, este d\u00eda decidieron manifestarse y bloquear la v\u00eda de comunicaci\u00f3n ya citada a la altura del paradero conocido como \u00abEl Salado\u00bb.<\/p>\n<p>Aseguran que no se retiran hasta que la Procuradur\u00eda General de Justicia, libere el cad\u00e1ver de la joven de 27 a\u00f1os y qui\u00e9n era originaria de Santa Ana Nopalucan.<\/p>\n<p>Cabe resaltar que, al cierre de esta nota, autoridades del Estado de Tlaxcala, buscaban el di\u00e1logo con los inconformes, a fin de liberar la vialidad.<\/p>\n<p>Cabe recordar que Municipios Puebla, inform\u00f3 durante el domingo que los cuerpos de dos mujeres hab\u00edan sido localizados en San Miguel La Presa, comunidades de Ixtacuixtla, uno de ellos era el de Miriam.<\/p>\n<p>&nbsp;<\/p>\n","protected":false},"excerpt":{"rendered":"<p>San Mart\u00edn Texmelucan, Pue.-\u00a0Vecinos de la comunidad de Santa Ana Nopalucan, mantienen bloqueada la carretera Federal Tlaxcala-Texmelucan, para demandar la agilizaci\u00f3n de la entrega del cad\u00e1ver de Miriam, quien fue localizada junto a otra joven el pasado domingo. Los inconformes, se\u00f1alan que las autoridades han postergado la entrega, sin dar a conocer los detalles de&#8230;<\/p>\n","protected":false},"author":15,"featured_media":15153,"comment_status":"open","ping_status":"open","sticky":false,"template":"","format":"standard","meta":[],"categories":[20],"tags":[49],"yoast_head":"<!-- This site is optimized with the Yoast SEO plugin v20.8 - https:\/\/yoast.com\/wordpress\/plugins\/seo\/ -->\n<title>Bloquean la Tlaxcala-Texmelucan, exigen el cuerpo de Miriam - The Puebla Times<\/title>\n<meta name=\"robots\" content=\"index, follow, max-snippet:-1, max-image-preview:large, max-video-preview:-1\" \/>\n<link rel=\"canonical\" href=\"https:\/\/thepueblatimes.mx\/index.php\/2021\/08\/11\/bloquean-la-tlaxcala-texmelucan-exigen-el-cuerpo-de-miriam\/\" \/>\n<meta property=\"og:locale\" content=\"es_ES\" \/>\n<meta property=\"og:type\" content=\"article\" \/>\n<meta property=\"og:title\" content=\"Bloquean la Tlaxcala-Texmelucan, exigen el cuerpo de Miriam - The Puebla Times\" \/>\n<meta property=\"og:description\" content=\"San Mart\u00edn Texmelucan, Pue.-\u00a0Vecinos de la comunidad de Santa Ana Nopalucan, mantienen bloqueada la carretera Federal Tlaxcala-Texmelucan, para demandar la agilizaci\u00f3n de la entrega del cad\u00e1ver de Miriam, quien fue localizada junto a otra joven el pasado domingo. Los inconformes, se\u00f1alan que las autoridades han postergado la entrega, sin dar a conocer los detalles de...\" \/>\n<meta property=\"og:url\" content=\"https:\/\/thepueblatimes.mx\/index.php\/2021\/08\/11\/bloquean-la-tlaxcala-texmelucan-exigen-el-cuerpo-de-miriam\/\" \/>\n<meta property=\"og:site_name\" content=\"The Puebla Times\" \/>\n<meta property=\"article:published_time\" content=\"2021-08-12T04:12:04+00:00\" \/>\n<meta property=\"og:image\" content=\"https:\/\/thepueblatimes.mx\/wp-content\/uploads\/2021\/08\/captura_de_pantalla_2021-08-10_21.23.09.png\" \/>\n\t<meta property=\"og:image:width\" content=\"1646\" \/>\n\t<meta property=\"og:image:height\" content=\"950\" \/>\n\t<meta property=\"og:image:type\" content=\"image\/png\" \/>\n<meta name=\"author\" content=\"Francisco S\u00e1nchez Nolasco\" \/>\n<meta name=\"twitter:card\" content=\"summary_large_image\" \/>\n<meta name=\"twitter:label1\" content=\"Escrito por\" \/>\n\t<meta name=\"twitter:data1\" content=\"Francisco S\u00e1nchez Nolasco\" \/>\n\t<meta name=\"twitter:label2\" content=\"Tiempo de lectura\" \/>\n\t<meta name=\"twitter:data2\" content=\"1 minuto\" \/>\n<script type=\"application\/ld+json\" class=\"yoast-schema-graph\">{\"@context\":\"https:\/\/schema.org\",\"@graph\":[{\"@type\":\"WebPage\",\"@id\":\"https:\/\/thepueblatimes.mx\/index.php\/2021\/08\/11\/bloquean-la-tlaxcala-texmelucan-exigen-el-cuerpo-de-miriam\/\",\"url\":\"https:\/\/thepueblatimes.mx\/index.php\/2021\/08\/11\/bloquean-la-tlaxcala-texmelucan-exigen-el-cuerpo-de-miriam\/\",\"name\":\"Bloquean la Tlaxcala-Texmelucan, exigen el cuerpo de Miriam - The Puebla Times\",\"isPartOf\":{\"@id\":\"https:\/\/thepueblatimes.mx\/#website\"},\"datePublished\":\"2021-08-12T04:12:04+00:00\",\"dateModified\":\"2021-08-12T04:12:04+00:00\",\"author\":{\"@id\":\"https:\/\/thepueblatimes.mx\/#\/schema\/person\/7bdf2adbc50078b104bba72b5612f774\"},\"breadcrumb\":{\"@id\":\"https:\/\/thepueblatimes.mx\/index.php\/2021\/08\/11\/bloquean-la-tlaxcala-texmelucan-exigen-el-cuerpo-de-miriam\/#breadcrumb\"},\"inLanguage\":\"es\",\"potentialAction\":[{\"@type\":\"ReadAction\",\"target\":[\"https:\/\/thepueblatimes.mx\/index.php\/2021\/08\/11\/bloquean-la-tlaxcala-texmelucan-exigen-el-cuerpo-de-miriam\/\"]}]},{\"@type\":\"BreadcrumbList\",\"@id\":\"https:\/\/thepueblatimes.mx\/index.php\/2021\/08\/11\/bloquean-la-tlaxcala-texmelucan-exigen-el-cuerpo-de-miriam\/#breadcrumb\",\"itemListElement\":[{\"@type\":\"ListItem\",\"position\":1,\"name\":\"Portada\",\"item\":\"https:\/\/thepueblatimes.mx\/\"},{\"@type\":\"ListItem\",\"position\":2,\"name\":\"Bloquean la Tlaxcala-Texmelucan, exigen el cuerpo de Miriam\"}]},{\"@type\":\"WebSite\",\"@id\":\"https:\/\/thepueblatimes.mx\/#website\",\"url\":\"https:\/\/thepueblatimes.mx\/\",\"name\":\"The Puebla Times\",\"description\":\"Noticias del Estado de Puebla\",\"potentialAction\":[{\"@type\":\"SearchAction\",\"target\":{\"@type\":\"EntryPoint\",\"urlTemplate\":\"https:\/\/thepueblatimes.mx\/?s={search_term_string}\"},\"query-input\":\"required name=search_term_string\"}],\"inLanguage\":\"es\"},{\"@type\":\"Person\",\"@id\":\"https:\/\/thepueblatimes.mx\/#\/schema\/person\/7bdf2adbc50078b104bba72b5612f774\",\"name\":\"Francisco S\u00e1nchez Nolasco\",\"image\":{\"@type\":\"ImageObject\",\"inLanguage\":\"es\",\"@id\":\"https:\/\/thepueblatimes.mx\/#\/schema\/person\/image\/\",\"url\":\"https:\/\/secure.gravatar.com\/avatar\/6061d7d20b38bc2742a5218401b198d2?s=96&d=mm&r=g\",\"contentUrl\":\"https:\/\/secure.gravatar.com\/avatar\/6061d7d20b38bc2742a5218401b198d2?s=96&d=mm&r=g\",\"caption\":\"Francisco S\u00e1nchez Nolasco\"},\"url\":\"https:\/\/thepueblatimes.mx\/index.php\/author\/marianitha-reyes\/\"}]}<\/script>\n<!-- \/ Yoast SEO plugin. -->","yoast_head_json":{"title":"Bloquean la Tlaxcala-Texmelucan, exigen el cuerpo de Miriam - The Puebla Times","robots":{"index":"index","follow":"follow","max-snippet":"max-snippet:-1","max-image-preview":"max-image-preview:large","max-video-preview":"max-video-preview:-1"},"canonical":"https:\/\/thepueblatimes.mx\/index.php\/2021\/08\/11\/bloquean-la-tlaxcala-texmelucan-exigen-el-cuerpo-de-miriam\/","og_locale":"es_ES","og_type":"article","og_title":"Bloquean la Tlaxcala-Texmelucan, exigen el cuerpo de Miriam - The Puebla Times","og_description":"San Mart\u00edn Texmelucan, Pue.-\u00a0Vecinos de la comunidad de Santa Ana Nopalucan, mantienen bloqueada la carretera Federal Tlaxcala-Texmelucan, para demandar la agilizaci\u00f3n de la entrega del cad\u00e1ver de Miriam, quien fue localizada junto a otra joven el pasado domingo. Los inconformes, se\u00f1alan que las autoridades han postergado la entrega, sin dar a conocer los detalles de...","og_url":"https:\/\/thepueblatimes.mx\/index.php\/2021\/08\/11\/bloquean-la-tlaxcala-texmelucan-exigen-el-cuerpo-de-miriam\/","og_site_name":"The Puebla Times","article_published_time":"2021-08-12T04:12:04+00:00","og_image":[{"width":1646,"height":950,"url":"https:\/\/thepueblatimes.mx\/wp-content\/uploads\/2021\/08\/captura_de_pantalla_2021-08-10_21.23.09.png","type":"image\/png"}],"author":"Francisco S\u00e1nchez Nolasco","twitter_card":"summary_large_image","twitter_misc":{"Escrito por":"Francisco S\u00e1nchez Nolasco","Tiempo de lectura":"1 minuto"},"schema":{"@context":"https:\/\/schema.org","@graph":[{"@type":"WebPage","@id":"https:\/\/thepueblatimes.mx\/index.php\/2021\/08\/11\/bloquean-la-tlaxcala-texmelucan-exigen-el-cuerpo-de-miriam\/","url":"https:\/\/thepueblatimes.mx\/index.php\/2021\/08\/11\/bloquean-la-tlaxcala-texmelucan-exigen-el-cuerpo-de-miriam\/","name":"Bloquean la Tlaxcala-Texmelucan, exigen el cuerpo de Miriam - The Puebla Times","isPartOf":{"@id":"https:\/\/thepueblatimes.mx\/#website"},"datePublished":"2021-08-12T04:12:04+00:00","dateModified":"2021-08-12T04:12:04+00:00","author":{"@id":"https:\/\/thepueblatimes.mx\/#\/schema\/person\/7bdf2adbc50078b104bba72b5612f774"},"breadcrumb":{"@id":"https:\/\/thepueblatimes.mx\/index.php\/2021\/08\/11\/bloquean-la-tlaxcala-texmelucan-exigen-el-cuerpo-de-miriam\/#breadcrumb"},"inLanguage":"es","potentialAction":[{"@type":"ReadAction","target":["https:\/\/thepueblatimes.mx\/index.php\/2021\/08\/11\/bloquean-la-tlaxcala-texmelucan-exigen-el-cuerpo-de-miriam\/"]}]},{"@type":"BreadcrumbList","@id":"https:\/\/thepueblatimes.mx\/index.php\/2021\/08\/11\/bloquean-la-tlaxcala-texmelucan-exigen-el-cuerpo-de-miriam\/#breadcrumb","itemListElement":[{"@type":"ListItem","position":1,"name":"Portada","item":"https:\/\/thepueblatimes.mx\/"},{"@type":"ListItem","position":2,"name":"Bloquean la Tlaxcala-Texmelucan, exigen el cuerpo de Miriam"}]},{"@type":"WebSite","@id":"https:\/\/thepueblatimes.mx\/#website","url":"https:\/\/thepueblatimes.mx\/","name":"The Puebla Times","description":"Noticias del Estado de Puebla","potentialAction":[{"@type":"SearchAction","target":{"@type":"EntryPoint","urlTemplate":"https:\/\/thepueblatimes.mx\/?s={search_term_string}"},"query-input":"required name=search_term_string"}],"inLanguage":"es"},{"@type":"Person","@id":"https:\/\/thepueblatimes.mx\/#\/schema\/person\/7bdf2adbc50078b104bba72b5612f774","name":"Francisco S\u00e1nchez Nolasco","image":{"@type":"ImageObject","inLanguage":"es","@id":"https:\/\/thepueblatimes.mx\/#\/schema\/person\/image\/","url":"https:\/\/secure.gravatar.com\/avatar\/6061d7d20b38bc2742a5218401b198d2?s=96&d=mm&r=g","contentUrl":"https:\/\/secure.gravatar.com\/avatar\/6061d7d20b38bc2742a5218401b198d2?s=96&d=mm&r=g","caption":"Francisco S\u00e1nchez Nolasco"},"url":"https:\/\/thepueblatimes.mx\/index.php\/author\/marianitha-reyes\/"}]}},"jetpack_featured_media_url":"https:\/\/thepueblatimes.mx\/wp-content\/uploads\/2021\/08\/captura_de_pantalla_2021-08-10_21.23.09.png","_links":{"self":[{"href":"https:\/\/thepueblatimes.mx\/index.php\/wp-json\/wp\/v2\/posts\/15152"}],"collection":[{"href":"https:\/\/thepueblatimes.mx\/index.php\/wp-json\/wp\/v2\/posts"}],"about":[{"href":"https:\/\/thepueblatimes.mx\/index.php\/wp-json\/wp\/v2\/types\/post"}],"author":[{"embeddable":true,"href":"https:\/\/thepueblatimes.mx\/index.php\/wp-json\/wp\/v2\/users\/15"}],"replies":[{"embeddable":true,"href":"https:\/\/thepueblatimes.mx\/index.php\/wp-json\/wp\/v2\/comments?post=15152"}],"version-history":[{"count":1,"href":"https:\/\/thepueblatimes.mx\/index.php\/wp-json\/wp\/v2\/posts\/15152\/revisions"}],"predecessor-version":[{"id":15154,"href":"https:\/\/thepueblatimes.mx\/index.php\/wp-json\/wp\/v2\/posts\/15152\/revisions\/15154"}],"wp:featuredmedia":[{"embeddable":true,"href":"https:\/\/thepueblatimes.mx\/index.php\/wp-json\/wp\/v2\/media\/15153"}],"wp:attachment":[{"href":"https:\/\/thepueblatimes.mx\/index.php\/wp-json\/wp\/v2\/media?parent=15152"}],"wp:term":[{"taxonomy":"category","embeddable":true,"href":"https:\/\/thepueblatimes.mx\/index.php\/wp-json\/wp\/v2\/categories?post=15152"},{"taxonomy":"post_tag","embeddable":true,"href":"https:\/\/thepueblatimes.mx\/index.php\/wp-json\/wp\/v2\/tags?post=15152"}],"curies":[{"name":"wp","href":"https:\/\/api.w.org\/{rel}","templated":true}]}}