{"id":15149,"date":"2021-08-11T23:07:49","date_gmt":"2021-08-12T04:07:49","guid":{"rendered":"https:\/\/thepueblatimes.mx\/?p=15149"},"modified":"2021-08-11T23:07:49","modified_gmt":"2021-08-12T04:07:49","slug":"gregorio-violo-y-embarazo-a-su-hijastra-en-texmelucan","status":"publish","type":"post","link":"https:\/\/thepueblatimes.mx\/index.php\/2021\/08\/11\/gregorio-violo-y-embarazo-a-su-hijastra-en-texmelucan\/","title":{"rendered":"Gregorio viol\u00f3 y embaraz\u00f3 a su hijastra en Texmelucan"},"content":{"rendered":"<p>San Mart\u00edn Texmelucan, Pue.- La Fiscal\u00eda General del Estado de Puebla aprehendi\u00f3 y obtuvo la vinculaci\u00f3n a proceso de\u00a0<strong>Gregorio N. por el delito de violaci\u00f3n equiparada agravada cometido contra su hijastra menor de edad<\/strong>.<\/p>\n<p>La Instituci\u00f3n tom\u00f3 conocimiento que, en\u00a0<strong>diciembre de 2020 la v\u00edctima de 13 a\u00f1os se encontraba al interior de su domicilio en el municipio de San Mart\u00edn Texmelucan cuando su padrastro comenz\u00f3 a violentarla sexualmente<\/strong>, il\u00edcito que se\u00a0<strong>repiti\u00f3 en diversas ocasiones, provocando el embarazo de la menor de edad.<\/strong><\/p>\n<p>Con la denuncia de los hechos, la Fiscal\u00eda de Puebla solicit\u00f3 orden de aprehensi\u00f3n contra el presunto responsable y el\u00a0<strong>20 de julio de 2021 elementos de la Agencia Estatal de Investigaci\u00f3n detuvieron al investigado.<\/strong><\/p>\n<p>En audiencia ante el Juez de Control, el 26 de julio de 2021 la Fiscal\u00eda Especializada en Investigaci\u00f3n de Delitos de Violencia de G\u00e9nero contra las Mujeres present\u00f3 datos de prueba y logr\u00f3 que la autoridad judicial dictara a Gregorio N. auto de vinculaci\u00f3n a proceso con la medida cautelar de prisi\u00f3n preventiva oficiosa.<\/p>\n","protected":false},"excerpt":{"rendered":"<p>San Mart\u00edn Texmelucan, Pue.- La Fiscal\u00eda General del Estado de Puebla aprehendi\u00f3 y obtuvo la vinculaci\u00f3n a proceso de\u00a0Gregorio N. por el delito de violaci\u00f3n equiparada agravada cometido contra su hijastra menor de edad. La Instituci\u00f3n tom\u00f3 conocimiento que, en\u00a0diciembre de 2020 la v\u00edctima de 13 a\u00f1os se encontraba al interior de su domicilio en&#8230;<\/p>\n","protected":false},"author":15,"featured_media":15150,"comment_status":"open","ping_status":"open","sticky":false,"template":"","format":"standard","meta":[],"categories":[20],"tags":[49],"yoast_head":"<!-- This site is optimized with the Yoast SEO plugin v20.8 - https:\/\/yoast.com\/wordpress\/plugins\/seo\/ -->\n<title>Gregorio viol\u00f3 y embaraz\u00f3 a su hijastra en Texmelucan - The Puebla Times<\/title>\n<meta name=\"robots\" content=\"index, follow, max-snippet:-1, max-image-preview:large, max-video-preview:-1\" \/>\n<link rel=\"canonical\" href=\"https:\/\/thepueblatimes.mx\/index.php\/2021\/08\/11\/gregorio-violo-y-embarazo-a-su-hijastra-en-texmelucan\/\" \/>\n<meta property=\"og:locale\" content=\"es_ES\" \/>\n<meta property=\"og:type\" content=\"article\" \/>\n<meta property=\"og:title\" content=\"Gregorio viol\u00f3 y embaraz\u00f3 a su hijastra en Texmelucan - The Puebla Times\" \/>\n<meta property=\"og:description\" content=\"San Mart\u00edn Texmelucan, Pue.- La Fiscal\u00eda General del Estado de Puebla aprehendi\u00f3 y obtuvo la vinculaci\u00f3n a proceso de\u00a0Gregorio N. por el delito de violaci\u00f3n equiparada agravada cometido contra su hijastra menor de edad. La Instituci\u00f3n tom\u00f3 conocimiento que, en\u00a0diciembre de 2020 la v\u00edctima de 13 a\u00f1os se encontraba al interior de su domicilio en...\" \/>\n<meta property=\"og:url\" content=\"https:\/\/thepueblatimes.mx\/index.php\/2021\/08\/11\/gregorio-violo-y-embarazo-a-su-hijastra-en-texmelucan\/\" \/>\n<meta property=\"og:site_name\" content=\"The Puebla Times\" \/>\n<meta property=\"article:published_time\" content=\"2021-08-12T04:07:49+00:00\" \/>\n<meta property=\"og:image\" content=\"https:\/\/thepueblatimes.mx\/wp-content\/uploads\/2021\/08\/gregorio-violacion-texmelucan.jpg\" \/>\n\t<meta property=\"og:image:width\" content=\"1084\" \/>\n\t<meta property=\"og:image:height\" content=\"610\" \/>\n\t<meta property=\"og:image:type\" content=\"image\/jpeg\" \/>\n<meta name=\"author\" content=\"Francisco S\u00e1nchez Nolasco\" \/>\n<meta name=\"twitter:card\" content=\"summary_large_image\" \/>\n<meta name=\"twitter:label1\" content=\"Escrito por\" \/>\n\t<meta name=\"twitter:data1\" content=\"Francisco S\u00e1nchez Nolasco\" \/>\n\t<meta name=\"twitter:label2\" content=\"Tiempo de lectura\" \/>\n\t<meta name=\"twitter:data2\" content=\"1 minuto\" \/>\n<script type=\"application\/ld+json\" class=\"yoast-schema-graph\">{\"@context\":\"https:\/\/schema.org\",\"@graph\":[{\"@type\":\"WebPage\",\"@id\":\"https:\/\/thepueblatimes.mx\/index.php\/2021\/08\/11\/gregorio-violo-y-embarazo-a-su-hijastra-en-texmelucan\/\",\"url\":\"https:\/\/thepueblatimes.mx\/index.php\/2021\/08\/11\/gregorio-violo-y-embarazo-a-su-hijastra-en-texmelucan\/\",\"name\":\"Gregorio viol\u00f3 y embaraz\u00f3 a su hijastra en Texmelucan - The Puebla Times\",\"isPartOf\":{\"@id\":\"https:\/\/thepueblatimes.mx\/#website\"},\"datePublished\":\"2021-08-12T04:07:49+00:00\",\"dateModified\":\"2021-08-12T04:07:49+00:00\",\"author\":{\"@id\":\"https:\/\/thepueblatimes.mx\/#\/schema\/person\/7bdf2adbc50078b104bba72b5612f774\"},\"breadcrumb\":{\"@id\":\"https:\/\/thepueblatimes.mx\/index.php\/2021\/08\/11\/gregorio-violo-y-embarazo-a-su-hijastra-en-texmelucan\/#breadcrumb\"},\"inLanguage\":\"es\",\"potentialAction\":[{\"@type\":\"ReadAction\",\"target\":[\"https:\/\/thepueblatimes.mx\/index.php\/2021\/08\/11\/gregorio-violo-y-embarazo-a-su-hijastra-en-texmelucan\/\"]}]},{\"@type\":\"BreadcrumbList\",\"@id\":\"https:\/\/thepueblatimes.mx\/index.php\/2021\/08\/11\/gregorio-violo-y-embarazo-a-su-hijastra-en-texmelucan\/#breadcrumb\",\"itemListElement\":[{\"@type\":\"ListItem\",\"position\":1,\"name\":\"Portada\",\"item\":\"https:\/\/thepueblatimes.mx\/\"},{\"@type\":\"ListItem\",\"position\":2,\"name\":\"Gregorio viol\u00f3 y embaraz\u00f3 a su hijastra en Texmelucan\"}]},{\"@type\":\"WebSite\",\"@id\":\"https:\/\/thepueblatimes.mx\/#website\",\"url\":\"https:\/\/thepueblatimes.mx\/\",\"name\":\"The Puebla Times\",\"description\":\"Noticias del Estado de Puebla\",\"potentialAction\":[{\"@type\":\"SearchAction\",\"target\":{\"@type\":\"EntryPoint\",\"urlTemplate\":\"https:\/\/thepueblatimes.mx\/?s={search_term_string}\"},\"query-input\":\"required name=search_term_string\"}],\"inLanguage\":\"es\"},{\"@type\":\"Person\",\"@id\":\"https:\/\/thepueblatimes.mx\/#\/schema\/person\/7bdf2adbc50078b104bba72b5612f774\",\"name\":\"Francisco S\u00e1nchez Nolasco\",\"image\":{\"@type\":\"ImageObject\",\"inLanguage\":\"es\",\"@id\":\"https:\/\/thepueblatimes.mx\/#\/schema\/person\/image\/\",\"url\":\"https:\/\/secure.gravatar.com\/avatar\/6061d7d20b38bc2742a5218401b198d2?s=96&d=mm&r=g\",\"contentUrl\":\"https:\/\/secure.gravatar.com\/avatar\/6061d7d20b38bc2742a5218401b198d2?s=96&d=mm&r=g\",\"caption\":\"Francisco S\u00e1nchez Nolasco\"},\"url\":\"https:\/\/thepueblatimes.mx\/index.php\/author\/marianitha-reyes\/\"}]}<\/script>\n<!-- \/ Yoast SEO plugin. -->","yoast_head_json":{"title":"Gregorio viol\u00f3 y embaraz\u00f3 a su hijastra en Texmelucan - The Puebla Times","robots":{"index":"index","follow":"follow","max-snippet":"max-snippet:-1","max-image-preview":"max-image-preview:large","max-video-preview":"max-video-preview:-1"},"canonical":"https:\/\/thepueblatimes.mx\/index.php\/2021\/08\/11\/gregorio-violo-y-embarazo-a-su-hijastra-en-texmelucan\/","og_locale":"es_ES","og_type":"article","og_title":"Gregorio viol\u00f3 y embaraz\u00f3 a su hijastra en Texmelucan - The Puebla Times","og_description":"San Mart\u00edn Texmelucan, Pue.- La Fiscal\u00eda General del Estado de Puebla aprehendi\u00f3 y obtuvo la vinculaci\u00f3n a proceso de\u00a0Gregorio N. por el delito de violaci\u00f3n equiparada agravada cometido contra su hijastra menor de edad. La Instituci\u00f3n tom\u00f3 conocimiento que, en\u00a0diciembre de 2020 la v\u00edctima de 13 a\u00f1os se encontraba al interior de su domicilio en...","og_url":"https:\/\/thepueblatimes.mx\/index.php\/2021\/08\/11\/gregorio-violo-y-embarazo-a-su-hijastra-en-texmelucan\/","og_site_name":"The Puebla Times","article_published_time":"2021-08-12T04:07:49+00:00","og_image":[{"width":1084,"height":610,"url":"https:\/\/thepueblatimes.mx\/wp-content\/uploads\/2021\/08\/gregorio-violacion-texmelucan.jpg","type":"image\/jpeg"}],"author":"Francisco S\u00e1nchez Nolasco","twitter_card":"summary_large_image","twitter_misc":{"Escrito por":"Francisco S\u00e1nchez Nolasco","Tiempo de lectura":"1 minuto"},"schema":{"@context":"https:\/\/schema.org","@graph":[{"@type":"WebPage","@id":"https:\/\/thepueblatimes.mx\/index.php\/2021\/08\/11\/gregorio-violo-y-embarazo-a-su-hijastra-en-texmelucan\/","url":"https:\/\/thepueblatimes.mx\/index.php\/2021\/08\/11\/gregorio-violo-y-embarazo-a-su-hijastra-en-texmelucan\/","name":"Gregorio viol\u00f3 y embaraz\u00f3 a su hijastra en Texmelucan - The Puebla Times","isPartOf":{"@id":"https:\/\/thepueblatimes.mx\/#website"},"datePublished":"2021-08-12T04:07:49+00:00","dateModified":"2021-08-12T04:07:49+00:00","author":{"@id":"https:\/\/thepueblatimes.mx\/#\/schema\/person\/7bdf2adbc50078b104bba72b5612f774"},"breadcrumb":{"@id":"https:\/\/thepueblatimes.mx\/index.php\/2021\/08\/11\/gregorio-violo-y-embarazo-a-su-hijastra-en-texmelucan\/#breadcrumb"},"inLanguage":"es","potentialAction":[{"@type":"ReadAction","target":["https:\/\/thepueblatimes.mx\/index.php\/2021\/08\/11\/gregorio-violo-y-embarazo-a-su-hijastra-en-texmelucan\/"]}]},{"@type":"BreadcrumbList","@id":"https:\/\/thepueblatimes.mx\/index.php\/2021\/08\/11\/gregorio-violo-y-embarazo-a-su-hijastra-en-texmelucan\/#breadcrumb","itemListElement":[{"@type":"ListItem","position":1,"name":"Portada","item":"https:\/\/thepueblatimes.mx\/"},{"@type":"ListItem","position":2,"name":"Gregorio viol\u00f3 y embaraz\u00f3 a su hijastra en Texmelucan"}]},{"@type":"WebSite","@id":"https:\/\/thepueblatimes.mx\/#website","url":"https:\/\/thepueblatimes.mx\/","name":"The Puebla Times","description":"Noticias del Estado de Puebla","potentialAction":[{"@type":"SearchAction","target":{"@type":"EntryPoint","urlTemplate":"https:\/\/thepueblatimes.mx\/?s={search_term_string}"},"query-input":"required name=search_term_string"}],"inLanguage":"es"},{"@type":"Person","@id":"https:\/\/thepueblatimes.mx\/#\/schema\/person\/7bdf2adbc50078b104bba72b5612f774","name":"Francisco S\u00e1nchez Nolasco","image":{"@type":"ImageObject","inLanguage":"es","@id":"https:\/\/thepueblatimes.mx\/#\/schema\/person\/image\/","url":"https:\/\/secure.gravatar.com\/avatar\/6061d7d20b38bc2742a5218401b198d2?s=96&d=mm&r=g","contentUrl":"https:\/\/secure.gravatar.com\/avatar\/6061d7d20b38bc2742a5218401b198d2?s=96&d=mm&r=g","caption":"Francisco S\u00e1nchez Nolasco"},"url":"https:\/\/thepueblatimes.mx\/index.php\/author\/marianitha-reyes\/"}]}},"jetpack_featured_media_url":"https:\/\/thepueblatimes.mx\/wp-content\/uploads\/2021\/08\/gregorio-violacion-texmelucan.jpg","_links":{"self":[{"href":"https:\/\/thepueblatimes.mx\/index.php\/wp-json\/wp\/v2\/posts\/15149"}],"collection":[{"href":"https:\/\/thepueblatimes.mx\/index.php\/wp-json\/wp\/v2\/posts"}],"about":[{"href":"https:\/\/thepueblatimes.mx\/index.php\/wp-json\/wp\/v2\/types\/post"}],"author":[{"embeddable":true,"href":"https:\/\/thepueblatimes.mx\/index.php\/wp-json\/wp\/v2\/users\/15"}],"replies":[{"embeddable":true,"href":"https:\/\/thepueblatimes.mx\/index.php\/wp-json\/wp\/v2\/comments?post=15149"}],"version-history":[{"count":1,"href":"https:\/\/thepueblatimes.mx\/index.php\/wp-json\/wp\/v2\/posts\/15149\/revisions"}],"predecessor-version":[{"id":15151,"href":"https:\/\/thepueblatimes.mx\/index.php\/wp-json\/wp\/v2\/posts\/15149\/revisions\/15151"}],"wp:featuredmedia":[{"embeddable":true,"href":"https:\/\/thepueblatimes.mx\/index.php\/wp-json\/wp\/v2\/media\/15150"}],"wp:attachment":[{"href":"https:\/\/thepueblatimes.mx\/index.php\/wp-json\/wp\/v2\/media?parent=15149"}],"wp:term":[{"taxonomy":"category","embeddable":true,"href":"https:\/\/thepueblatimes.mx\/index.php\/wp-json\/wp\/v2\/categories?post=15149"},{"taxonomy":"post_tag","embeddable":true,"href":"https:\/\/thepueblatimes.mx\/index.php\/wp-json\/wp\/v2\/tags?post=15149"}],"curies":[{"name":"wp","href":"https:\/\/api.w.org\/{rel}","templated":true}]}}