{"id":15146,"date":"2021-08-11T23:05:43","date_gmt":"2021-08-12T04:05:43","guid":{"rendered":"https:\/\/thepueblatimes.mx\/?p=15146"},"modified":"2021-08-11T23:05:43","modified_gmt":"2021-08-12T04:05:43","slug":"localizan-hondurenos-en-ciudad-serdan","status":"publish","type":"post","link":"https:\/\/thepueblatimes.mx\/index.php\/2021\/08\/11\/localizan-hondurenos-en-ciudad-serdan\/","title":{"rendered":"Localizan hondure\u00f1os en Ciudad Serd\u00e1n"},"content":{"rendered":"<p>Ciudad Serd\u00e1n, Pue.- Un grupo de\u00a0<strong>centroamericanos que no pudieron acreditar su situaci\u00f3n legal en el pa\u00eds<\/strong>, fueron retenidos por elementos de Seguridad P\u00fablica de Chalchicomula de Sesma.<\/p>\n<p>En el reporte los hondure\u00f1os fueron ubicados en inmediaciones de Xochiloma, en un ret\u00e9n implementado por Guardia Nacional y seguridad p\u00fablica municipal.<\/p>\n<p>Se trata de\u00a0<strong>cuatro mujeres, cuatro hombres menores de edad y dos ni\u00f1os<\/strong>.<\/p>\n<p>La camioneta en la que circulaban fue detectada por polic\u00eda municipal y al realizar una supervisi\u00f3n se localiz\u00f3 a los centroamericanos. El veh\u00edculo y las personas fueron resguardados en comandancia.<\/p>\n<p>Una unidad del Instituto Nacional de Migraci\u00f3n realiz\u00f3 el traslado de la comandancia de la ciudad Serd\u00e1n a Puebla Capital.<\/p>\n","protected":false},"excerpt":{"rendered":"<p>Ciudad Serd\u00e1n, Pue.- Un grupo de\u00a0centroamericanos que no pudieron acreditar su situaci\u00f3n legal en el pa\u00eds, fueron retenidos por elementos de Seguridad P\u00fablica de Chalchicomula de Sesma. En el reporte los hondure\u00f1os fueron ubicados en inmediaciones de Xochiloma, en un ret\u00e9n implementado por Guardia Nacional y seguridad p\u00fablica municipal. Se trata de\u00a0cuatro mujeres, cuatro hombres&#8230;<\/p>\n","protected":false},"author":15,"featured_media":15147,"comment_status":"open","ping_status":"open","sticky":false,"template":"","format":"standard","meta":[],"categories":[20],"tags":[49],"yoast_head":"<!-- This site is optimized with the Yoast SEO plugin v20.8 - https:\/\/yoast.com\/wordpress\/plugins\/seo\/ -->\n<title>Localizan hondure\u00f1os en Ciudad Serd\u00e1n - The Puebla Times<\/title>\n<meta name=\"robots\" content=\"index, follow, max-snippet:-1, max-image-preview:large, max-video-preview:-1\" \/>\n<link rel=\"canonical\" href=\"https:\/\/thepueblatimes.mx\/index.php\/2021\/08\/11\/localizan-hondurenos-en-ciudad-serdan\/\" \/>\n<meta property=\"og:locale\" content=\"es_ES\" \/>\n<meta property=\"og:type\" content=\"article\" \/>\n<meta property=\"og:title\" content=\"Localizan hondure\u00f1os en Ciudad Serd\u00e1n - The Puebla Times\" \/>\n<meta property=\"og:description\" content=\"Ciudad Serd\u00e1n, Pue.- Un grupo de\u00a0centroamericanos que no pudieron acreditar su situaci\u00f3n legal en el pa\u00eds, fueron retenidos por elementos de Seguridad P\u00fablica de Chalchicomula de Sesma. En el reporte los hondure\u00f1os fueron ubicados en inmediaciones de Xochiloma, en un ret\u00e9n implementado por Guardia Nacional y seguridad p\u00fablica municipal. Se trata de\u00a0cuatro mujeres, cuatro hombres...\" \/>\n<meta property=\"og:url\" content=\"https:\/\/thepueblatimes.mx\/index.php\/2021\/08\/11\/localizan-hondurenos-en-ciudad-serdan\/\" \/>\n<meta property=\"og:site_name\" content=\"The Puebla Times\" \/>\n<meta property=\"article:published_time\" content=\"2021-08-12T04:05:43+00:00\" \/>\n<meta property=\"og:image\" content=\"https:\/\/thepueblatimes.mx\/wp-content\/uploads\/2021\/08\/migrantes_71.jpg\" \/>\n\t<meta property=\"og:image:width\" content=\"1024\" \/>\n\t<meta property=\"og:image:height\" content=\"768\" \/>\n\t<meta property=\"og:image:type\" content=\"image\/jpeg\" \/>\n<meta name=\"author\" content=\"Francisco S\u00e1nchez Nolasco\" \/>\n<meta name=\"twitter:card\" content=\"summary_large_image\" \/>\n<meta name=\"twitter:label1\" content=\"Escrito por\" \/>\n\t<meta name=\"twitter:data1\" content=\"Francisco S\u00e1nchez Nolasco\" \/>\n\t<meta name=\"twitter:label2\" content=\"Tiempo de lectura\" \/>\n\t<meta name=\"twitter:data2\" content=\"1 minuto\" \/>\n<script type=\"application\/ld+json\" class=\"yoast-schema-graph\">{\"@context\":\"https:\/\/schema.org\",\"@graph\":[{\"@type\":\"WebPage\",\"@id\":\"https:\/\/thepueblatimes.mx\/index.php\/2021\/08\/11\/localizan-hondurenos-en-ciudad-serdan\/\",\"url\":\"https:\/\/thepueblatimes.mx\/index.php\/2021\/08\/11\/localizan-hondurenos-en-ciudad-serdan\/\",\"name\":\"Localizan hondure\u00f1os en Ciudad Serd\u00e1n - The Puebla Times\",\"isPartOf\":{\"@id\":\"https:\/\/thepueblatimes.mx\/#website\"},\"datePublished\":\"2021-08-12T04:05:43+00:00\",\"dateModified\":\"2021-08-12T04:05:43+00:00\",\"author\":{\"@id\":\"https:\/\/thepueblatimes.mx\/#\/schema\/person\/7bdf2adbc50078b104bba72b5612f774\"},\"breadcrumb\":{\"@id\":\"https:\/\/thepueblatimes.mx\/index.php\/2021\/08\/11\/localizan-hondurenos-en-ciudad-serdan\/#breadcrumb\"},\"inLanguage\":\"es\",\"potentialAction\":[{\"@type\":\"ReadAction\",\"target\":[\"https:\/\/thepueblatimes.mx\/index.php\/2021\/08\/11\/localizan-hondurenos-en-ciudad-serdan\/\"]}]},{\"@type\":\"BreadcrumbList\",\"@id\":\"https:\/\/thepueblatimes.mx\/index.php\/2021\/08\/11\/localizan-hondurenos-en-ciudad-serdan\/#breadcrumb\",\"itemListElement\":[{\"@type\":\"ListItem\",\"position\":1,\"name\":\"Portada\",\"item\":\"https:\/\/thepueblatimes.mx\/\"},{\"@type\":\"ListItem\",\"position\":2,\"name\":\"Localizan hondure\u00f1os en Ciudad Serd\u00e1n\"}]},{\"@type\":\"WebSite\",\"@id\":\"https:\/\/thepueblatimes.mx\/#website\",\"url\":\"https:\/\/thepueblatimes.mx\/\",\"name\":\"The Puebla Times\",\"description\":\"Noticias del Estado de Puebla\",\"potentialAction\":[{\"@type\":\"SearchAction\",\"target\":{\"@type\":\"EntryPoint\",\"urlTemplate\":\"https:\/\/thepueblatimes.mx\/?s={search_term_string}\"},\"query-input\":\"required name=search_term_string\"}],\"inLanguage\":\"es\"},{\"@type\":\"Person\",\"@id\":\"https:\/\/thepueblatimes.mx\/#\/schema\/person\/7bdf2adbc50078b104bba72b5612f774\",\"name\":\"Francisco S\u00e1nchez Nolasco\",\"image\":{\"@type\":\"ImageObject\",\"inLanguage\":\"es\",\"@id\":\"https:\/\/thepueblatimes.mx\/#\/schema\/person\/image\/\",\"url\":\"https:\/\/secure.gravatar.com\/avatar\/6061d7d20b38bc2742a5218401b198d2?s=96&d=mm&r=g\",\"contentUrl\":\"https:\/\/secure.gravatar.com\/avatar\/6061d7d20b38bc2742a5218401b198d2?s=96&d=mm&r=g\",\"caption\":\"Francisco S\u00e1nchez Nolasco\"},\"url\":\"https:\/\/thepueblatimes.mx\/index.php\/author\/marianitha-reyes\/\"}]}<\/script>\n<!-- \/ Yoast SEO plugin. -->","yoast_head_json":{"title":"Localizan hondure\u00f1os en Ciudad Serd\u00e1n - The Puebla Times","robots":{"index":"index","follow":"follow","max-snippet":"max-snippet:-1","max-image-preview":"max-image-preview:large","max-video-preview":"max-video-preview:-1"},"canonical":"https:\/\/thepueblatimes.mx\/index.php\/2021\/08\/11\/localizan-hondurenos-en-ciudad-serdan\/","og_locale":"es_ES","og_type":"article","og_title":"Localizan hondure\u00f1os en Ciudad Serd\u00e1n - The Puebla Times","og_description":"Ciudad Serd\u00e1n, Pue.- Un grupo de\u00a0centroamericanos que no pudieron acreditar su situaci\u00f3n legal en el pa\u00eds, fueron retenidos por elementos de Seguridad P\u00fablica de Chalchicomula de Sesma. En el reporte los hondure\u00f1os fueron ubicados en inmediaciones de Xochiloma, en un ret\u00e9n implementado por Guardia Nacional y seguridad p\u00fablica municipal. Se trata de\u00a0cuatro mujeres, cuatro hombres...","og_url":"https:\/\/thepueblatimes.mx\/index.php\/2021\/08\/11\/localizan-hondurenos-en-ciudad-serdan\/","og_site_name":"The Puebla Times","article_published_time":"2021-08-12T04:05:43+00:00","og_image":[{"width":1024,"height":768,"url":"https:\/\/thepueblatimes.mx\/wp-content\/uploads\/2021\/08\/migrantes_71.jpg","type":"image\/jpeg"}],"author":"Francisco S\u00e1nchez Nolasco","twitter_card":"summary_large_image","twitter_misc":{"Escrito por":"Francisco S\u00e1nchez Nolasco","Tiempo de lectura":"1 minuto"},"schema":{"@context":"https:\/\/schema.org","@graph":[{"@type":"WebPage","@id":"https:\/\/thepueblatimes.mx\/index.php\/2021\/08\/11\/localizan-hondurenos-en-ciudad-serdan\/","url":"https:\/\/thepueblatimes.mx\/index.php\/2021\/08\/11\/localizan-hondurenos-en-ciudad-serdan\/","name":"Localizan hondure\u00f1os en Ciudad Serd\u00e1n - The Puebla Times","isPartOf":{"@id":"https:\/\/thepueblatimes.mx\/#website"},"datePublished":"2021-08-12T04:05:43+00:00","dateModified":"2021-08-12T04:05:43+00:00","author":{"@id":"https:\/\/thepueblatimes.mx\/#\/schema\/person\/7bdf2adbc50078b104bba72b5612f774"},"breadcrumb":{"@id":"https:\/\/thepueblatimes.mx\/index.php\/2021\/08\/11\/localizan-hondurenos-en-ciudad-serdan\/#breadcrumb"},"inLanguage":"es","potentialAction":[{"@type":"ReadAction","target":["https:\/\/thepueblatimes.mx\/index.php\/2021\/08\/11\/localizan-hondurenos-en-ciudad-serdan\/"]}]},{"@type":"BreadcrumbList","@id":"https:\/\/thepueblatimes.mx\/index.php\/2021\/08\/11\/localizan-hondurenos-en-ciudad-serdan\/#breadcrumb","itemListElement":[{"@type":"ListItem","position":1,"name":"Portada","item":"https:\/\/thepueblatimes.mx\/"},{"@type":"ListItem","position":2,"name":"Localizan hondure\u00f1os en Ciudad Serd\u00e1n"}]},{"@type":"WebSite","@id":"https:\/\/thepueblatimes.mx\/#website","url":"https:\/\/thepueblatimes.mx\/","name":"The Puebla Times","description":"Noticias del Estado de Puebla","potentialAction":[{"@type":"SearchAction","target":{"@type":"EntryPoint","urlTemplate":"https:\/\/thepueblatimes.mx\/?s={search_term_string}"},"query-input":"required name=search_term_string"}],"inLanguage":"es"},{"@type":"Person","@id":"https:\/\/thepueblatimes.mx\/#\/schema\/person\/7bdf2adbc50078b104bba72b5612f774","name":"Francisco S\u00e1nchez Nolasco","image":{"@type":"ImageObject","inLanguage":"es","@id":"https:\/\/thepueblatimes.mx\/#\/schema\/person\/image\/","url":"https:\/\/secure.gravatar.com\/avatar\/6061d7d20b38bc2742a5218401b198d2?s=96&d=mm&r=g","contentUrl":"https:\/\/secure.gravatar.com\/avatar\/6061d7d20b38bc2742a5218401b198d2?s=96&d=mm&r=g","caption":"Francisco S\u00e1nchez Nolasco"},"url":"https:\/\/thepueblatimes.mx\/index.php\/author\/marianitha-reyes\/"}]}},"jetpack_featured_media_url":"https:\/\/thepueblatimes.mx\/wp-content\/uploads\/2021\/08\/migrantes_71.jpg","_links":{"self":[{"href":"https:\/\/thepueblatimes.mx\/index.php\/wp-json\/wp\/v2\/posts\/15146"}],"collection":[{"href":"https:\/\/thepueblatimes.mx\/index.php\/wp-json\/wp\/v2\/posts"}],"about":[{"href":"https:\/\/thepueblatimes.mx\/index.php\/wp-json\/wp\/v2\/types\/post"}],"author":[{"embeddable":true,"href":"https:\/\/thepueblatimes.mx\/index.php\/wp-json\/wp\/v2\/users\/15"}],"replies":[{"embeddable":true,"href":"https:\/\/thepueblatimes.mx\/index.php\/wp-json\/wp\/v2\/comments?post=15146"}],"version-history":[{"count":1,"href":"https:\/\/thepueblatimes.mx\/index.php\/wp-json\/wp\/v2\/posts\/15146\/revisions"}],"predecessor-version":[{"id":15148,"href":"https:\/\/thepueblatimes.mx\/index.php\/wp-json\/wp\/v2\/posts\/15146\/revisions\/15148"}],"wp:featuredmedia":[{"embeddable":true,"href":"https:\/\/thepueblatimes.mx\/index.php\/wp-json\/wp\/v2\/media\/15147"}],"wp:attachment":[{"href":"https:\/\/thepueblatimes.mx\/index.php\/wp-json\/wp\/v2\/media?parent=15146"}],"wp:term":[{"taxonomy":"category","embeddable":true,"href":"https:\/\/thepueblatimes.mx\/index.php\/wp-json\/wp\/v2\/categories?post=15146"},{"taxonomy":"post_tag","embeddable":true,"href":"https:\/\/thepueblatimes.mx\/index.php\/wp-json\/wp\/v2\/tags?post=15146"}],"curies":[{"name":"wp","href":"https:\/\/api.w.org\/{rel}","templated":true}]}}