{"id":15143,"date":"2021-08-11T23:03:34","date_gmt":"2021-08-12T04:03:34","guid":{"rendered":"https:\/\/thepueblatimes.mx\/?p=15143"},"modified":"2021-08-11T23:03:34","modified_gmt":"2021-08-12T04:03:34","slug":"siete-anos-despues-sentencian-a-violador-de-menor-en-izucar","status":"publish","type":"post","link":"https:\/\/thepueblatimes.mx\/index.php\/2021\/08\/11\/siete-anos-despues-sentencian-a-violador-de-menor-en-izucar\/","title":{"rendered":"Siete a\u00f1os despu\u00e9s, sentencian a violador de menor en Iz\u00facar"},"content":{"rendered":"<p>Iz\u00facar de Matamoros, Pue.- Jos\u00e9 Javier N, fue sentenciado a 50 a\u00f1os de c\u00e1rcel, por violar a una menor de 5 a\u00f1os en el barrio de San Diego perteneciente al municipio de Iz\u00facar de Matamoros, esto luego de que el 1 de diciembre del 2014, enga\u00f1o a una peque\u00f1a con supuestos juegos para abusar de ella sexualmente.<\/p>\n<p>A casi 7 a\u00f1os del abuso que la menor sufri\u00f3, la Fiscal\u00eda General del Estado de Puebla obtuvo sentencia condenatoria de 50 a\u00f1os de prisi\u00f3n contra Jos\u00e9 Javier N, como responsable del delito de violaci\u00f3n equiparada calificada cometido en agravio de una menor, adem\u00e1s la autoridad condeno a este hombre al pago de reparaci\u00f3n por da\u00f1o moral de 63 mil 770 pesos que deber\u00e1 pagar a la v\u00edctima.<\/p>\n<p>Seg\u00fan informaci\u00f3n recabada, Dolores N, abuela de la v\u00edctima, pidi\u00f3 a Adriana N madre de la menor, que dejara jugar a la ni\u00f1a con otra de sus nietas, fue as\u00ed como la peque\u00f1a fue a la casa de la abuela, justo a lado de donde la menor viv\u00eda para jugar con sus primas, ese d\u00eda la menor regreso a su hogar junto con su hermana de 7 a\u00f1os, cada una de ellas llevaba bolsas de juguetes, que dijeron que su las hab\u00eda dado su t\u00edo Jos\u00e9 Javier N, d\u00edas despu\u00e9s otros familiares les ped\u00edan a las ni\u00f1as para que fueran a jugar de nueva cuenta con la nieta de la se\u00f1ora Dolores, aunque ya las peque\u00f1as mostraban otro comportamiento y ya no quer\u00edan ir.<\/p>\n<p>Por lo anterior la mama pens\u00f3 era por capricho de sus hijas, ya que despu\u00e9s terminaba accediendo para ir a jugar en el lugar donde viv\u00eda Jos\u00e9 Javier N, se sabe que al menos la menor de 5 a\u00f1os fue abusada sexualmente en dos o tres ocasiones, y es que fue un 15 de diciembre del 2014, la madre de la menor, se percat\u00f3 que su hija se encontraba muy mal, puesto que la menor ten\u00eda un cambio de humor a como era su forma de ser, comenz\u00f3 a ser violenta y agresiva con la familia, a pesar de ser cuestionada la peque\u00f1a que era lo que le suced\u00eda, est\u00e1 siempre dec\u00eda que nada.<\/p>\n<p>Ante dicha situaci\u00f3n la madre de la menor comenz\u00f3 a buscar ayuda, acudi\u00f3 con un psic\u00f3logo, donde le dieron a conocer que el diagnostico que su hija presentaba era un problema que ten\u00eda que denunciar, puesto que en relaci\u00f3n al estudio psicol\u00f3gico que le hab\u00edan realizado a la peque\u00f1a, hab\u00eda sido abusada sexualmente por Jos\u00e9 Javier N.<\/p>\n<p>Fue Adriana N quien le exigi\u00f3\u00a0\u00a0a Jos\u00e9 Javier N, le dijera lo que le hab\u00eda dicho a su hermana Mariela N, ya que presuntamente este hombre le hab\u00eda confesado a dicha mujer, que hab\u00eda abusado de las tres ni\u00f1as, las hijas de Adriana y la nieta de la se\u00f1ora Dolores, al tipo no le qued\u00f3 de otra m\u00e1s que aceptar lo que hab\u00eda hecho ya que se encontraba arrinconado por la mam\u00e1 de la v\u00edctima, este sujeto pidi\u00f3 que lo perdonaran que s\u00ed lo hab\u00eda hecho, pero que la ni\u00f1a hab\u00eda tenido la culpa porque ella lo provocaba, ya que le ense\u00f1aba v\u00eddeos pornogr\u00e1ficos y le ped\u00eda que le hiciera lo mismo, de manera s\u00ednica le dijo a la madre de la menor que se diera cuenta de la clase de hija que ten\u00eda, ya que era una fichita.<\/p>\n<p>Cabe mencionar que Jos\u00e9 Javier N, se dio a la fuga despu\u00e9s de que confesara a la familia que hab\u00eda abusado sexualmente de la menor, as\u00ed tambi\u00e9n hab\u00eda cometido actos lascivos en contra de otras dos menores de 6 y 7 a\u00f1os de edad.<\/p>\n<p>A pesar de que la familia interpuso la denuncia inmediatamente, fue hasta enero del 2015, que fue liberada la orden de aprehensi\u00f3n en contra de por Jos\u00e9 Javier N, fue hasta el 12 de marzo del 2020, que este violador hab\u00eda sido detenido en Chimalhuac\u00e1n, estado de M\u00e9xico mediante un operativo por parte de la Agencia Estatal de Investigaci\u00f3n de la Fiscal\u00eda General del Estado de Puebla y de M\u00e9xico.<\/p>\n<p>Hay que recordar que Jos\u00e9 Javier N, es originario de la Ciudad de M\u00e9xico, pero vivi\u00f3 muchos a\u00f1os, en Iz\u00facar de Matamoros, y era propietario de una papeler\u00eda llamada \u201cGaby\u201d en el barrio de San Diego.<\/p>\n","protected":false},"excerpt":{"rendered":"<p>Iz\u00facar de Matamoros, Pue.- Jos\u00e9 Javier N, fue sentenciado a 50 a\u00f1os de c\u00e1rcel, por violar a una menor de 5 a\u00f1os en el barrio de San Diego perteneciente al municipio de Iz\u00facar de Matamoros, esto luego de que el 1 de diciembre del 2014, enga\u00f1o a una peque\u00f1a con supuestos juegos para abusar de&#8230;<\/p>\n","protected":false},"author":15,"featured_media":15144,"comment_status":"open","ping_status":"open","sticky":false,"template":"","format":"standard","meta":[],"categories":[20],"tags":[49],"yoast_head":"<!-- This site is optimized with the Yoast SEO plugin v20.8 - https:\/\/yoast.com\/wordpress\/plugins\/seo\/ -->\n<title>Siete a\u00f1os despu\u00e9s, sentencian a violador de menor en Iz\u00facar - The Puebla Times<\/title>\n<meta name=\"robots\" content=\"index, follow, max-snippet:-1, max-image-preview:large, max-video-preview:-1\" \/>\n<link rel=\"canonical\" href=\"https:\/\/thepueblatimes.mx\/index.php\/2021\/08\/11\/siete-anos-despues-sentencian-a-violador-de-menor-en-izucar\/\" \/>\n<meta property=\"og:locale\" content=\"es_ES\" \/>\n<meta property=\"og:type\" content=\"article\" \/>\n<meta property=\"og:title\" content=\"Siete a\u00f1os despu\u00e9s, sentencian a violador de menor en Iz\u00facar - The Puebla Times\" \/>\n<meta property=\"og:description\" content=\"Iz\u00facar de Matamoros, Pue.- Jos\u00e9 Javier N, fue sentenciado a 50 a\u00f1os de c\u00e1rcel, por violar a una menor de 5 a\u00f1os en el barrio de San Diego perteneciente al municipio de Iz\u00facar de Matamoros, esto luego de que el 1 de diciembre del 2014, enga\u00f1o a una peque\u00f1a con supuestos juegos para abusar de...\" \/>\n<meta property=\"og:url\" content=\"https:\/\/thepueblatimes.mx\/index.php\/2021\/08\/11\/siete-anos-despues-sentencian-a-violador-de-menor-en-izucar\/\" \/>\n<meta property=\"og:site_name\" content=\"The Puebla Times\" \/>\n<meta property=\"article:published_time\" content=\"2021-08-12T04:03:34+00:00\" \/>\n<meta property=\"og:image\" content=\"https:\/\/thepueblatimes.mx\/wp-content\/uploads\/2021\/08\/violencia-jazmin_2.jpg\" \/>\n\t<meta property=\"og:image:width\" content=\"750\" \/>\n\t<meta property=\"og:image:height\" content=\"500\" \/>\n\t<meta property=\"og:image:type\" content=\"image\/jpeg\" \/>\n<meta name=\"author\" content=\"Francisco S\u00e1nchez Nolasco\" \/>\n<meta name=\"twitter:card\" content=\"summary_large_image\" \/>\n<meta name=\"twitter:label1\" content=\"Escrito por\" \/>\n\t<meta name=\"twitter:data1\" content=\"Francisco S\u00e1nchez Nolasco\" \/>\n\t<meta name=\"twitter:label2\" content=\"Tiempo de lectura\" \/>\n\t<meta name=\"twitter:data2\" content=\"4 minutos\" \/>\n<script type=\"application\/ld+json\" class=\"yoast-schema-graph\">{\"@context\":\"https:\/\/schema.org\",\"@graph\":[{\"@type\":\"WebPage\",\"@id\":\"https:\/\/thepueblatimes.mx\/index.php\/2021\/08\/11\/siete-anos-despues-sentencian-a-violador-de-menor-en-izucar\/\",\"url\":\"https:\/\/thepueblatimes.mx\/index.php\/2021\/08\/11\/siete-anos-despues-sentencian-a-violador-de-menor-en-izucar\/\",\"name\":\"Siete a\u00f1os despu\u00e9s, sentencian a violador de menor en Iz\u00facar - The Puebla Times\",\"isPartOf\":{\"@id\":\"https:\/\/thepueblatimes.mx\/#website\"},\"datePublished\":\"2021-08-12T04:03:34+00:00\",\"dateModified\":\"2021-08-12T04:03:34+00:00\",\"author\":{\"@id\":\"https:\/\/thepueblatimes.mx\/#\/schema\/person\/7bdf2adbc50078b104bba72b5612f774\"},\"breadcrumb\":{\"@id\":\"https:\/\/thepueblatimes.mx\/index.php\/2021\/08\/11\/siete-anos-despues-sentencian-a-violador-de-menor-en-izucar\/#breadcrumb\"},\"inLanguage\":\"es\",\"potentialAction\":[{\"@type\":\"ReadAction\",\"target\":[\"https:\/\/thepueblatimes.mx\/index.php\/2021\/08\/11\/siete-anos-despues-sentencian-a-violador-de-menor-en-izucar\/\"]}]},{\"@type\":\"BreadcrumbList\",\"@id\":\"https:\/\/thepueblatimes.mx\/index.php\/2021\/08\/11\/siete-anos-despues-sentencian-a-violador-de-menor-en-izucar\/#breadcrumb\",\"itemListElement\":[{\"@type\":\"ListItem\",\"position\":1,\"name\":\"Portada\",\"item\":\"https:\/\/thepueblatimes.mx\/\"},{\"@type\":\"ListItem\",\"position\":2,\"name\":\"Siete a\u00f1os despu\u00e9s, sentencian a violador de menor en Iz\u00facar\"}]},{\"@type\":\"WebSite\",\"@id\":\"https:\/\/thepueblatimes.mx\/#website\",\"url\":\"https:\/\/thepueblatimes.mx\/\",\"name\":\"The Puebla Times\",\"description\":\"Noticias del Estado de Puebla\",\"potentialAction\":[{\"@type\":\"SearchAction\",\"target\":{\"@type\":\"EntryPoint\",\"urlTemplate\":\"https:\/\/thepueblatimes.mx\/?s={search_term_string}\"},\"query-input\":\"required name=search_term_string\"}],\"inLanguage\":\"es\"},{\"@type\":\"Person\",\"@id\":\"https:\/\/thepueblatimes.mx\/#\/schema\/person\/7bdf2adbc50078b104bba72b5612f774\",\"name\":\"Francisco S\u00e1nchez Nolasco\",\"image\":{\"@type\":\"ImageObject\",\"inLanguage\":\"es\",\"@id\":\"https:\/\/thepueblatimes.mx\/#\/schema\/person\/image\/\",\"url\":\"https:\/\/secure.gravatar.com\/avatar\/6061d7d20b38bc2742a5218401b198d2?s=96&d=mm&r=g\",\"contentUrl\":\"https:\/\/secure.gravatar.com\/avatar\/6061d7d20b38bc2742a5218401b198d2?s=96&d=mm&r=g\",\"caption\":\"Francisco S\u00e1nchez Nolasco\"},\"url\":\"https:\/\/thepueblatimes.mx\/index.php\/author\/marianitha-reyes\/\"}]}<\/script>\n<!-- \/ Yoast SEO plugin. -->","yoast_head_json":{"title":"Siete a\u00f1os despu\u00e9s, sentencian a violador de menor en Iz\u00facar - The Puebla Times","robots":{"index":"index","follow":"follow","max-snippet":"max-snippet:-1","max-image-preview":"max-image-preview:large","max-video-preview":"max-video-preview:-1"},"canonical":"https:\/\/thepueblatimes.mx\/index.php\/2021\/08\/11\/siete-anos-despues-sentencian-a-violador-de-menor-en-izucar\/","og_locale":"es_ES","og_type":"article","og_title":"Siete a\u00f1os despu\u00e9s, sentencian a violador de menor en Iz\u00facar - The Puebla Times","og_description":"Iz\u00facar de Matamoros, Pue.- Jos\u00e9 Javier N, fue sentenciado a 50 a\u00f1os de c\u00e1rcel, por violar a una menor de 5 a\u00f1os en el barrio de San Diego perteneciente al municipio de Iz\u00facar de Matamoros, esto luego de que el 1 de diciembre del 2014, enga\u00f1o a una peque\u00f1a con supuestos juegos para abusar de...","og_url":"https:\/\/thepueblatimes.mx\/index.php\/2021\/08\/11\/siete-anos-despues-sentencian-a-violador-de-menor-en-izucar\/","og_site_name":"The Puebla Times","article_published_time":"2021-08-12T04:03:34+00:00","og_image":[{"width":750,"height":500,"url":"https:\/\/thepueblatimes.mx\/wp-content\/uploads\/2021\/08\/violencia-jazmin_2.jpg","type":"image\/jpeg"}],"author":"Francisco S\u00e1nchez Nolasco","twitter_card":"summary_large_image","twitter_misc":{"Escrito por":"Francisco S\u00e1nchez Nolasco","Tiempo de lectura":"4 minutos"},"schema":{"@context":"https:\/\/schema.org","@graph":[{"@type":"WebPage","@id":"https:\/\/thepueblatimes.mx\/index.php\/2021\/08\/11\/siete-anos-despues-sentencian-a-violador-de-menor-en-izucar\/","url":"https:\/\/thepueblatimes.mx\/index.php\/2021\/08\/11\/siete-anos-despues-sentencian-a-violador-de-menor-en-izucar\/","name":"Siete a\u00f1os despu\u00e9s, sentencian a violador de menor en Iz\u00facar - The Puebla Times","isPartOf":{"@id":"https:\/\/thepueblatimes.mx\/#website"},"datePublished":"2021-08-12T04:03:34+00:00","dateModified":"2021-08-12T04:03:34+00:00","author":{"@id":"https:\/\/thepueblatimes.mx\/#\/schema\/person\/7bdf2adbc50078b104bba72b5612f774"},"breadcrumb":{"@id":"https:\/\/thepueblatimes.mx\/index.php\/2021\/08\/11\/siete-anos-despues-sentencian-a-violador-de-menor-en-izucar\/#breadcrumb"},"inLanguage":"es","potentialAction":[{"@type":"ReadAction","target":["https:\/\/thepueblatimes.mx\/index.php\/2021\/08\/11\/siete-anos-despues-sentencian-a-violador-de-menor-en-izucar\/"]}]},{"@type":"BreadcrumbList","@id":"https:\/\/thepueblatimes.mx\/index.php\/2021\/08\/11\/siete-anos-despues-sentencian-a-violador-de-menor-en-izucar\/#breadcrumb","itemListElement":[{"@type":"ListItem","position":1,"name":"Portada","item":"https:\/\/thepueblatimes.mx\/"},{"@type":"ListItem","position":2,"name":"Siete a\u00f1os despu\u00e9s, sentencian a violador de menor en Iz\u00facar"}]},{"@type":"WebSite","@id":"https:\/\/thepueblatimes.mx\/#website","url":"https:\/\/thepueblatimes.mx\/","name":"The Puebla Times","description":"Noticias del Estado de Puebla","potentialAction":[{"@type":"SearchAction","target":{"@type":"EntryPoint","urlTemplate":"https:\/\/thepueblatimes.mx\/?s={search_term_string}"},"query-input":"required name=search_term_string"}],"inLanguage":"es"},{"@type":"Person","@id":"https:\/\/thepueblatimes.mx\/#\/schema\/person\/7bdf2adbc50078b104bba72b5612f774","name":"Francisco S\u00e1nchez Nolasco","image":{"@type":"ImageObject","inLanguage":"es","@id":"https:\/\/thepueblatimes.mx\/#\/schema\/person\/image\/","url":"https:\/\/secure.gravatar.com\/avatar\/6061d7d20b38bc2742a5218401b198d2?s=96&d=mm&r=g","contentUrl":"https:\/\/secure.gravatar.com\/avatar\/6061d7d20b38bc2742a5218401b198d2?s=96&d=mm&r=g","caption":"Francisco S\u00e1nchez Nolasco"},"url":"https:\/\/thepueblatimes.mx\/index.php\/author\/marianitha-reyes\/"}]}},"jetpack_featured_media_url":"https:\/\/thepueblatimes.mx\/wp-content\/uploads\/2021\/08\/violencia-jazmin_2.jpg","_links":{"self":[{"href":"https:\/\/thepueblatimes.mx\/index.php\/wp-json\/wp\/v2\/posts\/15143"}],"collection":[{"href":"https:\/\/thepueblatimes.mx\/index.php\/wp-json\/wp\/v2\/posts"}],"about":[{"href":"https:\/\/thepueblatimes.mx\/index.php\/wp-json\/wp\/v2\/types\/post"}],"author":[{"embeddable":true,"href":"https:\/\/thepueblatimes.mx\/index.php\/wp-json\/wp\/v2\/users\/15"}],"replies":[{"embeddable":true,"href":"https:\/\/thepueblatimes.mx\/index.php\/wp-json\/wp\/v2\/comments?post=15143"}],"version-history":[{"count":1,"href":"https:\/\/thepueblatimes.mx\/index.php\/wp-json\/wp\/v2\/posts\/15143\/revisions"}],"predecessor-version":[{"id":15145,"href":"https:\/\/thepueblatimes.mx\/index.php\/wp-json\/wp\/v2\/posts\/15143\/revisions\/15145"}],"wp:featuredmedia":[{"embeddable":true,"href":"https:\/\/thepueblatimes.mx\/index.php\/wp-json\/wp\/v2\/media\/15144"}],"wp:attachment":[{"href":"https:\/\/thepueblatimes.mx\/index.php\/wp-json\/wp\/v2\/media?parent=15143"}],"wp:term":[{"taxonomy":"category","embeddable":true,"href":"https:\/\/thepueblatimes.mx\/index.php\/wp-json\/wp\/v2\/categories?post=15143"},{"taxonomy":"post_tag","embeddable":true,"href":"https:\/\/thepueblatimes.mx\/index.php\/wp-json\/wp\/v2\/tags?post=15143"}],"curies":[{"name":"wp","href":"https:\/\/api.w.org\/{rel}","templated":true}]}}