{"id":15140,"date":"2021-08-11T23:01:00","date_gmt":"2021-08-12T04:01:00","guid":{"rendered":"https:\/\/thepueblatimes.mx\/?p=15140"},"modified":"2021-08-11T23:01:00","modified_gmt":"2021-08-12T04:01:00","slug":"lo-lesiono-en-el-brazo-con-un-machete-en-texmelucan","status":"publish","type":"post","link":"https:\/\/thepueblatimes.mx\/index.php\/2021\/08\/11\/lo-lesiono-en-el-brazo-con-un-machete-en-texmelucan\/","title":{"rendered":"Lo lesion\u00f3 en el brazo con un machete en Texmelucan"},"content":{"rendered":"<p>San Mart\u00edn Texmelucan, Pue.- Derivado de los datos de prueba aportados por la Fiscal\u00eda General del Estado de Puebla,\u00a0<strong>Mart\u00edn Antonio N. fue vinculado a proceso por el delito de lesiones calificadas<\/strong>, con la medida cautelar de prisi\u00f3n preventiva oficiosa.<\/p>\n<p>El<strong>\u00a029 de julio de 2021 en la colonia Joyas de San Dami\u00e1n del municipio de San Mart\u00edn Texmelucan<\/strong>, el imputado\u00a0<strong>lesion\u00f3 en el brazo con un machete a la v\u00edctima<\/strong>, luego de que\u00a0<strong>vecinos de la zona acordaran denunciar al imputado por supuesto robo de ganado<\/strong>.<\/p>\n<p>Al intentar huir, el presunto responsable fue detenido por elementos de la Polic\u00eda Municipal, quienes lo pusieron a disposici\u00f3n del Agente del Ministerio P\u00fablico.<\/p>\n<p>En audiencia ante el Juez de Control, el pasado 1 de agosto la Fiscal\u00eda de Investigaci\u00f3n Metropolitana logr\u00f3 que la autoridad judicial dictara vinculaci\u00f3n a proceso en contra de Mart\u00edn Antonio N.<\/p>\n","protected":false},"excerpt":{"rendered":"<p>San Mart\u00edn Texmelucan, Pue.- Derivado de los datos de prueba aportados por la Fiscal\u00eda General del Estado de Puebla,\u00a0Mart\u00edn Antonio N. fue vinculado a proceso por el delito de lesiones calificadas, con la medida cautelar de prisi\u00f3n preventiva oficiosa. El\u00a029 de julio de 2021 en la colonia Joyas de San Dami\u00e1n del municipio de San&#8230;<\/p>\n","protected":false},"author":15,"featured_media":15141,"comment_status":"open","ping_status":"open","sticky":false,"template":"","format":"standard","meta":[],"categories":[20],"tags":[],"yoast_head":"<!-- This site is optimized with the Yoast SEO plugin v20.8 - https:\/\/yoast.com\/wordpress\/plugins\/seo\/ -->\n<title>Lo lesion\u00f3 en el brazo con un machete en Texmelucan - The Puebla Times<\/title>\n<meta name=\"robots\" content=\"index, follow, max-snippet:-1, max-image-preview:large, max-video-preview:-1\" \/>\n<link rel=\"canonical\" href=\"https:\/\/thepueblatimes.mx\/index.php\/2021\/08\/11\/lo-lesiono-en-el-brazo-con-un-machete-en-texmelucan\/\" \/>\n<meta property=\"og:locale\" content=\"es_ES\" \/>\n<meta property=\"og:type\" content=\"article\" \/>\n<meta property=\"og:title\" content=\"Lo lesion\u00f3 en el brazo con un machete en Texmelucan - The Puebla Times\" \/>\n<meta property=\"og:description\" content=\"San Mart\u00edn Texmelucan, Pue.- Derivado de los datos de prueba aportados por la Fiscal\u00eda General del Estado de Puebla,\u00a0Mart\u00edn Antonio N. fue vinculado a proceso por el delito de lesiones calificadas, con la medida cautelar de prisi\u00f3n preventiva oficiosa. El\u00a029 de julio de 2021 en la colonia Joyas de San Dami\u00e1n del municipio de San...\" \/>\n<meta property=\"og:url\" content=\"https:\/\/thepueblatimes.mx\/index.php\/2021\/08\/11\/lo-lesiono-en-el-brazo-con-un-machete-en-texmelucan\/\" \/>\n<meta property=\"og:site_name\" content=\"The Puebla Times\" \/>\n<meta property=\"article:published_time\" content=\"2021-08-12T04:01:00+00:00\" \/>\n<meta property=\"og:image\" content=\"https:\/\/thepueblatimes.mx\/wp-content\/uploads\/2021\/08\/texmelucan-machete.jpg\" \/>\n\t<meta property=\"og:image:width\" content=\"1084\" \/>\n\t<meta property=\"og:image:height\" content=\"610\" \/>\n\t<meta property=\"og:image:type\" content=\"image\/jpeg\" \/>\n<meta name=\"author\" content=\"Francisco S\u00e1nchez Nolasco\" \/>\n<meta name=\"twitter:card\" content=\"summary_large_image\" \/>\n<meta name=\"twitter:label1\" content=\"Escrito por\" \/>\n\t<meta name=\"twitter:data1\" content=\"Francisco S\u00e1nchez Nolasco\" \/>\n\t<meta name=\"twitter:label2\" content=\"Tiempo de lectura\" \/>\n\t<meta name=\"twitter:data2\" content=\"1 minuto\" \/>\n<script type=\"application\/ld+json\" class=\"yoast-schema-graph\">{\"@context\":\"https:\/\/schema.org\",\"@graph\":[{\"@type\":\"WebPage\",\"@id\":\"https:\/\/thepueblatimes.mx\/index.php\/2021\/08\/11\/lo-lesiono-en-el-brazo-con-un-machete-en-texmelucan\/\",\"url\":\"https:\/\/thepueblatimes.mx\/index.php\/2021\/08\/11\/lo-lesiono-en-el-brazo-con-un-machete-en-texmelucan\/\",\"name\":\"Lo lesion\u00f3 en el brazo con un machete en Texmelucan - The Puebla Times\",\"isPartOf\":{\"@id\":\"https:\/\/thepueblatimes.mx\/#website\"},\"datePublished\":\"2021-08-12T04:01:00+00:00\",\"dateModified\":\"2021-08-12T04:01:00+00:00\",\"author\":{\"@id\":\"https:\/\/thepueblatimes.mx\/#\/schema\/person\/7bdf2adbc50078b104bba72b5612f774\"},\"breadcrumb\":{\"@id\":\"https:\/\/thepueblatimes.mx\/index.php\/2021\/08\/11\/lo-lesiono-en-el-brazo-con-un-machete-en-texmelucan\/#breadcrumb\"},\"inLanguage\":\"es\",\"potentialAction\":[{\"@type\":\"ReadAction\",\"target\":[\"https:\/\/thepueblatimes.mx\/index.php\/2021\/08\/11\/lo-lesiono-en-el-brazo-con-un-machete-en-texmelucan\/\"]}]},{\"@type\":\"BreadcrumbList\",\"@id\":\"https:\/\/thepueblatimes.mx\/index.php\/2021\/08\/11\/lo-lesiono-en-el-brazo-con-un-machete-en-texmelucan\/#breadcrumb\",\"itemListElement\":[{\"@type\":\"ListItem\",\"position\":1,\"name\":\"Portada\",\"item\":\"https:\/\/thepueblatimes.mx\/\"},{\"@type\":\"ListItem\",\"position\":2,\"name\":\"Lo lesion\u00f3 en el brazo con un machete en Texmelucan\"}]},{\"@type\":\"WebSite\",\"@id\":\"https:\/\/thepueblatimes.mx\/#website\",\"url\":\"https:\/\/thepueblatimes.mx\/\",\"name\":\"The Puebla Times\",\"description\":\"Noticias del Estado de Puebla\",\"potentialAction\":[{\"@type\":\"SearchAction\",\"target\":{\"@type\":\"EntryPoint\",\"urlTemplate\":\"https:\/\/thepueblatimes.mx\/?s={search_term_string}\"},\"query-input\":\"required name=search_term_string\"}],\"inLanguage\":\"es\"},{\"@type\":\"Person\",\"@id\":\"https:\/\/thepueblatimes.mx\/#\/schema\/person\/7bdf2adbc50078b104bba72b5612f774\",\"name\":\"Francisco S\u00e1nchez Nolasco\",\"image\":{\"@type\":\"ImageObject\",\"inLanguage\":\"es\",\"@id\":\"https:\/\/thepueblatimes.mx\/#\/schema\/person\/image\/\",\"url\":\"https:\/\/secure.gravatar.com\/avatar\/6061d7d20b38bc2742a5218401b198d2?s=96&d=mm&r=g\",\"contentUrl\":\"https:\/\/secure.gravatar.com\/avatar\/6061d7d20b38bc2742a5218401b198d2?s=96&d=mm&r=g\",\"caption\":\"Francisco S\u00e1nchez Nolasco\"},\"url\":\"https:\/\/thepueblatimes.mx\/index.php\/author\/marianitha-reyes\/\"}]}<\/script>\n<!-- \/ Yoast SEO plugin. -->","yoast_head_json":{"title":"Lo lesion\u00f3 en el brazo con un machete en Texmelucan - The Puebla Times","robots":{"index":"index","follow":"follow","max-snippet":"max-snippet:-1","max-image-preview":"max-image-preview:large","max-video-preview":"max-video-preview:-1"},"canonical":"https:\/\/thepueblatimes.mx\/index.php\/2021\/08\/11\/lo-lesiono-en-el-brazo-con-un-machete-en-texmelucan\/","og_locale":"es_ES","og_type":"article","og_title":"Lo lesion\u00f3 en el brazo con un machete en Texmelucan - The Puebla Times","og_description":"San Mart\u00edn Texmelucan, Pue.- Derivado de los datos de prueba aportados por la Fiscal\u00eda General del Estado de Puebla,\u00a0Mart\u00edn Antonio N. fue vinculado a proceso por el delito de lesiones calificadas, con la medida cautelar de prisi\u00f3n preventiva oficiosa. El\u00a029 de julio de 2021 en la colonia Joyas de San Dami\u00e1n del municipio de San...","og_url":"https:\/\/thepueblatimes.mx\/index.php\/2021\/08\/11\/lo-lesiono-en-el-brazo-con-un-machete-en-texmelucan\/","og_site_name":"The Puebla Times","article_published_time":"2021-08-12T04:01:00+00:00","og_image":[{"width":1084,"height":610,"url":"https:\/\/thepueblatimes.mx\/wp-content\/uploads\/2021\/08\/texmelucan-machete.jpg","type":"image\/jpeg"}],"author":"Francisco S\u00e1nchez Nolasco","twitter_card":"summary_large_image","twitter_misc":{"Escrito por":"Francisco S\u00e1nchez Nolasco","Tiempo de lectura":"1 minuto"},"schema":{"@context":"https:\/\/schema.org","@graph":[{"@type":"WebPage","@id":"https:\/\/thepueblatimes.mx\/index.php\/2021\/08\/11\/lo-lesiono-en-el-brazo-con-un-machete-en-texmelucan\/","url":"https:\/\/thepueblatimes.mx\/index.php\/2021\/08\/11\/lo-lesiono-en-el-brazo-con-un-machete-en-texmelucan\/","name":"Lo lesion\u00f3 en el brazo con un machete en Texmelucan - The Puebla Times","isPartOf":{"@id":"https:\/\/thepueblatimes.mx\/#website"},"datePublished":"2021-08-12T04:01:00+00:00","dateModified":"2021-08-12T04:01:00+00:00","author":{"@id":"https:\/\/thepueblatimes.mx\/#\/schema\/person\/7bdf2adbc50078b104bba72b5612f774"},"breadcrumb":{"@id":"https:\/\/thepueblatimes.mx\/index.php\/2021\/08\/11\/lo-lesiono-en-el-brazo-con-un-machete-en-texmelucan\/#breadcrumb"},"inLanguage":"es","potentialAction":[{"@type":"ReadAction","target":["https:\/\/thepueblatimes.mx\/index.php\/2021\/08\/11\/lo-lesiono-en-el-brazo-con-un-machete-en-texmelucan\/"]}]},{"@type":"BreadcrumbList","@id":"https:\/\/thepueblatimes.mx\/index.php\/2021\/08\/11\/lo-lesiono-en-el-brazo-con-un-machete-en-texmelucan\/#breadcrumb","itemListElement":[{"@type":"ListItem","position":1,"name":"Portada","item":"https:\/\/thepueblatimes.mx\/"},{"@type":"ListItem","position":2,"name":"Lo lesion\u00f3 en el brazo con un machete en Texmelucan"}]},{"@type":"WebSite","@id":"https:\/\/thepueblatimes.mx\/#website","url":"https:\/\/thepueblatimes.mx\/","name":"The Puebla Times","description":"Noticias del Estado de Puebla","potentialAction":[{"@type":"SearchAction","target":{"@type":"EntryPoint","urlTemplate":"https:\/\/thepueblatimes.mx\/?s={search_term_string}"},"query-input":"required name=search_term_string"}],"inLanguage":"es"},{"@type":"Person","@id":"https:\/\/thepueblatimes.mx\/#\/schema\/person\/7bdf2adbc50078b104bba72b5612f774","name":"Francisco S\u00e1nchez Nolasco","image":{"@type":"ImageObject","inLanguage":"es","@id":"https:\/\/thepueblatimes.mx\/#\/schema\/person\/image\/","url":"https:\/\/secure.gravatar.com\/avatar\/6061d7d20b38bc2742a5218401b198d2?s=96&d=mm&r=g","contentUrl":"https:\/\/secure.gravatar.com\/avatar\/6061d7d20b38bc2742a5218401b198d2?s=96&d=mm&r=g","caption":"Francisco S\u00e1nchez Nolasco"},"url":"https:\/\/thepueblatimes.mx\/index.php\/author\/marianitha-reyes\/"}]}},"jetpack_featured_media_url":"https:\/\/thepueblatimes.mx\/wp-content\/uploads\/2021\/08\/texmelucan-machete.jpg","_links":{"self":[{"href":"https:\/\/thepueblatimes.mx\/index.php\/wp-json\/wp\/v2\/posts\/15140"}],"collection":[{"href":"https:\/\/thepueblatimes.mx\/index.php\/wp-json\/wp\/v2\/posts"}],"about":[{"href":"https:\/\/thepueblatimes.mx\/index.php\/wp-json\/wp\/v2\/types\/post"}],"author":[{"embeddable":true,"href":"https:\/\/thepueblatimes.mx\/index.php\/wp-json\/wp\/v2\/users\/15"}],"replies":[{"embeddable":true,"href":"https:\/\/thepueblatimes.mx\/index.php\/wp-json\/wp\/v2\/comments?post=15140"}],"version-history":[{"count":1,"href":"https:\/\/thepueblatimes.mx\/index.php\/wp-json\/wp\/v2\/posts\/15140\/revisions"}],"predecessor-version":[{"id":15142,"href":"https:\/\/thepueblatimes.mx\/index.php\/wp-json\/wp\/v2\/posts\/15140\/revisions\/15142"}],"wp:featuredmedia":[{"embeddable":true,"href":"https:\/\/thepueblatimes.mx\/index.php\/wp-json\/wp\/v2\/media\/15141"}],"wp:attachment":[{"href":"https:\/\/thepueblatimes.mx\/index.php\/wp-json\/wp\/v2\/media?parent=15140"}],"wp:term":[{"taxonomy":"category","embeddable":true,"href":"https:\/\/thepueblatimes.mx\/index.php\/wp-json\/wp\/v2\/categories?post=15140"},{"taxonomy":"post_tag","embeddable":true,"href":"https:\/\/thepueblatimes.mx\/index.php\/wp-json\/wp\/v2\/tags?post=15140"}],"curies":[{"name":"wp","href":"https:\/\/api.w.org\/{rel}","templated":true}]}}