{"id":15134,"date":"2021-08-11T22:56:44","date_gmt":"2021-08-12T03:56:44","guid":{"rendered":"https:\/\/thepueblatimes.mx\/?p=15134"},"modified":"2021-08-11T22:56:44","modified_gmt":"2021-08-12T03:56:44","slug":"detienen-a-banda-de-menores-de-edad-que-secuestro-a-mujer-en-atlixco","status":"publish","type":"post","link":"https:\/\/thepueblatimes.mx\/index.php\/2021\/08\/11\/detienen-a-banda-de-menores-de-edad-que-secuestro-a-mujer-en-atlixco\/","title":{"rendered":"Detienen a banda de menores de edad que secuestr\u00f3 a mujer en Atlixco"},"content":{"rendered":"<p>Atlixco, Pue.- En cuesti\u00f3n de instantes,\u00a0<strong>una mujer secuestrada logr\u00f3 lanzar gritos de auxilio hacia el exterior de la casa de seguridad donde se encontraba en la colonia Valle Sur,<\/strong>\u00a0una de las m\u00e1s peligrosas de la ciudad, para finalmente ser liberada.<\/p>\n<p>Los vecinos de esa zona, al sur de la mancha urbana, de inmediato\u00a0<strong>llamaron a la polic\u00eda local que lleg\u00f3 a la calle Plutarco El\u00edas Calles del sitio mencionado.<\/strong><\/p>\n<p>\u201cDe manera inmediata se mont\u00f3 un operativo en coordinaci\u00f3n con la Fiscal\u00eda Especializada en Investigaci\u00f3n de Secuestro y Extorsi\u00f3n de la Fiscal\u00eda General del Estado (FGE)\u00a0<strong>logrando rescatar a la v\u00edctima ilesa<\/strong>\u201d, coment\u00f3 una fuente oficial.<\/p>\n<p>De igual manera se logr\u00f3<strong>\u00a0la detenci\u00f3n de seis hombres involucrados a quienes adem\u00e1s descubrieron envoltorios con metanfetamina y hero\u00edna.<\/strong><\/p>\n<p>Los probables responsables se identificaron como Kevin N., de 14 a\u00f1os de edad; Jos\u00e9 Daniel N., de 22 a\u00f1os; Rub\u00e9n N,. de 21 a\u00f1os de edad; Carlos N., de 17 a\u00f1os de edad; Israel N., de 20 a\u00f1os y Eduardo N. de 27 a\u00f1os de edad.<\/p>\n<p>Todos fueron trasladados a las instalaciones de Comisar\u00eda de Atlixco para realizar los tr\u00e1mites correspondientes y ser puestos a disposici\u00f3n del Agente del Ministerio P\u00fablico (AMP).<\/p>\n","protected":false},"excerpt":{"rendered":"<p>Atlixco, Pue.- En cuesti\u00f3n de instantes,\u00a0una mujer secuestrada logr\u00f3 lanzar gritos de auxilio hacia el exterior de la casa de seguridad donde se encontraba en la colonia Valle Sur,\u00a0una de las m\u00e1s peligrosas de la ciudad, para finalmente ser liberada. Los vecinos de esa zona, al sur de la mancha urbana, de inmediato\u00a0llamaron a la&#8230;<\/p>\n","protected":false},"author":15,"featured_media":15135,"comment_status":"open","ping_status":"open","sticky":false,"template":"","format":"standard","meta":[],"categories":[20],"tags":[49],"yoast_head":"<!-- This site is optimized with the Yoast SEO plugin v20.8 - https:\/\/yoast.com\/wordpress\/plugins\/seo\/ -->\n<title>Detienen a banda de menores de edad que secuestr\u00f3 a mujer en Atlixco - The Puebla Times<\/title>\n<meta name=\"robots\" content=\"index, follow, max-snippet:-1, max-image-preview:large, max-video-preview:-1\" \/>\n<link rel=\"canonical\" href=\"https:\/\/thepueblatimes.mx\/index.php\/2021\/08\/11\/detienen-a-banda-de-menores-de-edad-que-secuestro-a-mujer-en-atlixco\/\" \/>\n<meta property=\"og:locale\" content=\"es_ES\" \/>\n<meta property=\"og:type\" content=\"article\" \/>\n<meta property=\"og:title\" content=\"Detienen a banda de menores de edad que secuestr\u00f3 a mujer en Atlixco - The Puebla Times\" \/>\n<meta property=\"og:description\" content=\"Atlixco, Pue.- En cuesti\u00f3n de instantes,\u00a0una mujer secuestrada logr\u00f3 lanzar gritos de auxilio hacia el exterior de la casa de seguridad donde se encontraba en la colonia Valle Sur,\u00a0una de las m\u00e1s peligrosas de la ciudad, para finalmente ser liberada. Los vecinos de esa zona, al sur de la mancha urbana, de inmediato\u00a0llamaron a la...\" \/>\n<meta property=\"og:url\" content=\"https:\/\/thepueblatimes.mx\/index.php\/2021\/08\/11\/detienen-a-banda-de-menores-de-edad-que-secuestro-a-mujer-en-atlixco\/\" \/>\n<meta property=\"og:site_name\" content=\"The Puebla Times\" \/>\n<meta property=\"article:published_time\" content=\"2021-08-12T03:56:44+00:00\" \/>\n<meta property=\"og:image\" content=\"https:\/\/thepueblatimes.mx\/wp-content\/uploads\/2021\/08\/secuestrada34.png\" \/>\n\t<meta property=\"og:image:width\" content=\"650\" \/>\n\t<meta property=\"og:image:height\" content=\"401\" \/>\n\t<meta property=\"og:image:type\" content=\"image\/png\" \/>\n<meta name=\"author\" content=\"Francisco S\u00e1nchez Nolasco\" \/>\n<meta name=\"twitter:card\" content=\"summary_large_image\" \/>\n<meta name=\"twitter:label1\" content=\"Escrito por\" \/>\n\t<meta name=\"twitter:data1\" content=\"Francisco S\u00e1nchez Nolasco\" \/>\n\t<meta name=\"twitter:label2\" content=\"Tiempo de lectura\" \/>\n\t<meta name=\"twitter:data2\" content=\"1 minuto\" \/>\n<script type=\"application\/ld+json\" class=\"yoast-schema-graph\">{\"@context\":\"https:\/\/schema.org\",\"@graph\":[{\"@type\":\"WebPage\",\"@id\":\"https:\/\/thepueblatimes.mx\/index.php\/2021\/08\/11\/detienen-a-banda-de-menores-de-edad-que-secuestro-a-mujer-en-atlixco\/\",\"url\":\"https:\/\/thepueblatimes.mx\/index.php\/2021\/08\/11\/detienen-a-banda-de-menores-de-edad-que-secuestro-a-mujer-en-atlixco\/\",\"name\":\"Detienen a banda de menores de edad que secuestr\u00f3 a mujer en Atlixco - The Puebla Times\",\"isPartOf\":{\"@id\":\"https:\/\/thepueblatimes.mx\/#website\"},\"datePublished\":\"2021-08-12T03:56:44+00:00\",\"dateModified\":\"2021-08-12T03:56:44+00:00\",\"author\":{\"@id\":\"https:\/\/thepueblatimes.mx\/#\/schema\/person\/7bdf2adbc50078b104bba72b5612f774\"},\"breadcrumb\":{\"@id\":\"https:\/\/thepueblatimes.mx\/index.php\/2021\/08\/11\/detienen-a-banda-de-menores-de-edad-que-secuestro-a-mujer-en-atlixco\/#breadcrumb\"},\"inLanguage\":\"es\",\"potentialAction\":[{\"@type\":\"ReadAction\",\"target\":[\"https:\/\/thepueblatimes.mx\/index.php\/2021\/08\/11\/detienen-a-banda-de-menores-de-edad-que-secuestro-a-mujer-en-atlixco\/\"]}]},{\"@type\":\"BreadcrumbList\",\"@id\":\"https:\/\/thepueblatimes.mx\/index.php\/2021\/08\/11\/detienen-a-banda-de-menores-de-edad-que-secuestro-a-mujer-en-atlixco\/#breadcrumb\",\"itemListElement\":[{\"@type\":\"ListItem\",\"position\":1,\"name\":\"Portada\",\"item\":\"https:\/\/thepueblatimes.mx\/\"},{\"@type\":\"ListItem\",\"position\":2,\"name\":\"Detienen a banda de menores de edad que secuestr\u00f3 a mujer en Atlixco\"}]},{\"@type\":\"WebSite\",\"@id\":\"https:\/\/thepueblatimes.mx\/#website\",\"url\":\"https:\/\/thepueblatimes.mx\/\",\"name\":\"The Puebla Times\",\"description\":\"Noticias del Estado de Puebla\",\"potentialAction\":[{\"@type\":\"SearchAction\",\"target\":{\"@type\":\"EntryPoint\",\"urlTemplate\":\"https:\/\/thepueblatimes.mx\/?s={search_term_string}\"},\"query-input\":\"required name=search_term_string\"}],\"inLanguage\":\"es\"},{\"@type\":\"Person\",\"@id\":\"https:\/\/thepueblatimes.mx\/#\/schema\/person\/7bdf2adbc50078b104bba72b5612f774\",\"name\":\"Francisco S\u00e1nchez Nolasco\",\"image\":{\"@type\":\"ImageObject\",\"inLanguage\":\"es\",\"@id\":\"https:\/\/thepueblatimes.mx\/#\/schema\/person\/image\/\",\"url\":\"https:\/\/secure.gravatar.com\/avatar\/6061d7d20b38bc2742a5218401b198d2?s=96&d=mm&r=g\",\"contentUrl\":\"https:\/\/secure.gravatar.com\/avatar\/6061d7d20b38bc2742a5218401b198d2?s=96&d=mm&r=g\",\"caption\":\"Francisco S\u00e1nchez Nolasco\"},\"url\":\"https:\/\/thepueblatimes.mx\/index.php\/author\/marianitha-reyes\/\"}]}<\/script>\n<!-- \/ Yoast SEO plugin. -->","yoast_head_json":{"title":"Detienen a banda de menores de edad que secuestr\u00f3 a mujer en Atlixco - The Puebla Times","robots":{"index":"index","follow":"follow","max-snippet":"max-snippet:-1","max-image-preview":"max-image-preview:large","max-video-preview":"max-video-preview:-1"},"canonical":"https:\/\/thepueblatimes.mx\/index.php\/2021\/08\/11\/detienen-a-banda-de-menores-de-edad-que-secuestro-a-mujer-en-atlixco\/","og_locale":"es_ES","og_type":"article","og_title":"Detienen a banda de menores de edad que secuestr\u00f3 a mujer en Atlixco - The Puebla Times","og_description":"Atlixco, Pue.- En cuesti\u00f3n de instantes,\u00a0una mujer secuestrada logr\u00f3 lanzar gritos de auxilio hacia el exterior de la casa de seguridad donde se encontraba en la colonia Valle Sur,\u00a0una de las m\u00e1s peligrosas de la ciudad, para finalmente ser liberada. Los vecinos de esa zona, al sur de la mancha urbana, de inmediato\u00a0llamaron a la...","og_url":"https:\/\/thepueblatimes.mx\/index.php\/2021\/08\/11\/detienen-a-banda-de-menores-de-edad-que-secuestro-a-mujer-en-atlixco\/","og_site_name":"The Puebla Times","article_published_time":"2021-08-12T03:56:44+00:00","og_image":[{"width":650,"height":401,"url":"https:\/\/thepueblatimes.mx\/wp-content\/uploads\/2021\/08\/secuestrada34.png","type":"image\/png"}],"author":"Francisco S\u00e1nchez Nolasco","twitter_card":"summary_large_image","twitter_misc":{"Escrito por":"Francisco S\u00e1nchez Nolasco","Tiempo de lectura":"1 minuto"},"schema":{"@context":"https:\/\/schema.org","@graph":[{"@type":"WebPage","@id":"https:\/\/thepueblatimes.mx\/index.php\/2021\/08\/11\/detienen-a-banda-de-menores-de-edad-que-secuestro-a-mujer-en-atlixco\/","url":"https:\/\/thepueblatimes.mx\/index.php\/2021\/08\/11\/detienen-a-banda-de-menores-de-edad-que-secuestro-a-mujer-en-atlixco\/","name":"Detienen a banda de menores de edad que secuestr\u00f3 a mujer en Atlixco - The Puebla Times","isPartOf":{"@id":"https:\/\/thepueblatimes.mx\/#website"},"datePublished":"2021-08-12T03:56:44+00:00","dateModified":"2021-08-12T03:56:44+00:00","author":{"@id":"https:\/\/thepueblatimes.mx\/#\/schema\/person\/7bdf2adbc50078b104bba72b5612f774"},"breadcrumb":{"@id":"https:\/\/thepueblatimes.mx\/index.php\/2021\/08\/11\/detienen-a-banda-de-menores-de-edad-que-secuestro-a-mujer-en-atlixco\/#breadcrumb"},"inLanguage":"es","potentialAction":[{"@type":"ReadAction","target":["https:\/\/thepueblatimes.mx\/index.php\/2021\/08\/11\/detienen-a-banda-de-menores-de-edad-que-secuestro-a-mujer-en-atlixco\/"]}]},{"@type":"BreadcrumbList","@id":"https:\/\/thepueblatimes.mx\/index.php\/2021\/08\/11\/detienen-a-banda-de-menores-de-edad-que-secuestro-a-mujer-en-atlixco\/#breadcrumb","itemListElement":[{"@type":"ListItem","position":1,"name":"Portada","item":"https:\/\/thepueblatimes.mx\/"},{"@type":"ListItem","position":2,"name":"Detienen a banda de menores de edad que secuestr\u00f3 a mujer en Atlixco"}]},{"@type":"WebSite","@id":"https:\/\/thepueblatimes.mx\/#website","url":"https:\/\/thepueblatimes.mx\/","name":"The Puebla Times","description":"Noticias del Estado de Puebla","potentialAction":[{"@type":"SearchAction","target":{"@type":"EntryPoint","urlTemplate":"https:\/\/thepueblatimes.mx\/?s={search_term_string}"},"query-input":"required name=search_term_string"}],"inLanguage":"es"},{"@type":"Person","@id":"https:\/\/thepueblatimes.mx\/#\/schema\/person\/7bdf2adbc50078b104bba72b5612f774","name":"Francisco S\u00e1nchez Nolasco","image":{"@type":"ImageObject","inLanguage":"es","@id":"https:\/\/thepueblatimes.mx\/#\/schema\/person\/image\/","url":"https:\/\/secure.gravatar.com\/avatar\/6061d7d20b38bc2742a5218401b198d2?s=96&d=mm&r=g","contentUrl":"https:\/\/secure.gravatar.com\/avatar\/6061d7d20b38bc2742a5218401b198d2?s=96&d=mm&r=g","caption":"Francisco S\u00e1nchez Nolasco"},"url":"https:\/\/thepueblatimes.mx\/index.php\/author\/marianitha-reyes\/"}]}},"jetpack_featured_media_url":"https:\/\/thepueblatimes.mx\/wp-content\/uploads\/2021\/08\/secuestrada34.png","_links":{"self":[{"href":"https:\/\/thepueblatimes.mx\/index.php\/wp-json\/wp\/v2\/posts\/15134"}],"collection":[{"href":"https:\/\/thepueblatimes.mx\/index.php\/wp-json\/wp\/v2\/posts"}],"about":[{"href":"https:\/\/thepueblatimes.mx\/index.php\/wp-json\/wp\/v2\/types\/post"}],"author":[{"embeddable":true,"href":"https:\/\/thepueblatimes.mx\/index.php\/wp-json\/wp\/v2\/users\/15"}],"replies":[{"embeddable":true,"href":"https:\/\/thepueblatimes.mx\/index.php\/wp-json\/wp\/v2\/comments?post=15134"}],"version-history":[{"count":1,"href":"https:\/\/thepueblatimes.mx\/index.php\/wp-json\/wp\/v2\/posts\/15134\/revisions"}],"predecessor-version":[{"id":15136,"href":"https:\/\/thepueblatimes.mx\/index.php\/wp-json\/wp\/v2\/posts\/15134\/revisions\/15136"}],"wp:featuredmedia":[{"embeddable":true,"href":"https:\/\/thepueblatimes.mx\/index.php\/wp-json\/wp\/v2\/media\/15135"}],"wp:attachment":[{"href":"https:\/\/thepueblatimes.mx\/index.php\/wp-json\/wp\/v2\/media?parent=15134"}],"wp:term":[{"taxonomy":"category","embeddable":true,"href":"https:\/\/thepueblatimes.mx\/index.php\/wp-json\/wp\/v2\/categories?post=15134"},{"taxonomy":"post_tag","embeddable":true,"href":"https:\/\/thepueblatimes.mx\/index.php\/wp-json\/wp\/v2\/tags?post=15134"}],"curies":[{"name":"wp","href":"https:\/\/api.w.org\/{rel}","templated":true}]}}