{"id":15125,"date":"2021-08-11T22:48:37","date_gmt":"2021-08-12T03:48:37","guid":{"rendered":"https:\/\/thepueblatimes.mx\/?p=15125"},"modified":"2021-08-11T22:48:37","modified_gmt":"2021-08-12T03:48:37","slug":"conductor-ebrio-se-mata-tras-volcar-su-auto-en-amozoc","status":"publish","type":"post","link":"https:\/\/thepueblatimes.mx\/index.php\/2021\/08\/11\/conductor-ebrio-se-mata-tras-volcar-su-auto-en-amozoc\/","title":{"rendered":"Conductor ebrio se mata tras volcar su auto en Amozoc"},"content":{"rendered":"<p>Amozoc, Pue.-\u00a0<strong>La madrugada de este mi\u00e9rcoles un fuerte accidente en Amozoc dej\u00f3 como saldo una persona muerta<\/strong>\u00a0luego de que\u00a0<strong>volcar\u00e1 la unidad en que viajaba.<\/strong><\/p>\n<p>Los hechos se presentaron alrededor de las 03:20 horas sobre el bulevar Puebla-Amozoc, a la altura de la colonia Las \u00c1nimas, luego de que el conductor de un autom\u00f3vil al viajar a exceso de velocidad, volc\u00f3 a la altura de la gasolinera.<\/p>\n<p>Hasta el momento se desconocen la causa principal del accidente, sin embargo al parecer el conductor viajaba bajo los influjos del alcohol.<\/p>\n<p>Elementos de tr\u00e1nsito municipal de Amozoc llegaron al lugar para abanderar la zona, mientras que elementos del MP levantaron el cuerpo del hoy occiso.<\/p>\n","protected":false},"excerpt":{"rendered":"<p>Amozoc, Pue.-\u00a0La madrugada de este mi\u00e9rcoles un fuerte accidente en Amozoc dej\u00f3 como saldo una persona muerta\u00a0luego de que\u00a0volcar\u00e1 la unidad en que viajaba. Los hechos se presentaron alrededor de las 03:20 horas sobre el bulevar Puebla-Amozoc, a la altura de la colonia Las \u00c1nimas, luego de que el conductor de un autom\u00f3vil al viajar&#8230;<\/p>\n","protected":false},"author":15,"featured_media":15126,"comment_status":"open","ping_status":"open","sticky":false,"template":"","format":"standard","meta":[],"categories":[20],"tags":[49],"yoast_head":"<!-- This site is optimized with the Yoast SEO plugin v20.8 - https:\/\/yoast.com\/wordpress\/plugins\/seo\/ -->\n<title>Conductor ebrio se mata tras volcar su auto en Amozoc - The Puebla Times<\/title>\n<meta name=\"robots\" content=\"index, follow, max-snippet:-1, max-image-preview:large, max-video-preview:-1\" \/>\n<link rel=\"canonical\" href=\"https:\/\/thepueblatimes.mx\/index.php\/2021\/08\/11\/conductor-ebrio-se-mata-tras-volcar-su-auto-en-amozoc\/\" \/>\n<meta property=\"og:locale\" content=\"es_ES\" \/>\n<meta property=\"og:type\" content=\"article\" \/>\n<meta property=\"og:title\" content=\"Conductor ebrio se mata tras volcar su auto en Amozoc - The Puebla Times\" \/>\n<meta property=\"og:description\" content=\"Amozoc, Pue.-\u00a0La madrugada de este mi\u00e9rcoles un fuerte accidente en Amozoc dej\u00f3 como saldo una persona muerta\u00a0luego de que\u00a0volcar\u00e1 la unidad en que viajaba. Los hechos se presentaron alrededor de las 03:20 horas sobre el bulevar Puebla-Amozoc, a la altura de la colonia Las \u00c1nimas, luego de que el conductor de un autom\u00f3vil al viajar...\" \/>\n<meta property=\"og:url\" content=\"https:\/\/thepueblatimes.mx\/index.php\/2021\/08\/11\/conductor-ebrio-se-mata-tras-volcar-su-auto-en-amozoc\/\" \/>\n<meta property=\"og:site_name\" content=\"The Puebla Times\" \/>\n<meta property=\"article:published_time\" content=\"2021-08-12T03:48:37+00:00\" \/>\n<meta property=\"og:image\" content=\"https:\/\/thepueblatimes.mx\/wp-content\/uploads\/2021\/08\/volcado_amozoc.jpg\" \/>\n\t<meta property=\"og:image:width\" content=\"650\" \/>\n\t<meta property=\"og:image:height\" content=\"464\" \/>\n\t<meta property=\"og:image:type\" content=\"image\/jpeg\" \/>\n<meta name=\"author\" content=\"Francisco S\u00e1nchez Nolasco\" \/>\n<meta name=\"twitter:card\" content=\"summary_large_image\" \/>\n<meta name=\"twitter:label1\" content=\"Escrito por\" \/>\n\t<meta name=\"twitter:data1\" content=\"Francisco S\u00e1nchez Nolasco\" \/>\n\t<meta name=\"twitter:label2\" content=\"Tiempo de lectura\" \/>\n\t<meta name=\"twitter:data2\" content=\"1 minuto\" \/>\n<script type=\"application\/ld+json\" class=\"yoast-schema-graph\">{\"@context\":\"https:\/\/schema.org\",\"@graph\":[{\"@type\":\"WebPage\",\"@id\":\"https:\/\/thepueblatimes.mx\/index.php\/2021\/08\/11\/conductor-ebrio-se-mata-tras-volcar-su-auto-en-amozoc\/\",\"url\":\"https:\/\/thepueblatimes.mx\/index.php\/2021\/08\/11\/conductor-ebrio-se-mata-tras-volcar-su-auto-en-amozoc\/\",\"name\":\"Conductor ebrio se mata tras volcar su auto en Amozoc - The Puebla Times\",\"isPartOf\":{\"@id\":\"https:\/\/thepueblatimes.mx\/#website\"},\"datePublished\":\"2021-08-12T03:48:37+00:00\",\"dateModified\":\"2021-08-12T03:48:37+00:00\",\"author\":{\"@id\":\"https:\/\/thepueblatimes.mx\/#\/schema\/person\/7bdf2adbc50078b104bba72b5612f774\"},\"breadcrumb\":{\"@id\":\"https:\/\/thepueblatimes.mx\/index.php\/2021\/08\/11\/conductor-ebrio-se-mata-tras-volcar-su-auto-en-amozoc\/#breadcrumb\"},\"inLanguage\":\"es\",\"potentialAction\":[{\"@type\":\"ReadAction\",\"target\":[\"https:\/\/thepueblatimes.mx\/index.php\/2021\/08\/11\/conductor-ebrio-se-mata-tras-volcar-su-auto-en-amozoc\/\"]}]},{\"@type\":\"BreadcrumbList\",\"@id\":\"https:\/\/thepueblatimes.mx\/index.php\/2021\/08\/11\/conductor-ebrio-se-mata-tras-volcar-su-auto-en-amozoc\/#breadcrumb\",\"itemListElement\":[{\"@type\":\"ListItem\",\"position\":1,\"name\":\"Portada\",\"item\":\"https:\/\/thepueblatimes.mx\/\"},{\"@type\":\"ListItem\",\"position\":2,\"name\":\"Conductor ebrio se mata tras volcar su auto en Amozoc\"}]},{\"@type\":\"WebSite\",\"@id\":\"https:\/\/thepueblatimes.mx\/#website\",\"url\":\"https:\/\/thepueblatimes.mx\/\",\"name\":\"The Puebla Times\",\"description\":\"Noticias del Estado de Puebla\",\"potentialAction\":[{\"@type\":\"SearchAction\",\"target\":{\"@type\":\"EntryPoint\",\"urlTemplate\":\"https:\/\/thepueblatimes.mx\/?s={search_term_string}\"},\"query-input\":\"required name=search_term_string\"}],\"inLanguage\":\"es\"},{\"@type\":\"Person\",\"@id\":\"https:\/\/thepueblatimes.mx\/#\/schema\/person\/7bdf2adbc50078b104bba72b5612f774\",\"name\":\"Francisco S\u00e1nchez Nolasco\",\"image\":{\"@type\":\"ImageObject\",\"inLanguage\":\"es\",\"@id\":\"https:\/\/thepueblatimes.mx\/#\/schema\/person\/image\/\",\"url\":\"https:\/\/secure.gravatar.com\/avatar\/6061d7d20b38bc2742a5218401b198d2?s=96&d=mm&r=g\",\"contentUrl\":\"https:\/\/secure.gravatar.com\/avatar\/6061d7d20b38bc2742a5218401b198d2?s=96&d=mm&r=g\",\"caption\":\"Francisco S\u00e1nchez Nolasco\"},\"url\":\"https:\/\/thepueblatimes.mx\/index.php\/author\/marianitha-reyes\/\"}]}<\/script>\n<!-- \/ Yoast SEO plugin. -->","yoast_head_json":{"title":"Conductor ebrio se mata tras volcar su auto en Amozoc - The Puebla Times","robots":{"index":"index","follow":"follow","max-snippet":"max-snippet:-1","max-image-preview":"max-image-preview:large","max-video-preview":"max-video-preview:-1"},"canonical":"https:\/\/thepueblatimes.mx\/index.php\/2021\/08\/11\/conductor-ebrio-se-mata-tras-volcar-su-auto-en-amozoc\/","og_locale":"es_ES","og_type":"article","og_title":"Conductor ebrio se mata tras volcar su auto en Amozoc - The Puebla Times","og_description":"Amozoc, Pue.-\u00a0La madrugada de este mi\u00e9rcoles un fuerte accidente en Amozoc dej\u00f3 como saldo una persona muerta\u00a0luego de que\u00a0volcar\u00e1 la unidad en que viajaba. Los hechos se presentaron alrededor de las 03:20 horas sobre el bulevar Puebla-Amozoc, a la altura de la colonia Las \u00c1nimas, luego de que el conductor de un autom\u00f3vil al viajar...","og_url":"https:\/\/thepueblatimes.mx\/index.php\/2021\/08\/11\/conductor-ebrio-se-mata-tras-volcar-su-auto-en-amozoc\/","og_site_name":"The Puebla Times","article_published_time":"2021-08-12T03:48:37+00:00","og_image":[{"width":650,"height":464,"url":"https:\/\/thepueblatimes.mx\/wp-content\/uploads\/2021\/08\/volcado_amozoc.jpg","type":"image\/jpeg"}],"author":"Francisco S\u00e1nchez Nolasco","twitter_card":"summary_large_image","twitter_misc":{"Escrito por":"Francisco S\u00e1nchez Nolasco","Tiempo de lectura":"1 minuto"},"schema":{"@context":"https:\/\/schema.org","@graph":[{"@type":"WebPage","@id":"https:\/\/thepueblatimes.mx\/index.php\/2021\/08\/11\/conductor-ebrio-se-mata-tras-volcar-su-auto-en-amozoc\/","url":"https:\/\/thepueblatimes.mx\/index.php\/2021\/08\/11\/conductor-ebrio-se-mata-tras-volcar-su-auto-en-amozoc\/","name":"Conductor ebrio se mata tras volcar su auto en Amozoc - The Puebla Times","isPartOf":{"@id":"https:\/\/thepueblatimes.mx\/#website"},"datePublished":"2021-08-12T03:48:37+00:00","dateModified":"2021-08-12T03:48:37+00:00","author":{"@id":"https:\/\/thepueblatimes.mx\/#\/schema\/person\/7bdf2adbc50078b104bba72b5612f774"},"breadcrumb":{"@id":"https:\/\/thepueblatimes.mx\/index.php\/2021\/08\/11\/conductor-ebrio-se-mata-tras-volcar-su-auto-en-amozoc\/#breadcrumb"},"inLanguage":"es","potentialAction":[{"@type":"ReadAction","target":["https:\/\/thepueblatimes.mx\/index.php\/2021\/08\/11\/conductor-ebrio-se-mata-tras-volcar-su-auto-en-amozoc\/"]}]},{"@type":"BreadcrumbList","@id":"https:\/\/thepueblatimes.mx\/index.php\/2021\/08\/11\/conductor-ebrio-se-mata-tras-volcar-su-auto-en-amozoc\/#breadcrumb","itemListElement":[{"@type":"ListItem","position":1,"name":"Portada","item":"https:\/\/thepueblatimes.mx\/"},{"@type":"ListItem","position":2,"name":"Conductor ebrio se mata tras volcar su auto en Amozoc"}]},{"@type":"WebSite","@id":"https:\/\/thepueblatimes.mx\/#website","url":"https:\/\/thepueblatimes.mx\/","name":"The Puebla Times","description":"Noticias del Estado de Puebla","potentialAction":[{"@type":"SearchAction","target":{"@type":"EntryPoint","urlTemplate":"https:\/\/thepueblatimes.mx\/?s={search_term_string}"},"query-input":"required name=search_term_string"}],"inLanguage":"es"},{"@type":"Person","@id":"https:\/\/thepueblatimes.mx\/#\/schema\/person\/7bdf2adbc50078b104bba72b5612f774","name":"Francisco S\u00e1nchez Nolasco","image":{"@type":"ImageObject","inLanguage":"es","@id":"https:\/\/thepueblatimes.mx\/#\/schema\/person\/image\/","url":"https:\/\/secure.gravatar.com\/avatar\/6061d7d20b38bc2742a5218401b198d2?s=96&d=mm&r=g","contentUrl":"https:\/\/secure.gravatar.com\/avatar\/6061d7d20b38bc2742a5218401b198d2?s=96&d=mm&r=g","caption":"Francisco S\u00e1nchez Nolasco"},"url":"https:\/\/thepueblatimes.mx\/index.php\/author\/marianitha-reyes\/"}]}},"jetpack_featured_media_url":"https:\/\/thepueblatimes.mx\/wp-content\/uploads\/2021\/08\/volcado_amozoc.jpg","_links":{"self":[{"href":"https:\/\/thepueblatimes.mx\/index.php\/wp-json\/wp\/v2\/posts\/15125"}],"collection":[{"href":"https:\/\/thepueblatimes.mx\/index.php\/wp-json\/wp\/v2\/posts"}],"about":[{"href":"https:\/\/thepueblatimes.mx\/index.php\/wp-json\/wp\/v2\/types\/post"}],"author":[{"embeddable":true,"href":"https:\/\/thepueblatimes.mx\/index.php\/wp-json\/wp\/v2\/users\/15"}],"replies":[{"embeddable":true,"href":"https:\/\/thepueblatimes.mx\/index.php\/wp-json\/wp\/v2\/comments?post=15125"}],"version-history":[{"count":1,"href":"https:\/\/thepueblatimes.mx\/index.php\/wp-json\/wp\/v2\/posts\/15125\/revisions"}],"predecessor-version":[{"id":15127,"href":"https:\/\/thepueblatimes.mx\/index.php\/wp-json\/wp\/v2\/posts\/15125\/revisions\/15127"}],"wp:featuredmedia":[{"embeddable":true,"href":"https:\/\/thepueblatimes.mx\/index.php\/wp-json\/wp\/v2\/media\/15126"}],"wp:attachment":[{"href":"https:\/\/thepueblatimes.mx\/index.php\/wp-json\/wp\/v2\/media?parent=15125"}],"wp:term":[{"taxonomy":"category","embeddable":true,"href":"https:\/\/thepueblatimes.mx\/index.php\/wp-json\/wp\/v2\/categories?post=15125"},{"taxonomy":"post_tag","embeddable":true,"href":"https:\/\/thepueblatimes.mx\/index.php\/wp-json\/wp\/v2\/tags?post=15125"}],"curies":[{"name":"wp","href":"https:\/\/api.w.org\/{rel}","templated":true}]}}