{"id":15116,"date":"2021-08-09T23:54:44","date_gmt":"2021-08-10T04:54:44","guid":{"rendered":"https:\/\/thepueblatimes.mx\/?p=15116"},"modified":"2021-08-09T23:54:44","modified_gmt":"2021-08-10T04:54:44","slug":"saris-tenia-26-anos-cuando-desaparecio-y-a-cuatro-anos-su-familia-la-busca","status":"publish","type":"post","link":"https:\/\/thepueblatimes.mx\/index.php\/2021\/08\/09\/saris-tenia-26-anos-cuando-desaparecio-y-a-cuatro-anos-su-familia-la-busca\/","title":{"rendered":"\u201cSaris\u201d ten\u00eda 26 a\u00f1os cuando desapareci\u00f3 y a cuatro a\u00f1os su familia la busca"},"content":{"rendered":"<p>Tehuac\u00e1n, Pue. Mar\u00eda Guadalupe no pierde la esperanza de localizar a su hija <b>Sara\u00ed \u00c1vila Arellano<\/b>, quien este 2 de agosto cumpli\u00f3 cuatro a\u00f1os de ser reportada como desaparecida; las autoridades han brillado por su ausencia ante este caso, denuncian los familiares.<\/p>\n<p><b>\u201cSaris\u201d<\/b>, como le llamaba su mam\u00e1, ten\u00eda 26 a\u00f1os cuando desapareci\u00f3 y para este 2021 estar\u00eda cumpliendo 31 a\u00f1os, sin embargo, pareciera \u201cque la tierra se la trag\u00f3\u201d y es que su mam\u00e1 junto con sus familiares han participado en diferentes manifestaciones, se han acercado a las autoridades, pero su caso sigue sin ser resuelto.<\/p>\n<p>Es importante puntualizar que la \u00faltima persona que tuvo contacto con la joven fue su pareja, Rodolfo N.<\/p>\n<article class=\"local_estado\nmedia col-md-4 inline-story \"><\/p>\n<div class=\"teaser \">\n<p>Luego de la desaparici\u00f3n de la joven, su madre trat\u00f3 de contactar al esposo pero no tuvo \u00e9xito, as\u00ed que habl\u00f3 con el padre de Rodolfo, quien explic\u00f3 que el matrimonio que viv\u00eda en <b>Puebla <\/b>viajaba a bordo de su veh\u00edculo con su beb\u00e9, que en ese entonces ten\u00eda dos a\u00f1os de edad, cuando de momento la pareja tuvo una discusi\u00f3n y de acuerdo a esa versi\u00f3n, Sara\u00ed le pidi\u00f3 que la bajara de la unidad y desde ese d\u00eda dejaron de tener contacto con ella.<\/p>\n<p>Posteriormente la familia de Sara\u00ed se acerc\u00f3 a las autoridades en repetidas ocasiones, pero ya han pasado cuatro a\u00f1os y siguen sin saber nada de la joven.<\/p>\n<p>Pese a ello, su mam\u00e1 no pierde la esperanza de volver a reencontrarse con \u201cSaris\u201d; contin\u00faa en la b\u00fasqueda de su hija y sigue exigiendo a las autoridades que hagan algo al respecto.<\/p>\n<p>Cabe se\u00f1alar que la cifra de personas desaparecidas desde el a\u00f1o 2017 que fue la fecha cuando desapareci\u00f3 Sara\u00ed hasta el cierre de este 2021, la entidad poblana ha tenido un reporte de 6 mil 303 personas desaparecidas, de las cuales 204 personas corresponden al municipio de Tehuac\u00e1n; algunos casos se han resuelto, sin embargo, existen muchos como el de Sara\u00ed que siguen sin tener respuestas.<\/p>\n<article class=\"local\nmedia col-md-4 inline-story \"><\/p>\n<div class=\"teaser \"><\/div>\n<\/article>\n<\/div>\n<\/article>\n","protected":false},"excerpt":{"rendered":"<p>Tehuac\u00e1n, Pue. Mar\u00eda Guadalupe no pierde la esperanza de localizar a su hija Sara\u00ed \u00c1vila Arellano, quien este 2 de agosto cumpli\u00f3 cuatro a\u00f1os de ser reportada como desaparecida; las autoridades han brillado por su ausencia ante este caso, denuncian los familiares. \u201cSaris\u201d, como le llamaba su mam\u00e1, ten\u00eda 26 a\u00f1os cuando desapareci\u00f3 y para&#8230;<\/p>\n","protected":false},"author":15,"featured_media":15117,"comment_status":"open","ping_status":"open","sticky":false,"template":"","format":"standard","meta":[],"categories":[20],"tags":[49],"yoast_head":"<!-- This site is optimized with the Yoast SEO plugin v20.8 - https:\/\/yoast.com\/wordpress\/plugins\/seo\/ -->\n<title>\u201cSaris\u201d ten\u00eda 26 a\u00f1os cuando desapareci\u00f3 y a cuatro a\u00f1os su familia la busca - The Puebla Times<\/title>\n<meta name=\"robots\" content=\"index, follow, max-snippet:-1, max-image-preview:large, max-video-preview:-1\" \/>\n<link rel=\"canonical\" href=\"https:\/\/thepueblatimes.mx\/index.php\/2021\/08\/09\/saris-tenia-26-anos-cuando-desaparecio-y-a-cuatro-anos-su-familia-la-busca\/\" \/>\n<meta property=\"og:locale\" content=\"es_ES\" \/>\n<meta property=\"og:type\" content=\"article\" \/>\n<meta property=\"og:title\" content=\"\u201cSaris\u201d ten\u00eda 26 a\u00f1os cuando desapareci\u00f3 y a cuatro a\u00f1os su familia la busca - The Puebla Times\" \/>\n<meta property=\"og:description\" content=\"Tehuac\u00e1n, Pue. Mar\u00eda Guadalupe no pierde la esperanza de localizar a su hija Sara\u00ed \u00c1vila Arellano, quien este 2 de agosto cumpli\u00f3 cuatro a\u00f1os de ser reportada como desaparecida; las autoridades han brillado por su ausencia ante este caso, denuncian los familiares. \u201cSaris\u201d, como le llamaba su mam\u00e1, ten\u00eda 26 a\u00f1os cuando desapareci\u00f3 y para...\" \/>\n<meta property=\"og:url\" content=\"https:\/\/thepueblatimes.mx\/index.php\/2021\/08\/09\/saris-tenia-26-anos-cuando-desaparecio-y-a-cuatro-anos-su-familia-la-busca\/\" \/>\n<meta property=\"og:site_name\" content=\"The Puebla Times\" \/>\n<meta property=\"article:published_time\" content=\"2021-08-10T04:54:44+00:00\" \/>\n<meta property=\"og:image\" content=\"https:\/\/thepueblatimes.mx\/wp-content\/uploads\/2021\/08\/5E5A685A-B3F0-48AB-8795-C27B7E1821DD.png\" \/>\n\t<meta property=\"og:image:width\" content=\"400\" \/>\n\t<meta property=\"og:image:height\" content=\"250\" \/>\n\t<meta property=\"og:image:type\" content=\"image\/png\" \/>\n<meta name=\"author\" content=\"Francisco S\u00e1nchez Nolasco\" \/>\n<meta name=\"twitter:card\" content=\"summary_large_image\" \/>\n<meta name=\"twitter:label1\" content=\"Escrito por\" \/>\n\t<meta name=\"twitter:data1\" content=\"Francisco S\u00e1nchez Nolasco\" \/>\n\t<meta name=\"twitter:label2\" content=\"Tiempo de lectura\" \/>\n\t<meta name=\"twitter:data2\" content=\"2 minutos\" \/>\n<script type=\"application\/ld+json\" class=\"yoast-schema-graph\">{\"@context\":\"https:\/\/schema.org\",\"@graph\":[{\"@type\":\"WebPage\",\"@id\":\"https:\/\/thepueblatimes.mx\/index.php\/2021\/08\/09\/saris-tenia-26-anos-cuando-desaparecio-y-a-cuatro-anos-su-familia-la-busca\/\",\"url\":\"https:\/\/thepueblatimes.mx\/index.php\/2021\/08\/09\/saris-tenia-26-anos-cuando-desaparecio-y-a-cuatro-anos-su-familia-la-busca\/\",\"name\":\"\u201cSaris\u201d ten\u00eda 26 a\u00f1os cuando desapareci\u00f3 y a cuatro a\u00f1os su familia la busca - The Puebla Times\",\"isPartOf\":{\"@id\":\"https:\/\/thepueblatimes.mx\/#website\"},\"datePublished\":\"2021-08-10T04:54:44+00:00\",\"dateModified\":\"2021-08-10T04:54:44+00:00\",\"author\":{\"@id\":\"https:\/\/thepueblatimes.mx\/#\/schema\/person\/7bdf2adbc50078b104bba72b5612f774\"},\"breadcrumb\":{\"@id\":\"https:\/\/thepueblatimes.mx\/index.php\/2021\/08\/09\/saris-tenia-26-anos-cuando-desaparecio-y-a-cuatro-anos-su-familia-la-busca\/#breadcrumb\"},\"inLanguage\":\"es\",\"potentialAction\":[{\"@type\":\"ReadAction\",\"target\":[\"https:\/\/thepueblatimes.mx\/index.php\/2021\/08\/09\/saris-tenia-26-anos-cuando-desaparecio-y-a-cuatro-anos-su-familia-la-busca\/\"]}]},{\"@type\":\"BreadcrumbList\",\"@id\":\"https:\/\/thepueblatimes.mx\/index.php\/2021\/08\/09\/saris-tenia-26-anos-cuando-desaparecio-y-a-cuatro-anos-su-familia-la-busca\/#breadcrumb\",\"itemListElement\":[{\"@type\":\"ListItem\",\"position\":1,\"name\":\"Portada\",\"item\":\"https:\/\/thepueblatimes.mx\/\"},{\"@type\":\"ListItem\",\"position\":2,\"name\":\"\u201cSaris\u201d ten\u00eda 26 a\u00f1os cuando desapareci\u00f3 y a cuatro a\u00f1os su familia la busca\"}]},{\"@type\":\"WebSite\",\"@id\":\"https:\/\/thepueblatimes.mx\/#website\",\"url\":\"https:\/\/thepueblatimes.mx\/\",\"name\":\"The Puebla Times\",\"description\":\"Noticias del Estado de Puebla\",\"potentialAction\":[{\"@type\":\"SearchAction\",\"target\":{\"@type\":\"EntryPoint\",\"urlTemplate\":\"https:\/\/thepueblatimes.mx\/?s={search_term_string}\"},\"query-input\":\"required name=search_term_string\"}],\"inLanguage\":\"es\"},{\"@type\":\"Person\",\"@id\":\"https:\/\/thepueblatimes.mx\/#\/schema\/person\/7bdf2adbc50078b104bba72b5612f774\",\"name\":\"Francisco S\u00e1nchez Nolasco\",\"image\":{\"@type\":\"ImageObject\",\"inLanguage\":\"es\",\"@id\":\"https:\/\/thepueblatimes.mx\/#\/schema\/person\/image\/\",\"url\":\"https:\/\/secure.gravatar.com\/avatar\/6061d7d20b38bc2742a5218401b198d2?s=96&d=mm&r=g\",\"contentUrl\":\"https:\/\/secure.gravatar.com\/avatar\/6061d7d20b38bc2742a5218401b198d2?s=96&d=mm&r=g\",\"caption\":\"Francisco S\u00e1nchez Nolasco\"},\"url\":\"https:\/\/thepueblatimes.mx\/index.php\/author\/marianitha-reyes\/\"}]}<\/script>\n<!-- \/ Yoast SEO plugin. -->","yoast_head_json":{"title":"\u201cSaris\u201d ten\u00eda 26 a\u00f1os cuando desapareci\u00f3 y a cuatro a\u00f1os su familia la busca - The Puebla Times","robots":{"index":"index","follow":"follow","max-snippet":"max-snippet:-1","max-image-preview":"max-image-preview:large","max-video-preview":"max-video-preview:-1"},"canonical":"https:\/\/thepueblatimes.mx\/index.php\/2021\/08\/09\/saris-tenia-26-anos-cuando-desaparecio-y-a-cuatro-anos-su-familia-la-busca\/","og_locale":"es_ES","og_type":"article","og_title":"\u201cSaris\u201d ten\u00eda 26 a\u00f1os cuando desapareci\u00f3 y a cuatro a\u00f1os su familia la busca - The Puebla Times","og_description":"Tehuac\u00e1n, Pue. Mar\u00eda Guadalupe no pierde la esperanza de localizar a su hija Sara\u00ed \u00c1vila Arellano, quien este 2 de agosto cumpli\u00f3 cuatro a\u00f1os de ser reportada como desaparecida; las autoridades han brillado por su ausencia ante este caso, denuncian los familiares. \u201cSaris\u201d, como le llamaba su mam\u00e1, ten\u00eda 26 a\u00f1os cuando desapareci\u00f3 y para...","og_url":"https:\/\/thepueblatimes.mx\/index.php\/2021\/08\/09\/saris-tenia-26-anos-cuando-desaparecio-y-a-cuatro-anos-su-familia-la-busca\/","og_site_name":"The Puebla Times","article_published_time":"2021-08-10T04:54:44+00:00","og_image":[{"width":400,"height":250,"url":"https:\/\/thepueblatimes.mx\/wp-content\/uploads\/2021\/08\/5E5A685A-B3F0-48AB-8795-C27B7E1821DD.png","type":"image\/png"}],"author":"Francisco S\u00e1nchez Nolasco","twitter_card":"summary_large_image","twitter_misc":{"Escrito por":"Francisco S\u00e1nchez Nolasco","Tiempo de lectura":"2 minutos"},"schema":{"@context":"https:\/\/schema.org","@graph":[{"@type":"WebPage","@id":"https:\/\/thepueblatimes.mx\/index.php\/2021\/08\/09\/saris-tenia-26-anos-cuando-desaparecio-y-a-cuatro-anos-su-familia-la-busca\/","url":"https:\/\/thepueblatimes.mx\/index.php\/2021\/08\/09\/saris-tenia-26-anos-cuando-desaparecio-y-a-cuatro-anos-su-familia-la-busca\/","name":"\u201cSaris\u201d ten\u00eda 26 a\u00f1os cuando desapareci\u00f3 y a cuatro a\u00f1os su familia la busca - The Puebla Times","isPartOf":{"@id":"https:\/\/thepueblatimes.mx\/#website"},"datePublished":"2021-08-10T04:54:44+00:00","dateModified":"2021-08-10T04:54:44+00:00","author":{"@id":"https:\/\/thepueblatimes.mx\/#\/schema\/person\/7bdf2adbc50078b104bba72b5612f774"},"breadcrumb":{"@id":"https:\/\/thepueblatimes.mx\/index.php\/2021\/08\/09\/saris-tenia-26-anos-cuando-desaparecio-y-a-cuatro-anos-su-familia-la-busca\/#breadcrumb"},"inLanguage":"es","potentialAction":[{"@type":"ReadAction","target":["https:\/\/thepueblatimes.mx\/index.php\/2021\/08\/09\/saris-tenia-26-anos-cuando-desaparecio-y-a-cuatro-anos-su-familia-la-busca\/"]}]},{"@type":"BreadcrumbList","@id":"https:\/\/thepueblatimes.mx\/index.php\/2021\/08\/09\/saris-tenia-26-anos-cuando-desaparecio-y-a-cuatro-anos-su-familia-la-busca\/#breadcrumb","itemListElement":[{"@type":"ListItem","position":1,"name":"Portada","item":"https:\/\/thepueblatimes.mx\/"},{"@type":"ListItem","position":2,"name":"\u201cSaris\u201d ten\u00eda 26 a\u00f1os cuando desapareci\u00f3 y a cuatro a\u00f1os su familia la busca"}]},{"@type":"WebSite","@id":"https:\/\/thepueblatimes.mx\/#website","url":"https:\/\/thepueblatimes.mx\/","name":"The Puebla Times","description":"Noticias del Estado de Puebla","potentialAction":[{"@type":"SearchAction","target":{"@type":"EntryPoint","urlTemplate":"https:\/\/thepueblatimes.mx\/?s={search_term_string}"},"query-input":"required name=search_term_string"}],"inLanguage":"es"},{"@type":"Person","@id":"https:\/\/thepueblatimes.mx\/#\/schema\/person\/7bdf2adbc50078b104bba72b5612f774","name":"Francisco S\u00e1nchez Nolasco","image":{"@type":"ImageObject","inLanguage":"es","@id":"https:\/\/thepueblatimes.mx\/#\/schema\/person\/image\/","url":"https:\/\/secure.gravatar.com\/avatar\/6061d7d20b38bc2742a5218401b198d2?s=96&d=mm&r=g","contentUrl":"https:\/\/secure.gravatar.com\/avatar\/6061d7d20b38bc2742a5218401b198d2?s=96&d=mm&r=g","caption":"Francisco S\u00e1nchez Nolasco"},"url":"https:\/\/thepueblatimes.mx\/index.php\/author\/marianitha-reyes\/"}]}},"jetpack_featured_media_url":"https:\/\/thepueblatimes.mx\/wp-content\/uploads\/2021\/08\/5E5A685A-B3F0-48AB-8795-C27B7E1821DD.png","_links":{"self":[{"href":"https:\/\/thepueblatimes.mx\/index.php\/wp-json\/wp\/v2\/posts\/15116"}],"collection":[{"href":"https:\/\/thepueblatimes.mx\/index.php\/wp-json\/wp\/v2\/posts"}],"about":[{"href":"https:\/\/thepueblatimes.mx\/index.php\/wp-json\/wp\/v2\/types\/post"}],"author":[{"embeddable":true,"href":"https:\/\/thepueblatimes.mx\/index.php\/wp-json\/wp\/v2\/users\/15"}],"replies":[{"embeddable":true,"href":"https:\/\/thepueblatimes.mx\/index.php\/wp-json\/wp\/v2\/comments?post=15116"}],"version-history":[{"count":1,"href":"https:\/\/thepueblatimes.mx\/index.php\/wp-json\/wp\/v2\/posts\/15116\/revisions"}],"predecessor-version":[{"id":15118,"href":"https:\/\/thepueblatimes.mx\/index.php\/wp-json\/wp\/v2\/posts\/15116\/revisions\/15118"}],"wp:featuredmedia":[{"embeddable":true,"href":"https:\/\/thepueblatimes.mx\/index.php\/wp-json\/wp\/v2\/media\/15117"}],"wp:attachment":[{"href":"https:\/\/thepueblatimes.mx\/index.php\/wp-json\/wp\/v2\/media?parent=15116"}],"wp:term":[{"taxonomy":"category","embeddable":true,"href":"https:\/\/thepueblatimes.mx\/index.php\/wp-json\/wp\/v2\/categories?post=15116"},{"taxonomy":"post_tag","embeddable":true,"href":"https:\/\/thepueblatimes.mx\/index.php\/wp-json\/wp\/v2\/tags?post=15116"}],"curies":[{"name":"wp","href":"https:\/\/api.w.org\/{rel}","templated":true}]}}