{"id":15113,"date":"2021-08-09T23:52:37","date_gmt":"2021-08-10T04:52:37","guid":{"rendered":"https:\/\/thepueblatimes.mx\/?p=15113"},"modified":"2021-08-09T23:52:37","modified_gmt":"2021-08-10T04:52:37","slug":"ofrecen-50-mil-para-reparar-la-muerte-de-monica-iveth","status":"publish","type":"post","link":"https:\/\/thepueblatimes.mx\/index.php\/2021\/08\/09\/ofrecen-50-mil-para-reparar-la-muerte-de-monica-iveth\/","title":{"rendered":"Ofrecen $50 mil para reparar la muerte de M\u00f3nica Iveth"},"content":{"rendered":"<div class=\"content-body clearfix \">\n<div id=\"content-body-225-7056132\">\n<p>Con un pago inicial de 50 mil pesos, es como el acusado de atropellar y matar a una trabajadora de <b>Coppel <\/b>en 2019, pretende llegar a un acuerdo con los dolientes y as\u00ed obtener su libertad; los padres de la v\u00edctima piden a las autoridades correspondientes, que en caso de que as\u00ed se resuelva, se garantice la reparaci\u00f3n del da\u00f1o, pues no solo fue la muerte de su hija sino tambi\u00e9n las lesiones que sufri\u00f3 su peque\u00f1a nieta que tras una reconstrucci\u00f3n de pelvis, ahora requiere de terapias para su recuperaci\u00f3n.<\/p>\n<p>En entrevista a las afueras del Complejo Metropolitano de Seguridad P\u00fablica (C5), los padres de M\u00f3nica Iveth, se\u00f1alaron que este viernes acudieron a una reuni\u00f3n con la agente del Ministerio P\u00fablico que interviene en el caso.<\/p>\n<p>Lejos de encontrar una soluci\u00f3n, indican, solo fueron testigos de la misma actitud por parte de la agente ministerial que les reclam\u00f3 por las declaraciones realizadas de manera reciente, en cuanto al trato que han recibido por parte de ella y de una abogada que tambi\u00e9n lleva el caso.<\/p>\n<\/div>\n<\/div>\n","protected":false},"excerpt":{"rendered":"<p>Con un pago inicial de 50 mil pesos, es como el acusado de atropellar y matar a una trabajadora de Coppel en 2019, pretende llegar a un acuerdo con los dolientes y as\u00ed obtener su libertad; los padres de la v\u00edctima piden a las autoridades correspondientes, que en caso de que as\u00ed se resuelva, se&#8230;<\/p>\n","protected":false},"author":15,"featured_media":15114,"comment_status":"open","ping_status":"open","sticky":false,"template":"","format":"standard","meta":[],"categories":[20],"tags":[49],"yoast_head":"<!-- This site is optimized with the Yoast SEO plugin v20.8 - https:\/\/yoast.com\/wordpress\/plugins\/seo\/ -->\n<title>Ofrecen $50 mil para reparar la muerte de M\u00f3nica Iveth - The Puebla Times<\/title>\n<meta name=\"robots\" content=\"index, follow, max-snippet:-1, max-image-preview:large, max-video-preview:-1\" \/>\n<link rel=\"canonical\" href=\"https:\/\/thepueblatimes.mx\/index.php\/2021\/08\/09\/ofrecen-50-mil-para-reparar-la-muerte-de-monica-iveth\/\" \/>\n<meta property=\"og:locale\" content=\"es_ES\" \/>\n<meta property=\"og:type\" content=\"article\" \/>\n<meta property=\"og:title\" content=\"Ofrecen $50 mil para reparar la muerte de M\u00f3nica Iveth - The Puebla Times\" \/>\n<meta property=\"og:description\" content=\"Con un pago inicial de 50 mil pesos, es como el acusado de atropellar y matar a una trabajadora de Coppel en 2019, pretende llegar a un acuerdo con los dolientes y as\u00ed obtener su libertad; los padres de la v\u00edctima piden a las autoridades correspondientes, que en caso de que as\u00ed se resuelva, se...\" \/>\n<meta property=\"og:url\" content=\"https:\/\/thepueblatimes.mx\/index.php\/2021\/08\/09\/ofrecen-50-mil-para-reparar-la-muerte-de-monica-iveth\/\" \/>\n<meta property=\"og:site_name\" content=\"The Puebla Times\" \/>\n<meta property=\"article:published_time\" content=\"2021-08-10T04:52:37+00:00\" \/>\n<meta property=\"og:image\" content=\"https:\/\/thepueblatimes.mx\/wp-content\/uploads\/2021\/08\/EF519DB6-F8B6-49B7-AE72-F213A02C81A2.png\" \/>\n\t<meta property=\"og:image:width\" content=\"400\" \/>\n\t<meta property=\"og:image:height\" content=\"250\" \/>\n\t<meta property=\"og:image:type\" content=\"image\/png\" \/>\n<meta name=\"author\" content=\"Francisco S\u00e1nchez Nolasco\" \/>\n<meta name=\"twitter:card\" content=\"summary_large_image\" \/>\n<meta name=\"twitter:label1\" content=\"Escrito por\" \/>\n\t<meta name=\"twitter:data1\" content=\"Francisco S\u00e1nchez Nolasco\" \/>\n\t<meta name=\"twitter:label2\" content=\"Tiempo de lectura\" \/>\n\t<meta name=\"twitter:data2\" content=\"1 minuto\" \/>\n<script type=\"application\/ld+json\" class=\"yoast-schema-graph\">{\"@context\":\"https:\/\/schema.org\",\"@graph\":[{\"@type\":\"WebPage\",\"@id\":\"https:\/\/thepueblatimes.mx\/index.php\/2021\/08\/09\/ofrecen-50-mil-para-reparar-la-muerte-de-monica-iveth\/\",\"url\":\"https:\/\/thepueblatimes.mx\/index.php\/2021\/08\/09\/ofrecen-50-mil-para-reparar-la-muerte-de-monica-iveth\/\",\"name\":\"Ofrecen $50 mil para reparar la muerte de M\u00f3nica Iveth - The Puebla Times\",\"isPartOf\":{\"@id\":\"https:\/\/thepueblatimes.mx\/#website\"},\"datePublished\":\"2021-08-10T04:52:37+00:00\",\"dateModified\":\"2021-08-10T04:52:37+00:00\",\"author\":{\"@id\":\"https:\/\/thepueblatimes.mx\/#\/schema\/person\/7bdf2adbc50078b104bba72b5612f774\"},\"breadcrumb\":{\"@id\":\"https:\/\/thepueblatimes.mx\/index.php\/2021\/08\/09\/ofrecen-50-mil-para-reparar-la-muerte-de-monica-iveth\/#breadcrumb\"},\"inLanguage\":\"es\",\"potentialAction\":[{\"@type\":\"ReadAction\",\"target\":[\"https:\/\/thepueblatimes.mx\/index.php\/2021\/08\/09\/ofrecen-50-mil-para-reparar-la-muerte-de-monica-iveth\/\"]}]},{\"@type\":\"BreadcrumbList\",\"@id\":\"https:\/\/thepueblatimes.mx\/index.php\/2021\/08\/09\/ofrecen-50-mil-para-reparar-la-muerte-de-monica-iveth\/#breadcrumb\",\"itemListElement\":[{\"@type\":\"ListItem\",\"position\":1,\"name\":\"Portada\",\"item\":\"https:\/\/thepueblatimes.mx\/\"},{\"@type\":\"ListItem\",\"position\":2,\"name\":\"Ofrecen $50 mil para reparar la muerte de M\u00f3nica Iveth\"}]},{\"@type\":\"WebSite\",\"@id\":\"https:\/\/thepueblatimes.mx\/#website\",\"url\":\"https:\/\/thepueblatimes.mx\/\",\"name\":\"The Puebla Times\",\"description\":\"Noticias del Estado de Puebla\",\"potentialAction\":[{\"@type\":\"SearchAction\",\"target\":{\"@type\":\"EntryPoint\",\"urlTemplate\":\"https:\/\/thepueblatimes.mx\/?s={search_term_string}\"},\"query-input\":\"required name=search_term_string\"}],\"inLanguage\":\"es\"},{\"@type\":\"Person\",\"@id\":\"https:\/\/thepueblatimes.mx\/#\/schema\/person\/7bdf2adbc50078b104bba72b5612f774\",\"name\":\"Francisco S\u00e1nchez Nolasco\",\"image\":{\"@type\":\"ImageObject\",\"inLanguage\":\"es\",\"@id\":\"https:\/\/thepueblatimes.mx\/#\/schema\/person\/image\/\",\"url\":\"https:\/\/secure.gravatar.com\/avatar\/6061d7d20b38bc2742a5218401b198d2?s=96&d=mm&r=g\",\"contentUrl\":\"https:\/\/secure.gravatar.com\/avatar\/6061d7d20b38bc2742a5218401b198d2?s=96&d=mm&r=g\",\"caption\":\"Francisco S\u00e1nchez Nolasco\"},\"url\":\"https:\/\/thepueblatimes.mx\/index.php\/author\/marianitha-reyes\/\"}]}<\/script>\n<!-- \/ Yoast SEO plugin. -->","yoast_head_json":{"title":"Ofrecen $50 mil para reparar la muerte de M\u00f3nica Iveth - The Puebla Times","robots":{"index":"index","follow":"follow","max-snippet":"max-snippet:-1","max-image-preview":"max-image-preview:large","max-video-preview":"max-video-preview:-1"},"canonical":"https:\/\/thepueblatimes.mx\/index.php\/2021\/08\/09\/ofrecen-50-mil-para-reparar-la-muerte-de-monica-iveth\/","og_locale":"es_ES","og_type":"article","og_title":"Ofrecen $50 mil para reparar la muerte de M\u00f3nica Iveth - The Puebla Times","og_description":"Con un pago inicial de 50 mil pesos, es como el acusado de atropellar y matar a una trabajadora de Coppel en 2019, pretende llegar a un acuerdo con los dolientes y as\u00ed obtener su libertad; los padres de la v\u00edctima piden a las autoridades correspondientes, que en caso de que as\u00ed se resuelva, se...","og_url":"https:\/\/thepueblatimes.mx\/index.php\/2021\/08\/09\/ofrecen-50-mil-para-reparar-la-muerte-de-monica-iveth\/","og_site_name":"The Puebla Times","article_published_time":"2021-08-10T04:52:37+00:00","og_image":[{"width":400,"height":250,"url":"https:\/\/thepueblatimes.mx\/wp-content\/uploads\/2021\/08\/EF519DB6-F8B6-49B7-AE72-F213A02C81A2.png","type":"image\/png"}],"author":"Francisco S\u00e1nchez Nolasco","twitter_card":"summary_large_image","twitter_misc":{"Escrito por":"Francisco S\u00e1nchez Nolasco","Tiempo de lectura":"1 minuto"},"schema":{"@context":"https:\/\/schema.org","@graph":[{"@type":"WebPage","@id":"https:\/\/thepueblatimes.mx\/index.php\/2021\/08\/09\/ofrecen-50-mil-para-reparar-la-muerte-de-monica-iveth\/","url":"https:\/\/thepueblatimes.mx\/index.php\/2021\/08\/09\/ofrecen-50-mil-para-reparar-la-muerte-de-monica-iveth\/","name":"Ofrecen $50 mil para reparar la muerte de M\u00f3nica Iveth - The Puebla Times","isPartOf":{"@id":"https:\/\/thepueblatimes.mx\/#website"},"datePublished":"2021-08-10T04:52:37+00:00","dateModified":"2021-08-10T04:52:37+00:00","author":{"@id":"https:\/\/thepueblatimes.mx\/#\/schema\/person\/7bdf2adbc50078b104bba72b5612f774"},"breadcrumb":{"@id":"https:\/\/thepueblatimes.mx\/index.php\/2021\/08\/09\/ofrecen-50-mil-para-reparar-la-muerte-de-monica-iveth\/#breadcrumb"},"inLanguage":"es","potentialAction":[{"@type":"ReadAction","target":["https:\/\/thepueblatimes.mx\/index.php\/2021\/08\/09\/ofrecen-50-mil-para-reparar-la-muerte-de-monica-iveth\/"]}]},{"@type":"BreadcrumbList","@id":"https:\/\/thepueblatimes.mx\/index.php\/2021\/08\/09\/ofrecen-50-mil-para-reparar-la-muerte-de-monica-iveth\/#breadcrumb","itemListElement":[{"@type":"ListItem","position":1,"name":"Portada","item":"https:\/\/thepueblatimes.mx\/"},{"@type":"ListItem","position":2,"name":"Ofrecen $50 mil para reparar la muerte de M\u00f3nica Iveth"}]},{"@type":"WebSite","@id":"https:\/\/thepueblatimes.mx\/#website","url":"https:\/\/thepueblatimes.mx\/","name":"The Puebla Times","description":"Noticias del Estado de Puebla","potentialAction":[{"@type":"SearchAction","target":{"@type":"EntryPoint","urlTemplate":"https:\/\/thepueblatimes.mx\/?s={search_term_string}"},"query-input":"required name=search_term_string"}],"inLanguage":"es"},{"@type":"Person","@id":"https:\/\/thepueblatimes.mx\/#\/schema\/person\/7bdf2adbc50078b104bba72b5612f774","name":"Francisco S\u00e1nchez Nolasco","image":{"@type":"ImageObject","inLanguage":"es","@id":"https:\/\/thepueblatimes.mx\/#\/schema\/person\/image\/","url":"https:\/\/secure.gravatar.com\/avatar\/6061d7d20b38bc2742a5218401b198d2?s=96&d=mm&r=g","contentUrl":"https:\/\/secure.gravatar.com\/avatar\/6061d7d20b38bc2742a5218401b198d2?s=96&d=mm&r=g","caption":"Francisco S\u00e1nchez Nolasco"},"url":"https:\/\/thepueblatimes.mx\/index.php\/author\/marianitha-reyes\/"}]}},"jetpack_featured_media_url":"https:\/\/thepueblatimes.mx\/wp-content\/uploads\/2021\/08\/EF519DB6-F8B6-49B7-AE72-F213A02C81A2.png","_links":{"self":[{"href":"https:\/\/thepueblatimes.mx\/index.php\/wp-json\/wp\/v2\/posts\/15113"}],"collection":[{"href":"https:\/\/thepueblatimes.mx\/index.php\/wp-json\/wp\/v2\/posts"}],"about":[{"href":"https:\/\/thepueblatimes.mx\/index.php\/wp-json\/wp\/v2\/types\/post"}],"author":[{"embeddable":true,"href":"https:\/\/thepueblatimes.mx\/index.php\/wp-json\/wp\/v2\/users\/15"}],"replies":[{"embeddable":true,"href":"https:\/\/thepueblatimes.mx\/index.php\/wp-json\/wp\/v2\/comments?post=15113"}],"version-history":[{"count":1,"href":"https:\/\/thepueblatimes.mx\/index.php\/wp-json\/wp\/v2\/posts\/15113\/revisions"}],"predecessor-version":[{"id":15115,"href":"https:\/\/thepueblatimes.mx\/index.php\/wp-json\/wp\/v2\/posts\/15113\/revisions\/15115"}],"wp:featuredmedia":[{"embeddable":true,"href":"https:\/\/thepueblatimes.mx\/index.php\/wp-json\/wp\/v2\/media\/15114"}],"wp:attachment":[{"href":"https:\/\/thepueblatimes.mx\/index.php\/wp-json\/wp\/v2\/media?parent=15113"}],"wp:term":[{"taxonomy":"category","embeddable":true,"href":"https:\/\/thepueblatimes.mx\/index.php\/wp-json\/wp\/v2\/categories?post=15113"},{"taxonomy":"post_tag","embeddable":true,"href":"https:\/\/thepueblatimes.mx\/index.php\/wp-json\/wp\/v2\/tags?post=15113"}],"curies":[{"name":"wp","href":"https:\/\/api.w.org\/{rel}","templated":true}]}}