{"id":15110,"date":"2021-08-09T23:50:39","date_gmt":"2021-08-10T04:50:39","guid":{"rendered":"https:\/\/thepueblatimes.mx\/?p=15110"},"modified":"2021-08-09T23:50:39","modified_gmt":"2021-08-10T04:50:39","slug":"por-el-ataque-sexual-contra-un-menor-sentencian-a-el-choforo-a-13-anos-de-prision","status":"publish","type":"post","link":"https:\/\/thepueblatimes.mx\/index.php\/2021\/08\/09\/por-el-ataque-sexual-contra-un-menor-sentencian-a-el-choforo-a-13-anos-de-prision\/","title":{"rendered":"Por el ataque sexual contra un menor, sentencian a \u201cEl Choforo\u201d a 13 a\u00f1os de prisi\u00f3n"},"content":{"rendered":"<div class=\"content-body clearfix \">\n<div id=\"content-body-225-7056980\">\n<p>\u201cEl Choforo\u201d, un sujeto acusado de haber violado a un ni\u00f1o de 13 a\u00f1os de edad en la poblaci\u00f3n Ixtacamaxtitl\u00e1n, hace 2 a\u00f1os, recibi\u00f3 una sentencia de poco m\u00e1s de 13 a\u00f1os de c\u00e1rcel.<\/p>\n<p>La Fiscal\u00eda General del Estado revel\u00f3 que mediante el aporte de elementos probatorios sustentados, logr\u00f3 que se dictara sentencia condenatoria contra Marcos N. al\u00edas \u201cEl Choforo\u201d, encontrado penalmente responsable del delito de violaci\u00f3n equiparada en agravio de un menor de edad.<\/p>\n<\/div>\n<\/div>\n<div>\n<article class=\"content-continued-body clearfix \">\n<div id=\"content-body-5851641-7056980\">\n<p>La dependencia detall\u00f3 que el Agente del Ministerio P\u00fablico acredit\u00f3 que, el 3 de marzo del a\u00f1o 2019, en la localidad de Cristalaco del municipio de Ixtacamaxtitl\u00e1n, el se\u00f1alado atac\u00f3 sexualmente a la v\u00edctima, cuando su madre atend\u00eda una tienda.<\/p>\n<p>Marcos N. fue sorprendido por la denunciante quien solicit\u00f3 apoyo a polic\u00edas municipales para la detenci\u00f3n y puesta a disposici\u00f3n de la autoridad ministerial.<\/p>\n<p>En audiencia de juicio oral, la Fiscal\u00eda de Investigaci\u00f3n Regional consigui\u00f3 que el Tribunal de Enjuiciamiento dictara sentencia de 13 a\u00f1os 9 meses de prisi\u00f3n contra el responsable, quien adem\u00e1s deber\u00e1 pagar 500 d\u00edas de salario m\u00ednimo como reparaci\u00f3n del da\u00f1o moral.<\/p>\n<\/div>\n<\/article>\n<\/div>\n","protected":false},"excerpt":{"rendered":"<p>\u201cEl Choforo\u201d, un sujeto acusado de haber violado a un ni\u00f1o de 13 a\u00f1os de edad en la poblaci\u00f3n Ixtacamaxtitl\u00e1n, hace 2 a\u00f1os, recibi\u00f3 una sentencia de poco m\u00e1s de 13 a\u00f1os de c\u00e1rcel. La Fiscal\u00eda General del Estado revel\u00f3 que mediante el aporte de elementos probatorios sustentados, logr\u00f3 que se dictara sentencia condenatoria contra&#8230;<\/p>\n","protected":false},"author":15,"featured_media":15111,"comment_status":"open","ping_status":"open","sticky":false,"template":"","format":"standard","meta":[],"categories":[20],"tags":[49],"yoast_head":"<!-- This site is optimized with the Yoast SEO plugin v20.8 - https:\/\/yoast.com\/wordpress\/plugins\/seo\/ -->\n<title>Por el ataque sexual contra un menor, sentencian a \u201cEl Choforo\u201d a 13 a\u00f1os de prisi\u00f3n - The Puebla Times<\/title>\n<meta name=\"robots\" content=\"index, follow, max-snippet:-1, max-image-preview:large, max-video-preview:-1\" \/>\n<link rel=\"canonical\" href=\"https:\/\/thepueblatimes.mx\/index.php\/2021\/08\/09\/por-el-ataque-sexual-contra-un-menor-sentencian-a-el-choforo-a-13-anos-de-prision\/\" \/>\n<meta property=\"og:locale\" content=\"es_ES\" \/>\n<meta property=\"og:type\" content=\"article\" \/>\n<meta property=\"og:title\" content=\"Por el ataque sexual contra un menor, sentencian a \u201cEl Choforo\u201d a 13 a\u00f1os de prisi\u00f3n - The Puebla Times\" \/>\n<meta property=\"og:description\" content=\"\u201cEl Choforo\u201d, un sujeto acusado de haber violado a un ni\u00f1o de 13 a\u00f1os de edad en la poblaci\u00f3n Ixtacamaxtitl\u00e1n, hace 2 a\u00f1os, recibi\u00f3 una sentencia de poco m\u00e1s de 13 a\u00f1os de c\u00e1rcel. La Fiscal\u00eda General del Estado revel\u00f3 que mediante el aporte de elementos probatorios sustentados, logr\u00f3 que se dictara sentencia condenatoria contra...\" \/>\n<meta property=\"og:url\" content=\"https:\/\/thepueblatimes.mx\/index.php\/2021\/08\/09\/por-el-ataque-sexual-contra-un-menor-sentencian-a-el-choforo-a-13-anos-de-prision\/\" \/>\n<meta property=\"og:site_name\" content=\"The Puebla Times\" \/>\n<meta property=\"article:published_time\" content=\"2021-08-10T04:50:39+00:00\" \/>\n<meta property=\"og:image\" content=\"https:\/\/thepueblatimes.mx\/wp-content\/uploads\/2021\/08\/01DB5428-BA43-4925-9B01-60FA35A82979.png\" \/>\n\t<meta property=\"og:image:width\" content=\"400\" \/>\n\t<meta property=\"og:image:height\" content=\"250\" \/>\n\t<meta property=\"og:image:type\" content=\"image\/png\" \/>\n<meta name=\"author\" content=\"Francisco S\u00e1nchez Nolasco\" \/>\n<meta name=\"twitter:card\" content=\"summary_large_image\" \/>\n<meta name=\"twitter:label1\" content=\"Escrito por\" \/>\n\t<meta name=\"twitter:data1\" content=\"Francisco S\u00e1nchez Nolasco\" \/>\n\t<meta name=\"twitter:label2\" content=\"Tiempo de lectura\" \/>\n\t<meta name=\"twitter:data2\" content=\"1 minuto\" \/>\n<script type=\"application\/ld+json\" class=\"yoast-schema-graph\">{\"@context\":\"https:\/\/schema.org\",\"@graph\":[{\"@type\":\"WebPage\",\"@id\":\"https:\/\/thepueblatimes.mx\/index.php\/2021\/08\/09\/por-el-ataque-sexual-contra-un-menor-sentencian-a-el-choforo-a-13-anos-de-prision\/\",\"url\":\"https:\/\/thepueblatimes.mx\/index.php\/2021\/08\/09\/por-el-ataque-sexual-contra-un-menor-sentencian-a-el-choforo-a-13-anos-de-prision\/\",\"name\":\"Por el ataque sexual contra un menor, sentencian a \u201cEl Choforo\u201d a 13 a\u00f1os de prisi\u00f3n - The Puebla Times\",\"isPartOf\":{\"@id\":\"https:\/\/thepueblatimes.mx\/#website\"},\"datePublished\":\"2021-08-10T04:50:39+00:00\",\"dateModified\":\"2021-08-10T04:50:39+00:00\",\"author\":{\"@id\":\"https:\/\/thepueblatimes.mx\/#\/schema\/person\/7bdf2adbc50078b104bba72b5612f774\"},\"breadcrumb\":{\"@id\":\"https:\/\/thepueblatimes.mx\/index.php\/2021\/08\/09\/por-el-ataque-sexual-contra-un-menor-sentencian-a-el-choforo-a-13-anos-de-prision\/#breadcrumb\"},\"inLanguage\":\"es\",\"potentialAction\":[{\"@type\":\"ReadAction\",\"target\":[\"https:\/\/thepueblatimes.mx\/index.php\/2021\/08\/09\/por-el-ataque-sexual-contra-un-menor-sentencian-a-el-choforo-a-13-anos-de-prision\/\"]}]},{\"@type\":\"BreadcrumbList\",\"@id\":\"https:\/\/thepueblatimes.mx\/index.php\/2021\/08\/09\/por-el-ataque-sexual-contra-un-menor-sentencian-a-el-choforo-a-13-anos-de-prision\/#breadcrumb\",\"itemListElement\":[{\"@type\":\"ListItem\",\"position\":1,\"name\":\"Portada\",\"item\":\"https:\/\/thepueblatimes.mx\/\"},{\"@type\":\"ListItem\",\"position\":2,\"name\":\"Por el ataque sexual contra un menor, sentencian a \u201cEl Choforo\u201d a 13 a\u00f1os de prisi\u00f3n\"}]},{\"@type\":\"WebSite\",\"@id\":\"https:\/\/thepueblatimes.mx\/#website\",\"url\":\"https:\/\/thepueblatimes.mx\/\",\"name\":\"The Puebla Times\",\"description\":\"Noticias del Estado de Puebla\",\"potentialAction\":[{\"@type\":\"SearchAction\",\"target\":{\"@type\":\"EntryPoint\",\"urlTemplate\":\"https:\/\/thepueblatimes.mx\/?s={search_term_string}\"},\"query-input\":\"required name=search_term_string\"}],\"inLanguage\":\"es\"},{\"@type\":\"Person\",\"@id\":\"https:\/\/thepueblatimes.mx\/#\/schema\/person\/7bdf2adbc50078b104bba72b5612f774\",\"name\":\"Francisco S\u00e1nchez Nolasco\",\"image\":{\"@type\":\"ImageObject\",\"inLanguage\":\"es\",\"@id\":\"https:\/\/thepueblatimes.mx\/#\/schema\/person\/image\/\",\"url\":\"https:\/\/secure.gravatar.com\/avatar\/6061d7d20b38bc2742a5218401b198d2?s=96&d=mm&r=g\",\"contentUrl\":\"https:\/\/secure.gravatar.com\/avatar\/6061d7d20b38bc2742a5218401b198d2?s=96&d=mm&r=g\",\"caption\":\"Francisco S\u00e1nchez Nolasco\"},\"url\":\"https:\/\/thepueblatimes.mx\/index.php\/author\/marianitha-reyes\/\"}]}<\/script>\n<!-- \/ Yoast SEO plugin. -->","yoast_head_json":{"title":"Por el ataque sexual contra un menor, sentencian a \u201cEl Choforo\u201d a 13 a\u00f1os de prisi\u00f3n - The Puebla Times","robots":{"index":"index","follow":"follow","max-snippet":"max-snippet:-1","max-image-preview":"max-image-preview:large","max-video-preview":"max-video-preview:-1"},"canonical":"https:\/\/thepueblatimes.mx\/index.php\/2021\/08\/09\/por-el-ataque-sexual-contra-un-menor-sentencian-a-el-choforo-a-13-anos-de-prision\/","og_locale":"es_ES","og_type":"article","og_title":"Por el ataque sexual contra un menor, sentencian a \u201cEl Choforo\u201d a 13 a\u00f1os de prisi\u00f3n - The Puebla Times","og_description":"\u201cEl Choforo\u201d, un sujeto acusado de haber violado a un ni\u00f1o de 13 a\u00f1os de edad en la poblaci\u00f3n Ixtacamaxtitl\u00e1n, hace 2 a\u00f1os, recibi\u00f3 una sentencia de poco m\u00e1s de 13 a\u00f1os de c\u00e1rcel. La Fiscal\u00eda General del Estado revel\u00f3 que mediante el aporte de elementos probatorios sustentados, logr\u00f3 que se dictara sentencia condenatoria contra...","og_url":"https:\/\/thepueblatimes.mx\/index.php\/2021\/08\/09\/por-el-ataque-sexual-contra-un-menor-sentencian-a-el-choforo-a-13-anos-de-prision\/","og_site_name":"The Puebla Times","article_published_time":"2021-08-10T04:50:39+00:00","og_image":[{"width":400,"height":250,"url":"https:\/\/thepueblatimes.mx\/wp-content\/uploads\/2021\/08\/01DB5428-BA43-4925-9B01-60FA35A82979.png","type":"image\/png"}],"author":"Francisco S\u00e1nchez Nolasco","twitter_card":"summary_large_image","twitter_misc":{"Escrito por":"Francisco S\u00e1nchez Nolasco","Tiempo de lectura":"1 minuto"},"schema":{"@context":"https:\/\/schema.org","@graph":[{"@type":"WebPage","@id":"https:\/\/thepueblatimes.mx\/index.php\/2021\/08\/09\/por-el-ataque-sexual-contra-un-menor-sentencian-a-el-choforo-a-13-anos-de-prision\/","url":"https:\/\/thepueblatimes.mx\/index.php\/2021\/08\/09\/por-el-ataque-sexual-contra-un-menor-sentencian-a-el-choforo-a-13-anos-de-prision\/","name":"Por el ataque sexual contra un menor, sentencian a \u201cEl Choforo\u201d a 13 a\u00f1os de prisi\u00f3n - The Puebla Times","isPartOf":{"@id":"https:\/\/thepueblatimes.mx\/#website"},"datePublished":"2021-08-10T04:50:39+00:00","dateModified":"2021-08-10T04:50:39+00:00","author":{"@id":"https:\/\/thepueblatimes.mx\/#\/schema\/person\/7bdf2adbc50078b104bba72b5612f774"},"breadcrumb":{"@id":"https:\/\/thepueblatimes.mx\/index.php\/2021\/08\/09\/por-el-ataque-sexual-contra-un-menor-sentencian-a-el-choforo-a-13-anos-de-prision\/#breadcrumb"},"inLanguage":"es","potentialAction":[{"@type":"ReadAction","target":["https:\/\/thepueblatimes.mx\/index.php\/2021\/08\/09\/por-el-ataque-sexual-contra-un-menor-sentencian-a-el-choforo-a-13-anos-de-prision\/"]}]},{"@type":"BreadcrumbList","@id":"https:\/\/thepueblatimes.mx\/index.php\/2021\/08\/09\/por-el-ataque-sexual-contra-un-menor-sentencian-a-el-choforo-a-13-anos-de-prision\/#breadcrumb","itemListElement":[{"@type":"ListItem","position":1,"name":"Portada","item":"https:\/\/thepueblatimes.mx\/"},{"@type":"ListItem","position":2,"name":"Por el ataque sexual contra un menor, sentencian a \u201cEl Choforo\u201d a 13 a\u00f1os de prisi\u00f3n"}]},{"@type":"WebSite","@id":"https:\/\/thepueblatimes.mx\/#website","url":"https:\/\/thepueblatimes.mx\/","name":"The Puebla Times","description":"Noticias del Estado de Puebla","potentialAction":[{"@type":"SearchAction","target":{"@type":"EntryPoint","urlTemplate":"https:\/\/thepueblatimes.mx\/?s={search_term_string}"},"query-input":"required name=search_term_string"}],"inLanguage":"es"},{"@type":"Person","@id":"https:\/\/thepueblatimes.mx\/#\/schema\/person\/7bdf2adbc50078b104bba72b5612f774","name":"Francisco S\u00e1nchez Nolasco","image":{"@type":"ImageObject","inLanguage":"es","@id":"https:\/\/thepueblatimes.mx\/#\/schema\/person\/image\/","url":"https:\/\/secure.gravatar.com\/avatar\/6061d7d20b38bc2742a5218401b198d2?s=96&d=mm&r=g","contentUrl":"https:\/\/secure.gravatar.com\/avatar\/6061d7d20b38bc2742a5218401b198d2?s=96&d=mm&r=g","caption":"Francisco S\u00e1nchez Nolasco"},"url":"https:\/\/thepueblatimes.mx\/index.php\/author\/marianitha-reyes\/"}]}},"jetpack_featured_media_url":"https:\/\/thepueblatimes.mx\/wp-content\/uploads\/2021\/08\/01DB5428-BA43-4925-9B01-60FA35A82979.png","_links":{"self":[{"href":"https:\/\/thepueblatimes.mx\/index.php\/wp-json\/wp\/v2\/posts\/15110"}],"collection":[{"href":"https:\/\/thepueblatimes.mx\/index.php\/wp-json\/wp\/v2\/posts"}],"about":[{"href":"https:\/\/thepueblatimes.mx\/index.php\/wp-json\/wp\/v2\/types\/post"}],"author":[{"embeddable":true,"href":"https:\/\/thepueblatimes.mx\/index.php\/wp-json\/wp\/v2\/users\/15"}],"replies":[{"embeddable":true,"href":"https:\/\/thepueblatimes.mx\/index.php\/wp-json\/wp\/v2\/comments?post=15110"}],"version-history":[{"count":1,"href":"https:\/\/thepueblatimes.mx\/index.php\/wp-json\/wp\/v2\/posts\/15110\/revisions"}],"predecessor-version":[{"id":15112,"href":"https:\/\/thepueblatimes.mx\/index.php\/wp-json\/wp\/v2\/posts\/15110\/revisions\/15112"}],"wp:featuredmedia":[{"embeddable":true,"href":"https:\/\/thepueblatimes.mx\/index.php\/wp-json\/wp\/v2\/media\/15111"}],"wp:attachment":[{"href":"https:\/\/thepueblatimes.mx\/index.php\/wp-json\/wp\/v2\/media?parent=15110"}],"wp:term":[{"taxonomy":"category","embeddable":true,"href":"https:\/\/thepueblatimes.mx\/index.php\/wp-json\/wp\/v2\/categories?post=15110"},{"taxonomy":"post_tag","embeddable":true,"href":"https:\/\/thepueblatimes.mx\/index.php\/wp-json\/wp\/v2\/tags?post=15110"}],"curies":[{"name":"wp","href":"https:\/\/api.w.org\/{rel}","templated":true}]}}