{"id":15104,"date":"2021-08-09T23:37:07","date_gmt":"2021-08-10T04:37:07","guid":{"rendered":"https:\/\/thepueblatimes.mx\/?p=15104"},"modified":"2021-08-09T23:37:07","modified_gmt":"2021-08-10T04:37:07","slug":"dispara-mujer-contra-su-companero-de-trabajo-en-puebla","status":"publish","type":"post","link":"https:\/\/thepueblatimes.mx\/index.php\/2021\/08\/09\/dispara-mujer-contra-su-companero-de-trabajo-en-puebla\/","title":{"rendered":"Dispara mujer contra su compa\u00f1ero de trabajo en Puebla"},"content":{"rendered":"<p>Por su presunta responsabilidad en el delito de homicidio calificado en grado de tentativa, la Fiscal\u00eda General del Estado obtuvo la vinculaci\u00f3n a proceso de Marisol N.<\/p>\n<p>Mediante un comunicado, la dependencia dio a conocer que el pasado 9 de julio, en la colonia Luna de la ciudad de Puebla, la imputada dispar\u00f3 contra su compa\u00f1ero de trabajo, ocasion\u00e1ndole lesiones a la altura del cuello.<\/p>\n<p>Por lo anterior, elementos de la Polic\u00eda Municipal la detuvieron para ponerla a disposici\u00f3n del agente del Ministerio P\u00fablico.<\/p>\n<p>Con elementos de prueba aportados, la Fiscal\u00eda de Investigaci\u00f3n Metropolitana logr\u00f3 que el Juez de Control vinculara a proceso a la mujer, con medida cautelar de prisi\u00f3n preventiva oficiosa.<\/p>\n","protected":false},"excerpt":{"rendered":"<p>Por su presunta responsabilidad en el delito de homicidio calificado en grado de tentativa, la Fiscal\u00eda General del Estado obtuvo la vinculaci\u00f3n a proceso de Marisol N. Mediante un comunicado, la dependencia dio a conocer que el pasado 9 de julio, en la colonia Luna de la ciudad de Puebla, la imputada dispar\u00f3 contra su&#8230;<\/p>\n","protected":false},"author":15,"featured_media":15105,"comment_status":"open","ping_status":"open","sticky":false,"template":"","format":"standard","meta":[],"categories":[20],"tags":[49],"yoast_head":"<!-- This site is optimized with the Yoast SEO plugin v20.8 - https:\/\/yoast.com\/wordpress\/plugins\/seo\/ -->\n<title>Dispara mujer contra su compa\u00f1ero de trabajo en Puebla - The Puebla Times<\/title>\n<meta name=\"robots\" content=\"index, follow, max-snippet:-1, max-image-preview:large, max-video-preview:-1\" \/>\n<link rel=\"canonical\" href=\"https:\/\/thepueblatimes.mx\/index.php\/2021\/08\/09\/dispara-mujer-contra-su-companero-de-trabajo-en-puebla\/\" \/>\n<meta property=\"og:locale\" content=\"es_ES\" \/>\n<meta property=\"og:type\" content=\"article\" \/>\n<meta property=\"og:title\" content=\"Dispara mujer contra su compa\u00f1ero de trabajo en Puebla - The Puebla Times\" \/>\n<meta property=\"og:description\" content=\"Por su presunta responsabilidad en el delito de homicidio calificado en grado de tentativa, la Fiscal\u00eda General del Estado obtuvo la vinculaci\u00f3n a proceso de Marisol N. Mediante un comunicado, la dependencia dio a conocer que el pasado 9 de julio, en la colonia Luna de la ciudad de Puebla, la imputada dispar\u00f3 contra su...\" \/>\n<meta property=\"og:url\" content=\"https:\/\/thepueblatimes.mx\/index.php\/2021\/08\/09\/dispara-mujer-contra-su-companero-de-trabajo-en-puebla\/\" \/>\n<meta property=\"og:site_name\" content=\"The Puebla Times\" \/>\n<meta property=\"article:published_time\" content=\"2021-08-10T04:37:07+00:00\" \/>\n<meta property=\"og:image\" content=\"https:\/\/thepueblatimes.mx\/wp-content\/uploads\/2021\/08\/B39236C4-3BA9-4777-8473-C722FB9F950B.png\" \/>\n\t<meta property=\"og:image:width\" content=\"400\" \/>\n\t<meta property=\"og:image:height\" content=\"250\" \/>\n\t<meta property=\"og:image:type\" content=\"image\/png\" \/>\n<meta name=\"author\" content=\"Francisco S\u00e1nchez Nolasco\" \/>\n<meta name=\"twitter:card\" content=\"summary_large_image\" \/>\n<meta name=\"twitter:label1\" content=\"Escrito por\" \/>\n\t<meta name=\"twitter:data1\" content=\"Francisco S\u00e1nchez Nolasco\" \/>\n\t<meta name=\"twitter:label2\" content=\"Tiempo de lectura\" \/>\n\t<meta name=\"twitter:data2\" content=\"1 minuto\" \/>\n<script type=\"application\/ld+json\" class=\"yoast-schema-graph\">{\"@context\":\"https:\/\/schema.org\",\"@graph\":[{\"@type\":\"WebPage\",\"@id\":\"https:\/\/thepueblatimes.mx\/index.php\/2021\/08\/09\/dispara-mujer-contra-su-companero-de-trabajo-en-puebla\/\",\"url\":\"https:\/\/thepueblatimes.mx\/index.php\/2021\/08\/09\/dispara-mujer-contra-su-companero-de-trabajo-en-puebla\/\",\"name\":\"Dispara mujer contra su compa\u00f1ero de trabajo en Puebla - The Puebla Times\",\"isPartOf\":{\"@id\":\"https:\/\/thepueblatimes.mx\/#website\"},\"datePublished\":\"2021-08-10T04:37:07+00:00\",\"dateModified\":\"2021-08-10T04:37:07+00:00\",\"author\":{\"@id\":\"https:\/\/thepueblatimes.mx\/#\/schema\/person\/7bdf2adbc50078b104bba72b5612f774\"},\"breadcrumb\":{\"@id\":\"https:\/\/thepueblatimes.mx\/index.php\/2021\/08\/09\/dispara-mujer-contra-su-companero-de-trabajo-en-puebla\/#breadcrumb\"},\"inLanguage\":\"es\",\"potentialAction\":[{\"@type\":\"ReadAction\",\"target\":[\"https:\/\/thepueblatimes.mx\/index.php\/2021\/08\/09\/dispara-mujer-contra-su-companero-de-trabajo-en-puebla\/\"]}]},{\"@type\":\"BreadcrumbList\",\"@id\":\"https:\/\/thepueblatimes.mx\/index.php\/2021\/08\/09\/dispara-mujer-contra-su-companero-de-trabajo-en-puebla\/#breadcrumb\",\"itemListElement\":[{\"@type\":\"ListItem\",\"position\":1,\"name\":\"Portada\",\"item\":\"https:\/\/thepueblatimes.mx\/\"},{\"@type\":\"ListItem\",\"position\":2,\"name\":\"Dispara mujer contra su compa\u00f1ero de trabajo en Puebla\"}]},{\"@type\":\"WebSite\",\"@id\":\"https:\/\/thepueblatimes.mx\/#website\",\"url\":\"https:\/\/thepueblatimes.mx\/\",\"name\":\"The Puebla Times\",\"description\":\"Noticias del Estado de Puebla\",\"potentialAction\":[{\"@type\":\"SearchAction\",\"target\":{\"@type\":\"EntryPoint\",\"urlTemplate\":\"https:\/\/thepueblatimes.mx\/?s={search_term_string}\"},\"query-input\":\"required name=search_term_string\"}],\"inLanguage\":\"es\"},{\"@type\":\"Person\",\"@id\":\"https:\/\/thepueblatimes.mx\/#\/schema\/person\/7bdf2adbc50078b104bba72b5612f774\",\"name\":\"Francisco S\u00e1nchez Nolasco\",\"image\":{\"@type\":\"ImageObject\",\"inLanguage\":\"es\",\"@id\":\"https:\/\/thepueblatimes.mx\/#\/schema\/person\/image\/\",\"url\":\"https:\/\/secure.gravatar.com\/avatar\/6061d7d20b38bc2742a5218401b198d2?s=96&d=mm&r=g\",\"contentUrl\":\"https:\/\/secure.gravatar.com\/avatar\/6061d7d20b38bc2742a5218401b198d2?s=96&d=mm&r=g\",\"caption\":\"Francisco S\u00e1nchez Nolasco\"},\"url\":\"https:\/\/thepueblatimes.mx\/index.php\/author\/marianitha-reyes\/\"}]}<\/script>\n<!-- \/ Yoast SEO plugin. -->","yoast_head_json":{"title":"Dispara mujer contra su compa\u00f1ero de trabajo en Puebla - The Puebla Times","robots":{"index":"index","follow":"follow","max-snippet":"max-snippet:-1","max-image-preview":"max-image-preview:large","max-video-preview":"max-video-preview:-1"},"canonical":"https:\/\/thepueblatimes.mx\/index.php\/2021\/08\/09\/dispara-mujer-contra-su-companero-de-trabajo-en-puebla\/","og_locale":"es_ES","og_type":"article","og_title":"Dispara mujer contra su compa\u00f1ero de trabajo en Puebla - The Puebla Times","og_description":"Por su presunta responsabilidad en el delito de homicidio calificado en grado de tentativa, la Fiscal\u00eda General del Estado obtuvo la vinculaci\u00f3n a proceso de Marisol N. Mediante un comunicado, la dependencia dio a conocer que el pasado 9 de julio, en la colonia Luna de la ciudad de Puebla, la imputada dispar\u00f3 contra su...","og_url":"https:\/\/thepueblatimes.mx\/index.php\/2021\/08\/09\/dispara-mujer-contra-su-companero-de-trabajo-en-puebla\/","og_site_name":"The Puebla Times","article_published_time":"2021-08-10T04:37:07+00:00","og_image":[{"width":400,"height":250,"url":"https:\/\/thepueblatimes.mx\/wp-content\/uploads\/2021\/08\/B39236C4-3BA9-4777-8473-C722FB9F950B.png","type":"image\/png"}],"author":"Francisco S\u00e1nchez Nolasco","twitter_card":"summary_large_image","twitter_misc":{"Escrito por":"Francisco S\u00e1nchez Nolasco","Tiempo de lectura":"1 minuto"},"schema":{"@context":"https:\/\/schema.org","@graph":[{"@type":"WebPage","@id":"https:\/\/thepueblatimes.mx\/index.php\/2021\/08\/09\/dispara-mujer-contra-su-companero-de-trabajo-en-puebla\/","url":"https:\/\/thepueblatimes.mx\/index.php\/2021\/08\/09\/dispara-mujer-contra-su-companero-de-trabajo-en-puebla\/","name":"Dispara mujer contra su compa\u00f1ero de trabajo en Puebla - The Puebla Times","isPartOf":{"@id":"https:\/\/thepueblatimes.mx\/#website"},"datePublished":"2021-08-10T04:37:07+00:00","dateModified":"2021-08-10T04:37:07+00:00","author":{"@id":"https:\/\/thepueblatimes.mx\/#\/schema\/person\/7bdf2adbc50078b104bba72b5612f774"},"breadcrumb":{"@id":"https:\/\/thepueblatimes.mx\/index.php\/2021\/08\/09\/dispara-mujer-contra-su-companero-de-trabajo-en-puebla\/#breadcrumb"},"inLanguage":"es","potentialAction":[{"@type":"ReadAction","target":["https:\/\/thepueblatimes.mx\/index.php\/2021\/08\/09\/dispara-mujer-contra-su-companero-de-trabajo-en-puebla\/"]}]},{"@type":"BreadcrumbList","@id":"https:\/\/thepueblatimes.mx\/index.php\/2021\/08\/09\/dispara-mujer-contra-su-companero-de-trabajo-en-puebla\/#breadcrumb","itemListElement":[{"@type":"ListItem","position":1,"name":"Portada","item":"https:\/\/thepueblatimes.mx\/"},{"@type":"ListItem","position":2,"name":"Dispara mujer contra su compa\u00f1ero de trabajo en Puebla"}]},{"@type":"WebSite","@id":"https:\/\/thepueblatimes.mx\/#website","url":"https:\/\/thepueblatimes.mx\/","name":"The Puebla Times","description":"Noticias del Estado de Puebla","potentialAction":[{"@type":"SearchAction","target":{"@type":"EntryPoint","urlTemplate":"https:\/\/thepueblatimes.mx\/?s={search_term_string}"},"query-input":"required name=search_term_string"}],"inLanguage":"es"},{"@type":"Person","@id":"https:\/\/thepueblatimes.mx\/#\/schema\/person\/7bdf2adbc50078b104bba72b5612f774","name":"Francisco S\u00e1nchez Nolasco","image":{"@type":"ImageObject","inLanguage":"es","@id":"https:\/\/thepueblatimes.mx\/#\/schema\/person\/image\/","url":"https:\/\/secure.gravatar.com\/avatar\/6061d7d20b38bc2742a5218401b198d2?s=96&d=mm&r=g","contentUrl":"https:\/\/secure.gravatar.com\/avatar\/6061d7d20b38bc2742a5218401b198d2?s=96&d=mm&r=g","caption":"Francisco S\u00e1nchez Nolasco"},"url":"https:\/\/thepueblatimes.mx\/index.php\/author\/marianitha-reyes\/"}]}},"jetpack_featured_media_url":"https:\/\/thepueblatimes.mx\/wp-content\/uploads\/2021\/08\/B39236C4-3BA9-4777-8473-C722FB9F950B.png","_links":{"self":[{"href":"https:\/\/thepueblatimes.mx\/index.php\/wp-json\/wp\/v2\/posts\/15104"}],"collection":[{"href":"https:\/\/thepueblatimes.mx\/index.php\/wp-json\/wp\/v2\/posts"}],"about":[{"href":"https:\/\/thepueblatimes.mx\/index.php\/wp-json\/wp\/v2\/types\/post"}],"author":[{"embeddable":true,"href":"https:\/\/thepueblatimes.mx\/index.php\/wp-json\/wp\/v2\/users\/15"}],"replies":[{"embeddable":true,"href":"https:\/\/thepueblatimes.mx\/index.php\/wp-json\/wp\/v2\/comments?post=15104"}],"version-history":[{"count":1,"href":"https:\/\/thepueblatimes.mx\/index.php\/wp-json\/wp\/v2\/posts\/15104\/revisions"}],"predecessor-version":[{"id":15106,"href":"https:\/\/thepueblatimes.mx\/index.php\/wp-json\/wp\/v2\/posts\/15104\/revisions\/15106"}],"wp:featuredmedia":[{"embeddable":true,"href":"https:\/\/thepueblatimes.mx\/index.php\/wp-json\/wp\/v2\/media\/15105"}],"wp:attachment":[{"href":"https:\/\/thepueblatimes.mx\/index.php\/wp-json\/wp\/v2\/media?parent=15104"}],"wp:term":[{"taxonomy":"category","embeddable":true,"href":"https:\/\/thepueblatimes.mx\/index.php\/wp-json\/wp\/v2\/categories?post=15104"},{"taxonomy":"post_tag","embeddable":true,"href":"https:\/\/thepueblatimes.mx\/index.php\/wp-json\/wp\/v2\/tags?post=15104"}],"curies":[{"name":"wp","href":"https:\/\/api.w.org\/{rel}","templated":true}]}}