{"id":15098,"date":"2021-08-09T23:31:28","date_gmt":"2021-08-10T04:31:28","guid":{"rendered":"https:\/\/thepueblatimes.mx\/?p=15098"},"modified":"2021-08-09T23:31:28","modified_gmt":"2021-08-10T04:31:28","slug":"por-ir-haciendo-caballitos-joven-derrapa-su-moto-y-se-mata-en-atlixco","status":"publish","type":"post","link":"https:\/\/thepueblatimes.mx\/index.php\/2021\/08\/09\/por-ir-haciendo-caballitos-joven-derrapa-su-moto-y-se-mata-en-atlixco\/","title":{"rendered":"Por ir haciendo caballitos joven derrapa su moto y se mata en Atlixco"},"content":{"rendered":"<p>Atlixco, Pue.- <strong>Un hombre de 29 a\u00f1os de edad muri\u00f3 por ir haciendo \u00abcaballitos\u00bb con su motocicleta en el municipio de Atlixco.<\/strong><\/p>\n<p>El joven al ir circulando <strong>perdi\u00f3 el control en la federal Atlixco, altura del bulevar Ni\u00f1os H\u00e9roes.<\/strong><\/p>\n<p>De acuerdo a testigos<strong> se golpe\u00f3 la cabeza y muri\u00f3 de forma casi inmediata,<\/strong> por lo que su cuerpo qued\u00f3 sobre la cinta asf\u00e1ltica.<\/p>\n<p>Al llegar param\u00e9dicos solo confirmaron que el var\u00f3n ya no contaba con signos vitales.<\/p>\n","protected":false},"excerpt":{"rendered":"<p>Atlixco, Pue.- Un hombre de 29 a\u00f1os de edad muri\u00f3 por ir haciendo \u00abcaballitos\u00bb con su motocicleta en el municipio de Atlixco. El joven al ir circulando perdi\u00f3 el control en la federal Atlixco, altura del bulevar Ni\u00f1os H\u00e9roes. De acuerdo a testigos se golpe\u00f3 la cabeza y muri\u00f3 de forma casi inmediata, por lo&#8230;<\/p>\n","protected":false},"author":15,"featured_media":15099,"comment_status":"open","ping_status":"open","sticky":false,"template":"","format":"standard","meta":[],"categories":[20],"tags":[49],"yoast_head":"<!-- This site is optimized with the Yoast SEO plugin v20.8 - https:\/\/yoast.com\/wordpress\/plugins\/seo\/ -->\n<title>Por ir haciendo caballitos joven derrapa su moto y se mata en Atlixco - The Puebla Times<\/title>\n<meta name=\"robots\" content=\"index, follow, max-snippet:-1, max-image-preview:large, max-video-preview:-1\" \/>\n<link rel=\"canonical\" href=\"https:\/\/thepueblatimes.mx\/index.php\/2021\/08\/09\/por-ir-haciendo-caballitos-joven-derrapa-su-moto-y-se-mata-en-atlixco\/\" \/>\n<meta property=\"og:locale\" content=\"es_ES\" \/>\n<meta property=\"og:type\" content=\"article\" \/>\n<meta property=\"og:title\" content=\"Por ir haciendo caballitos joven derrapa su moto y se mata en Atlixco - The Puebla Times\" \/>\n<meta property=\"og:description\" content=\"Atlixco, Pue.- Un hombre de 29 a\u00f1os de edad muri\u00f3 por ir haciendo \u00abcaballitos\u00bb con su motocicleta en el municipio de Atlixco. El joven al ir circulando perdi\u00f3 el control en la federal Atlixco, altura del bulevar Ni\u00f1os H\u00e9roes. De acuerdo a testigos se golpe\u00f3 la cabeza y muri\u00f3 de forma casi inmediata, por lo...\" \/>\n<meta property=\"og:url\" content=\"https:\/\/thepueblatimes.mx\/index.php\/2021\/08\/09\/por-ir-haciendo-caballitos-joven-derrapa-su-moto-y-se-mata-en-atlixco\/\" \/>\n<meta property=\"og:site_name\" content=\"The Puebla Times\" \/>\n<meta property=\"article:published_time\" content=\"2021-08-10T04:31:28+00:00\" \/>\n<meta property=\"og:image\" content=\"https:\/\/thepueblatimes.mx\/wp-content\/uploads\/2021\/08\/23038197-3E25-4770-84F9-67BE469C6DA3.jpeg\" \/>\n\t<meta property=\"og:image:width\" content=\"650\" \/>\n\t<meta property=\"og:image:height\" content=\"422\" \/>\n\t<meta property=\"og:image:type\" content=\"image\/jpeg\" \/>\n<meta name=\"author\" content=\"Francisco S\u00e1nchez Nolasco\" \/>\n<meta name=\"twitter:card\" content=\"summary_large_image\" \/>\n<meta name=\"twitter:label1\" content=\"Escrito por\" \/>\n\t<meta name=\"twitter:data1\" content=\"Francisco S\u00e1nchez Nolasco\" \/>\n<script type=\"application\/ld+json\" class=\"yoast-schema-graph\">{\"@context\":\"https:\/\/schema.org\",\"@graph\":[{\"@type\":\"WebPage\",\"@id\":\"https:\/\/thepueblatimes.mx\/index.php\/2021\/08\/09\/por-ir-haciendo-caballitos-joven-derrapa-su-moto-y-se-mata-en-atlixco\/\",\"url\":\"https:\/\/thepueblatimes.mx\/index.php\/2021\/08\/09\/por-ir-haciendo-caballitos-joven-derrapa-su-moto-y-se-mata-en-atlixco\/\",\"name\":\"Por ir haciendo caballitos joven derrapa su moto y se mata en Atlixco - The Puebla Times\",\"isPartOf\":{\"@id\":\"https:\/\/thepueblatimes.mx\/#website\"},\"datePublished\":\"2021-08-10T04:31:28+00:00\",\"dateModified\":\"2021-08-10T04:31:28+00:00\",\"author\":{\"@id\":\"https:\/\/thepueblatimes.mx\/#\/schema\/person\/7bdf2adbc50078b104bba72b5612f774\"},\"breadcrumb\":{\"@id\":\"https:\/\/thepueblatimes.mx\/index.php\/2021\/08\/09\/por-ir-haciendo-caballitos-joven-derrapa-su-moto-y-se-mata-en-atlixco\/#breadcrumb\"},\"inLanguage\":\"es\",\"potentialAction\":[{\"@type\":\"ReadAction\",\"target\":[\"https:\/\/thepueblatimes.mx\/index.php\/2021\/08\/09\/por-ir-haciendo-caballitos-joven-derrapa-su-moto-y-se-mata-en-atlixco\/\"]}]},{\"@type\":\"BreadcrumbList\",\"@id\":\"https:\/\/thepueblatimes.mx\/index.php\/2021\/08\/09\/por-ir-haciendo-caballitos-joven-derrapa-su-moto-y-se-mata-en-atlixco\/#breadcrumb\",\"itemListElement\":[{\"@type\":\"ListItem\",\"position\":1,\"name\":\"Portada\",\"item\":\"https:\/\/thepueblatimes.mx\/\"},{\"@type\":\"ListItem\",\"position\":2,\"name\":\"Por ir haciendo caballitos joven derrapa su moto y se mata en Atlixco\"}]},{\"@type\":\"WebSite\",\"@id\":\"https:\/\/thepueblatimes.mx\/#website\",\"url\":\"https:\/\/thepueblatimes.mx\/\",\"name\":\"The Puebla Times\",\"description\":\"Noticias del Estado de Puebla\",\"potentialAction\":[{\"@type\":\"SearchAction\",\"target\":{\"@type\":\"EntryPoint\",\"urlTemplate\":\"https:\/\/thepueblatimes.mx\/?s={search_term_string}\"},\"query-input\":\"required name=search_term_string\"}],\"inLanguage\":\"es\"},{\"@type\":\"Person\",\"@id\":\"https:\/\/thepueblatimes.mx\/#\/schema\/person\/7bdf2adbc50078b104bba72b5612f774\",\"name\":\"Francisco S\u00e1nchez Nolasco\",\"image\":{\"@type\":\"ImageObject\",\"inLanguage\":\"es\",\"@id\":\"https:\/\/thepueblatimes.mx\/#\/schema\/person\/image\/\",\"url\":\"https:\/\/secure.gravatar.com\/avatar\/6061d7d20b38bc2742a5218401b198d2?s=96&d=mm&r=g\",\"contentUrl\":\"https:\/\/secure.gravatar.com\/avatar\/6061d7d20b38bc2742a5218401b198d2?s=96&d=mm&r=g\",\"caption\":\"Francisco S\u00e1nchez Nolasco\"},\"url\":\"https:\/\/thepueblatimes.mx\/index.php\/author\/marianitha-reyes\/\"}]}<\/script>\n<!-- \/ Yoast SEO plugin. -->","yoast_head_json":{"title":"Por ir haciendo caballitos joven derrapa su moto y se mata en Atlixco - The Puebla Times","robots":{"index":"index","follow":"follow","max-snippet":"max-snippet:-1","max-image-preview":"max-image-preview:large","max-video-preview":"max-video-preview:-1"},"canonical":"https:\/\/thepueblatimes.mx\/index.php\/2021\/08\/09\/por-ir-haciendo-caballitos-joven-derrapa-su-moto-y-se-mata-en-atlixco\/","og_locale":"es_ES","og_type":"article","og_title":"Por ir haciendo caballitos joven derrapa su moto y se mata en Atlixco - The Puebla Times","og_description":"Atlixco, Pue.- Un hombre de 29 a\u00f1os de edad muri\u00f3 por ir haciendo \u00abcaballitos\u00bb con su motocicleta en el municipio de Atlixco. El joven al ir circulando perdi\u00f3 el control en la federal Atlixco, altura del bulevar Ni\u00f1os H\u00e9roes. De acuerdo a testigos se golpe\u00f3 la cabeza y muri\u00f3 de forma casi inmediata, por lo...","og_url":"https:\/\/thepueblatimes.mx\/index.php\/2021\/08\/09\/por-ir-haciendo-caballitos-joven-derrapa-su-moto-y-se-mata-en-atlixco\/","og_site_name":"The Puebla Times","article_published_time":"2021-08-10T04:31:28+00:00","og_image":[{"width":650,"height":422,"url":"https:\/\/thepueblatimes.mx\/wp-content\/uploads\/2021\/08\/23038197-3E25-4770-84F9-67BE469C6DA3.jpeg","type":"image\/jpeg"}],"author":"Francisco S\u00e1nchez Nolasco","twitter_card":"summary_large_image","twitter_misc":{"Escrito por":"Francisco S\u00e1nchez Nolasco"},"schema":{"@context":"https:\/\/schema.org","@graph":[{"@type":"WebPage","@id":"https:\/\/thepueblatimes.mx\/index.php\/2021\/08\/09\/por-ir-haciendo-caballitos-joven-derrapa-su-moto-y-se-mata-en-atlixco\/","url":"https:\/\/thepueblatimes.mx\/index.php\/2021\/08\/09\/por-ir-haciendo-caballitos-joven-derrapa-su-moto-y-se-mata-en-atlixco\/","name":"Por ir haciendo caballitos joven derrapa su moto y se mata en Atlixco - The Puebla Times","isPartOf":{"@id":"https:\/\/thepueblatimes.mx\/#website"},"datePublished":"2021-08-10T04:31:28+00:00","dateModified":"2021-08-10T04:31:28+00:00","author":{"@id":"https:\/\/thepueblatimes.mx\/#\/schema\/person\/7bdf2adbc50078b104bba72b5612f774"},"breadcrumb":{"@id":"https:\/\/thepueblatimes.mx\/index.php\/2021\/08\/09\/por-ir-haciendo-caballitos-joven-derrapa-su-moto-y-se-mata-en-atlixco\/#breadcrumb"},"inLanguage":"es","potentialAction":[{"@type":"ReadAction","target":["https:\/\/thepueblatimes.mx\/index.php\/2021\/08\/09\/por-ir-haciendo-caballitos-joven-derrapa-su-moto-y-se-mata-en-atlixco\/"]}]},{"@type":"BreadcrumbList","@id":"https:\/\/thepueblatimes.mx\/index.php\/2021\/08\/09\/por-ir-haciendo-caballitos-joven-derrapa-su-moto-y-se-mata-en-atlixco\/#breadcrumb","itemListElement":[{"@type":"ListItem","position":1,"name":"Portada","item":"https:\/\/thepueblatimes.mx\/"},{"@type":"ListItem","position":2,"name":"Por ir haciendo caballitos joven derrapa su moto y se mata en Atlixco"}]},{"@type":"WebSite","@id":"https:\/\/thepueblatimes.mx\/#website","url":"https:\/\/thepueblatimes.mx\/","name":"The Puebla Times","description":"Noticias del Estado de Puebla","potentialAction":[{"@type":"SearchAction","target":{"@type":"EntryPoint","urlTemplate":"https:\/\/thepueblatimes.mx\/?s={search_term_string}"},"query-input":"required name=search_term_string"}],"inLanguage":"es"},{"@type":"Person","@id":"https:\/\/thepueblatimes.mx\/#\/schema\/person\/7bdf2adbc50078b104bba72b5612f774","name":"Francisco S\u00e1nchez Nolasco","image":{"@type":"ImageObject","inLanguage":"es","@id":"https:\/\/thepueblatimes.mx\/#\/schema\/person\/image\/","url":"https:\/\/secure.gravatar.com\/avatar\/6061d7d20b38bc2742a5218401b198d2?s=96&d=mm&r=g","contentUrl":"https:\/\/secure.gravatar.com\/avatar\/6061d7d20b38bc2742a5218401b198d2?s=96&d=mm&r=g","caption":"Francisco S\u00e1nchez Nolasco"},"url":"https:\/\/thepueblatimes.mx\/index.php\/author\/marianitha-reyes\/"}]}},"jetpack_featured_media_url":"https:\/\/thepueblatimes.mx\/wp-content\/uploads\/2021\/08\/23038197-3E25-4770-84F9-67BE469C6DA3.jpeg","_links":{"self":[{"href":"https:\/\/thepueblatimes.mx\/index.php\/wp-json\/wp\/v2\/posts\/15098"}],"collection":[{"href":"https:\/\/thepueblatimes.mx\/index.php\/wp-json\/wp\/v2\/posts"}],"about":[{"href":"https:\/\/thepueblatimes.mx\/index.php\/wp-json\/wp\/v2\/types\/post"}],"author":[{"embeddable":true,"href":"https:\/\/thepueblatimes.mx\/index.php\/wp-json\/wp\/v2\/users\/15"}],"replies":[{"embeddable":true,"href":"https:\/\/thepueblatimes.mx\/index.php\/wp-json\/wp\/v2\/comments?post=15098"}],"version-history":[{"count":1,"href":"https:\/\/thepueblatimes.mx\/index.php\/wp-json\/wp\/v2\/posts\/15098\/revisions"}],"predecessor-version":[{"id":15100,"href":"https:\/\/thepueblatimes.mx\/index.php\/wp-json\/wp\/v2\/posts\/15098\/revisions\/15100"}],"wp:featuredmedia":[{"embeddable":true,"href":"https:\/\/thepueblatimes.mx\/index.php\/wp-json\/wp\/v2\/media\/15099"}],"wp:attachment":[{"href":"https:\/\/thepueblatimes.mx\/index.php\/wp-json\/wp\/v2\/media?parent=15098"}],"wp:term":[{"taxonomy":"category","embeddable":true,"href":"https:\/\/thepueblatimes.mx\/index.php\/wp-json\/wp\/v2\/categories?post=15098"},{"taxonomy":"post_tag","embeddable":true,"href":"https:\/\/thepueblatimes.mx\/index.php\/wp-json\/wp\/v2\/tags?post=15098"}],"curies":[{"name":"wp","href":"https:\/\/api.w.org\/{rel}","templated":true}]}}