{"id":15095,"date":"2021-08-09T23:29:22","date_gmt":"2021-08-10T04:29:22","guid":{"rendered":"https:\/\/thepueblatimes.mx\/?p=15095"},"modified":"2021-08-09T23:29:22","modified_gmt":"2021-08-10T04:29:22","slug":"fiscalia-acusa-de-feminicidio-a-padres-y-madrastra-de-yaz","status":"publish","type":"post","link":"https:\/\/thepueblatimes.mx\/index.php\/2021\/08\/09\/fiscalia-acusa-de-feminicidio-a-padres-y-madrastra-de-yaz\/","title":{"rendered":"Fiscal\u00eda acusa de feminicidio a padres y madrastra de Yaz"},"content":{"rendered":"<p>Puebla, Pue.- <strong>En seguimiento a la investigaci\u00f3n del caso de Yaz, la\u00a0ni\u00f1a de 7 a\u00f1os, quien perdi\u00f3 la vida tras cuatro meses de atenci\u00f3n m\u00e9dica en el Hospital La Margarita<\/strong>, la Fiscal\u00eda General del Estado de Puebla <strong>formul\u00f3 imputaci\u00f3n por el delito de feminicidi<\/strong>o en contra de Rafael N. y Alejandra Viridiana N., <strong>padre y madre de la v\u00edctima, y en contra de su madrastra, M\u00f3nica Naxshely N.<\/strong><\/p>\n<p>En septiembre de 2020, la Fiscal\u00eda Especializada en Investigaci\u00f3n de Delitos de Violencia de G\u00e9nero contra las Mujeres tom\u00f3 conocimiento del <strong>ingreso al nosocomio de la menor de edad y posteriormente en contra de sus progenitores sustent\u00f3 en audiencia datos de prueba con los que el Juez de Control les vincul\u00f3 a proceso por violencia familiar y abandono de persona.<\/strong><\/p>\n<p>Resultado de las indagatorias, en octubre del mismo a\u00f1o la Instituci\u00f3n formul\u00f3 imputaci\u00f3n en contra de M\u00f3nica Naxshely N., madrastra de la ni\u00f1a, y obtuvo que la autoridad judicial dictara vinculaci\u00f3n a proceso por los delitos de violencia familiar equiparada y lesiones dolosas.<\/p>\n<p>El 21 julio de 2021 la Fiscal\u00eda de Puebla expuso ante el Juez de Control material probatorio con el que logr\u00f3 que determinara a los tres presuntos responsables una nueva vinculaci\u00f3n a proceso por el delito de feminicidio.<\/p>\n<p>Los progenitores de la menor de edad y su madrastra, permanecen en prisi\u00f3n preventiva desde que la Fiscal\u00eda General del Estado de Puebla cumpli\u00f3 la aprehensi\u00f3n de las tres personas.<\/p>\n","protected":false},"excerpt":{"rendered":"<p>Puebla, Pue.- En seguimiento a la investigaci\u00f3n del caso de Yaz, la\u00a0ni\u00f1a de 7 a\u00f1os, quien perdi\u00f3 la vida tras cuatro meses de atenci\u00f3n m\u00e9dica en el Hospital La Margarita, la Fiscal\u00eda General del Estado de Puebla formul\u00f3 imputaci\u00f3n por el delito de feminicidio en contra de Rafael N. y Alejandra Viridiana N., padre y&#8230;<\/p>\n","protected":false},"author":15,"featured_media":15096,"comment_status":"open","ping_status":"open","sticky":false,"template":"","format":"standard","meta":[],"categories":[20],"tags":[49],"yoast_head":"<!-- This site is optimized with the Yoast SEO plugin v20.8 - https:\/\/yoast.com\/wordpress\/plugins\/seo\/ -->\n<title>Fiscal\u00eda acusa de feminicidio a padres y madrastra de Yaz - The Puebla Times<\/title>\n<meta name=\"robots\" content=\"index, follow, max-snippet:-1, max-image-preview:large, max-video-preview:-1\" \/>\n<link rel=\"canonical\" href=\"https:\/\/thepueblatimes.mx\/index.php\/2021\/08\/09\/fiscalia-acusa-de-feminicidio-a-padres-y-madrastra-de-yaz\/\" \/>\n<meta property=\"og:locale\" content=\"es_ES\" \/>\n<meta property=\"og:type\" content=\"article\" \/>\n<meta property=\"og:title\" content=\"Fiscal\u00eda acusa de feminicidio a padres y madrastra de Yaz - The Puebla Times\" \/>\n<meta property=\"og:description\" content=\"Puebla, Pue.- En seguimiento a la investigaci\u00f3n del caso de Yaz, la\u00a0ni\u00f1a de 7 a\u00f1os, quien perdi\u00f3 la vida tras cuatro meses de atenci\u00f3n m\u00e9dica en el Hospital La Margarita, la Fiscal\u00eda General del Estado de Puebla formul\u00f3 imputaci\u00f3n por el delito de feminicidio en contra de Rafael N. y Alejandra Viridiana N., padre y...\" \/>\n<meta property=\"og:url\" content=\"https:\/\/thepueblatimes.mx\/index.php\/2021\/08\/09\/fiscalia-acusa-de-feminicidio-a-padres-y-madrastra-de-yaz\/\" \/>\n<meta property=\"og:site_name\" content=\"The Puebla Times\" \/>\n<meta property=\"article:published_time\" content=\"2021-08-10T04:29:22+00:00\" \/>\n<meta property=\"og:image\" content=\"https:\/\/thepueblatimes.mx\/wp-content\/uploads\/2021\/08\/019B1CBC-454C-4C12-A61A-6287F2C22592.jpeg\" \/>\n\t<meta property=\"og:image:width\" content=\"1920\" \/>\n\t<meta property=\"og:image:height\" content=\"1080\" \/>\n\t<meta property=\"og:image:type\" content=\"image\/jpeg\" \/>\n<meta name=\"author\" content=\"Francisco S\u00e1nchez Nolasco\" \/>\n<meta name=\"twitter:card\" content=\"summary_large_image\" \/>\n<meta name=\"twitter:label1\" content=\"Escrito por\" \/>\n\t<meta name=\"twitter:data1\" content=\"Francisco S\u00e1nchez Nolasco\" \/>\n\t<meta name=\"twitter:label2\" content=\"Tiempo de lectura\" \/>\n\t<meta name=\"twitter:data2\" content=\"1 minuto\" \/>\n<script type=\"application\/ld+json\" class=\"yoast-schema-graph\">{\"@context\":\"https:\/\/schema.org\",\"@graph\":[{\"@type\":\"WebPage\",\"@id\":\"https:\/\/thepueblatimes.mx\/index.php\/2021\/08\/09\/fiscalia-acusa-de-feminicidio-a-padres-y-madrastra-de-yaz\/\",\"url\":\"https:\/\/thepueblatimes.mx\/index.php\/2021\/08\/09\/fiscalia-acusa-de-feminicidio-a-padres-y-madrastra-de-yaz\/\",\"name\":\"Fiscal\u00eda acusa de feminicidio a padres y madrastra de Yaz - The Puebla Times\",\"isPartOf\":{\"@id\":\"https:\/\/thepueblatimes.mx\/#website\"},\"datePublished\":\"2021-08-10T04:29:22+00:00\",\"dateModified\":\"2021-08-10T04:29:22+00:00\",\"author\":{\"@id\":\"https:\/\/thepueblatimes.mx\/#\/schema\/person\/7bdf2adbc50078b104bba72b5612f774\"},\"breadcrumb\":{\"@id\":\"https:\/\/thepueblatimes.mx\/index.php\/2021\/08\/09\/fiscalia-acusa-de-feminicidio-a-padres-y-madrastra-de-yaz\/#breadcrumb\"},\"inLanguage\":\"es\",\"potentialAction\":[{\"@type\":\"ReadAction\",\"target\":[\"https:\/\/thepueblatimes.mx\/index.php\/2021\/08\/09\/fiscalia-acusa-de-feminicidio-a-padres-y-madrastra-de-yaz\/\"]}]},{\"@type\":\"BreadcrumbList\",\"@id\":\"https:\/\/thepueblatimes.mx\/index.php\/2021\/08\/09\/fiscalia-acusa-de-feminicidio-a-padres-y-madrastra-de-yaz\/#breadcrumb\",\"itemListElement\":[{\"@type\":\"ListItem\",\"position\":1,\"name\":\"Portada\",\"item\":\"https:\/\/thepueblatimes.mx\/\"},{\"@type\":\"ListItem\",\"position\":2,\"name\":\"Fiscal\u00eda acusa de feminicidio a padres y madrastra de Yaz\"}]},{\"@type\":\"WebSite\",\"@id\":\"https:\/\/thepueblatimes.mx\/#website\",\"url\":\"https:\/\/thepueblatimes.mx\/\",\"name\":\"The Puebla Times\",\"description\":\"Noticias del Estado de Puebla\",\"potentialAction\":[{\"@type\":\"SearchAction\",\"target\":{\"@type\":\"EntryPoint\",\"urlTemplate\":\"https:\/\/thepueblatimes.mx\/?s={search_term_string}\"},\"query-input\":\"required name=search_term_string\"}],\"inLanguage\":\"es\"},{\"@type\":\"Person\",\"@id\":\"https:\/\/thepueblatimes.mx\/#\/schema\/person\/7bdf2adbc50078b104bba72b5612f774\",\"name\":\"Francisco S\u00e1nchez Nolasco\",\"image\":{\"@type\":\"ImageObject\",\"inLanguage\":\"es\",\"@id\":\"https:\/\/thepueblatimes.mx\/#\/schema\/person\/image\/\",\"url\":\"https:\/\/secure.gravatar.com\/avatar\/6061d7d20b38bc2742a5218401b198d2?s=96&d=mm&r=g\",\"contentUrl\":\"https:\/\/secure.gravatar.com\/avatar\/6061d7d20b38bc2742a5218401b198d2?s=96&d=mm&r=g\",\"caption\":\"Francisco S\u00e1nchez Nolasco\"},\"url\":\"https:\/\/thepueblatimes.mx\/index.php\/author\/marianitha-reyes\/\"}]}<\/script>\n<!-- \/ Yoast SEO plugin. -->","yoast_head_json":{"title":"Fiscal\u00eda acusa de feminicidio a padres y madrastra de Yaz - The Puebla Times","robots":{"index":"index","follow":"follow","max-snippet":"max-snippet:-1","max-image-preview":"max-image-preview:large","max-video-preview":"max-video-preview:-1"},"canonical":"https:\/\/thepueblatimes.mx\/index.php\/2021\/08\/09\/fiscalia-acusa-de-feminicidio-a-padres-y-madrastra-de-yaz\/","og_locale":"es_ES","og_type":"article","og_title":"Fiscal\u00eda acusa de feminicidio a padres y madrastra de Yaz - The Puebla Times","og_description":"Puebla, Pue.- En seguimiento a la investigaci\u00f3n del caso de Yaz, la\u00a0ni\u00f1a de 7 a\u00f1os, quien perdi\u00f3 la vida tras cuatro meses de atenci\u00f3n m\u00e9dica en el Hospital La Margarita, la Fiscal\u00eda General del Estado de Puebla formul\u00f3 imputaci\u00f3n por el delito de feminicidio en contra de Rafael N. y Alejandra Viridiana N., padre y...","og_url":"https:\/\/thepueblatimes.mx\/index.php\/2021\/08\/09\/fiscalia-acusa-de-feminicidio-a-padres-y-madrastra-de-yaz\/","og_site_name":"The Puebla Times","article_published_time":"2021-08-10T04:29:22+00:00","og_image":[{"width":1920,"height":1080,"url":"https:\/\/thepueblatimes.mx\/wp-content\/uploads\/2021\/08\/019B1CBC-454C-4C12-A61A-6287F2C22592.jpeg","type":"image\/jpeg"}],"author":"Francisco S\u00e1nchez Nolasco","twitter_card":"summary_large_image","twitter_misc":{"Escrito por":"Francisco S\u00e1nchez Nolasco","Tiempo de lectura":"1 minuto"},"schema":{"@context":"https:\/\/schema.org","@graph":[{"@type":"WebPage","@id":"https:\/\/thepueblatimes.mx\/index.php\/2021\/08\/09\/fiscalia-acusa-de-feminicidio-a-padres-y-madrastra-de-yaz\/","url":"https:\/\/thepueblatimes.mx\/index.php\/2021\/08\/09\/fiscalia-acusa-de-feminicidio-a-padres-y-madrastra-de-yaz\/","name":"Fiscal\u00eda acusa de feminicidio a padres y madrastra de Yaz - The Puebla Times","isPartOf":{"@id":"https:\/\/thepueblatimes.mx\/#website"},"datePublished":"2021-08-10T04:29:22+00:00","dateModified":"2021-08-10T04:29:22+00:00","author":{"@id":"https:\/\/thepueblatimes.mx\/#\/schema\/person\/7bdf2adbc50078b104bba72b5612f774"},"breadcrumb":{"@id":"https:\/\/thepueblatimes.mx\/index.php\/2021\/08\/09\/fiscalia-acusa-de-feminicidio-a-padres-y-madrastra-de-yaz\/#breadcrumb"},"inLanguage":"es","potentialAction":[{"@type":"ReadAction","target":["https:\/\/thepueblatimes.mx\/index.php\/2021\/08\/09\/fiscalia-acusa-de-feminicidio-a-padres-y-madrastra-de-yaz\/"]}]},{"@type":"BreadcrumbList","@id":"https:\/\/thepueblatimes.mx\/index.php\/2021\/08\/09\/fiscalia-acusa-de-feminicidio-a-padres-y-madrastra-de-yaz\/#breadcrumb","itemListElement":[{"@type":"ListItem","position":1,"name":"Portada","item":"https:\/\/thepueblatimes.mx\/"},{"@type":"ListItem","position":2,"name":"Fiscal\u00eda acusa de feminicidio a padres y madrastra de Yaz"}]},{"@type":"WebSite","@id":"https:\/\/thepueblatimes.mx\/#website","url":"https:\/\/thepueblatimes.mx\/","name":"The Puebla Times","description":"Noticias del Estado de Puebla","potentialAction":[{"@type":"SearchAction","target":{"@type":"EntryPoint","urlTemplate":"https:\/\/thepueblatimes.mx\/?s={search_term_string}"},"query-input":"required name=search_term_string"}],"inLanguage":"es"},{"@type":"Person","@id":"https:\/\/thepueblatimes.mx\/#\/schema\/person\/7bdf2adbc50078b104bba72b5612f774","name":"Francisco S\u00e1nchez Nolasco","image":{"@type":"ImageObject","inLanguage":"es","@id":"https:\/\/thepueblatimes.mx\/#\/schema\/person\/image\/","url":"https:\/\/secure.gravatar.com\/avatar\/6061d7d20b38bc2742a5218401b198d2?s=96&d=mm&r=g","contentUrl":"https:\/\/secure.gravatar.com\/avatar\/6061d7d20b38bc2742a5218401b198d2?s=96&d=mm&r=g","caption":"Francisco S\u00e1nchez Nolasco"},"url":"https:\/\/thepueblatimes.mx\/index.php\/author\/marianitha-reyes\/"}]}},"jetpack_featured_media_url":"https:\/\/thepueblatimes.mx\/wp-content\/uploads\/2021\/08\/019B1CBC-454C-4C12-A61A-6287F2C22592.jpeg","_links":{"self":[{"href":"https:\/\/thepueblatimes.mx\/index.php\/wp-json\/wp\/v2\/posts\/15095"}],"collection":[{"href":"https:\/\/thepueblatimes.mx\/index.php\/wp-json\/wp\/v2\/posts"}],"about":[{"href":"https:\/\/thepueblatimes.mx\/index.php\/wp-json\/wp\/v2\/types\/post"}],"author":[{"embeddable":true,"href":"https:\/\/thepueblatimes.mx\/index.php\/wp-json\/wp\/v2\/users\/15"}],"replies":[{"embeddable":true,"href":"https:\/\/thepueblatimes.mx\/index.php\/wp-json\/wp\/v2\/comments?post=15095"}],"version-history":[{"count":1,"href":"https:\/\/thepueblatimes.mx\/index.php\/wp-json\/wp\/v2\/posts\/15095\/revisions"}],"predecessor-version":[{"id":15097,"href":"https:\/\/thepueblatimes.mx\/index.php\/wp-json\/wp\/v2\/posts\/15095\/revisions\/15097"}],"wp:featuredmedia":[{"embeddable":true,"href":"https:\/\/thepueblatimes.mx\/index.php\/wp-json\/wp\/v2\/media\/15096"}],"wp:attachment":[{"href":"https:\/\/thepueblatimes.mx\/index.php\/wp-json\/wp\/v2\/media?parent=15095"}],"wp:term":[{"taxonomy":"category","embeddable":true,"href":"https:\/\/thepueblatimes.mx\/index.php\/wp-json\/wp\/v2\/categories?post=15095"},{"taxonomy":"post_tag","embeddable":true,"href":"https:\/\/thepueblatimes.mx\/index.php\/wp-json\/wp\/v2\/tags?post=15095"}],"curies":[{"name":"wp","href":"https:\/\/api.w.org\/{rel}","templated":true}]}}