{"id":15091,"date":"2021-08-09T23:26:54","date_gmt":"2021-08-10T04:26:54","guid":{"rendered":"https:\/\/thepueblatimes.mx\/?p=15091"},"modified":"2021-08-09T23:26:54","modified_gmt":"2021-08-10T04:26:54","slug":"sujeto-cae-de-segundo-piso-y-muere-en-minerales-del-sur-en-puebla","status":"publish","type":"post","link":"https:\/\/thepueblatimes.mx\/index.php\/2021\/08\/09\/sujeto-cae-de-segundo-piso-y-muere-en-minerales-del-sur-en-puebla\/","title":{"rendered":"Sujeto cae de segundo piso y muere en Minerales del Sur en Puebla"},"content":{"rendered":"<p>Puebla, Pue.- <strong>Un hombre muri\u00f3 tras caer de un segundo piso en Calle Francio esquina con la 3 sur en la colonia Minerales del Sur<\/strong>, en la ciudad de Puebla<\/p>\n<p>La zona fue acordonada por polic\u00edas municipales.<\/p>\n<p>Tambi\u00e9n <strong>arrib\u00f3 personal de la Fiscal\u00eda Puebla para realizar las diligencias correspondientes.<\/strong><\/p>\n<p>Hasta el momento se desconoce la causa de la ca\u00edda de esta persona.<\/p>\n","protected":false},"excerpt":{"rendered":"<p>Puebla, Pue.- Un hombre muri\u00f3 tras caer de un segundo piso en Calle Francio esquina con la 3 sur en la colonia Minerales del Sur, en la ciudad de Puebla La zona fue acordonada por polic\u00edas municipales. Tambi\u00e9n arrib\u00f3 personal de la Fiscal\u00eda Puebla para realizar las diligencias correspondientes. Hasta el momento se desconoce la&#8230;<\/p>\n","protected":false},"author":15,"featured_media":15092,"comment_status":"open","ping_status":"open","sticky":false,"template":"","format":"standard","meta":[],"categories":[20],"tags":[49],"yoast_head":"<!-- This site is optimized with the Yoast SEO plugin v20.8 - https:\/\/yoast.com\/wordpress\/plugins\/seo\/ -->\n<title>Sujeto cae de segundo piso y muere en Minerales del Sur en Puebla - The Puebla Times<\/title>\n<meta name=\"robots\" content=\"index, follow, max-snippet:-1, max-image-preview:large, max-video-preview:-1\" \/>\n<link rel=\"canonical\" href=\"https:\/\/thepueblatimes.mx\/index.php\/2021\/08\/09\/sujeto-cae-de-segundo-piso-y-muere-en-minerales-del-sur-en-puebla\/\" \/>\n<meta property=\"og:locale\" content=\"es_ES\" \/>\n<meta property=\"og:type\" content=\"article\" \/>\n<meta property=\"og:title\" content=\"Sujeto cae de segundo piso y muere en Minerales del Sur en Puebla - The Puebla Times\" \/>\n<meta property=\"og:description\" content=\"Puebla, Pue.- Un hombre muri\u00f3 tras caer de un segundo piso en Calle Francio esquina con la 3 sur en la colonia Minerales del Sur, en la ciudad de Puebla La zona fue acordonada por polic\u00edas municipales. Tambi\u00e9n arrib\u00f3 personal de la Fiscal\u00eda Puebla para realizar las diligencias correspondientes. Hasta el momento se desconoce la...\" \/>\n<meta property=\"og:url\" content=\"https:\/\/thepueblatimes.mx\/index.php\/2021\/08\/09\/sujeto-cae-de-segundo-piso-y-muere-en-minerales-del-sur-en-puebla\/\" \/>\n<meta property=\"og:site_name\" content=\"The Puebla Times\" \/>\n<meta property=\"article:published_time\" content=\"2021-08-10T04:26:54+00:00\" \/>\n<meta property=\"og:image\" content=\"https:\/\/thepueblatimes.mx\/wp-content\/uploads\/2021\/08\/F7A611A0-82D7-4564-BA20-127E1AA66F37.jpeg\" \/>\n\t<meta property=\"og:image:width\" content=\"640\" \/>\n\t<meta property=\"og:image:height\" content=\"400\" \/>\n\t<meta property=\"og:image:type\" content=\"image\/jpeg\" \/>\n<meta name=\"author\" content=\"Francisco S\u00e1nchez Nolasco\" \/>\n<meta name=\"twitter:card\" content=\"summary_large_image\" \/>\n<meta name=\"twitter:label1\" content=\"Escrito por\" \/>\n\t<meta name=\"twitter:data1\" content=\"Francisco S\u00e1nchez Nolasco\" \/>\n<script type=\"application\/ld+json\" class=\"yoast-schema-graph\">{\"@context\":\"https:\/\/schema.org\",\"@graph\":[{\"@type\":\"WebPage\",\"@id\":\"https:\/\/thepueblatimes.mx\/index.php\/2021\/08\/09\/sujeto-cae-de-segundo-piso-y-muere-en-minerales-del-sur-en-puebla\/\",\"url\":\"https:\/\/thepueblatimes.mx\/index.php\/2021\/08\/09\/sujeto-cae-de-segundo-piso-y-muere-en-minerales-del-sur-en-puebla\/\",\"name\":\"Sujeto cae de segundo piso y muere en Minerales del Sur en Puebla - The Puebla Times\",\"isPartOf\":{\"@id\":\"https:\/\/thepueblatimes.mx\/#website\"},\"datePublished\":\"2021-08-10T04:26:54+00:00\",\"dateModified\":\"2021-08-10T04:26:54+00:00\",\"author\":{\"@id\":\"https:\/\/thepueblatimes.mx\/#\/schema\/person\/7bdf2adbc50078b104bba72b5612f774\"},\"breadcrumb\":{\"@id\":\"https:\/\/thepueblatimes.mx\/index.php\/2021\/08\/09\/sujeto-cae-de-segundo-piso-y-muere-en-minerales-del-sur-en-puebla\/#breadcrumb\"},\"inLanguage\":\"es\",\"potentialAction\":[{\"@type\":\"ReadAction\",\"target\":[\"https:\/\/thepueblatimes.mx\/index.php\/2021\/08\/09\/sujeto-cae-de-segundo-piso-y-muere-en-minerales-del-sur-en-puebla\/\"]}]},{\"@type\":\"BreadcrumbList\",\"@id\":\"https:\/\/thepueblatimes.mx\/index.php\/2021\/08\/09\/sujeto-cae-de-segundo-piso-y-muere-en-minerales-del-sur-en-puebla\/#breadcrumb\",\"itemListElement\":[{\"@type\":\"ListItem\",\"position\":1,\"name\":\"Portada\",\"item\":\"https:\/\/thepueblatimes.mx\/\"},{\"@type\":\"ListItem\",\"position\":2,\"name\":\"Sujeto cae de segundo piso y muere en Minerales del Sur en Puebla\"}]},{\"@type\":\"WebSite\",\"@id\":\"https:\/\/thepueblatimes.mx\/#website\",\"url\":\"https:\/\/thepueblatimes.mx\/\",\"name\":\"The Puebla Times\",\"description\":\"Noticias del Estado de Puebla\",\"potentialAction\":[{\"@type\":\"SearchAction\",\"target\":{\"@type\":\"EntryPoint\",\"urlTemplate\":\"https:\/\/thepueblatimes.mx\/?s={search_term_string}\"},\"query-input\":\"required name=search_term_string\"}],\"inLanguage\":\"es\"},{\"@type\":\"Person\",\"@id\":\"https:\/\/thepueblatimes.mx\/#\/schema\/person\/7bdf2adbc50078b104bba72b5612f774\",\"name\":\"Francisco S\u00e1nchez Nolasco\",\"image\":{\"@type\":\"ImageObject\",\"inLanguage\":\"es\",\"@id\":\"https:\/\/thepueblatimes.mx\/#\/schema\/person\/image\/\",\"url\":\"https:\/\/secure.gravatar.com\/avatar\/6061d7d20b38bc2742a5218401b198d2?s=96&d=mm&r=g\",\"contentUrl\":\"https:\/\/secure.gravatar.com\/avatar\/6061d7d20b38bc2742a5218401b198d2?s=96&d=mm&r=g\",\"caption\":\"Francisco S\u00e1nchez Nolasco\"},\"url\":\"https:\/\/thepueblatimes.mx\/index.php\/author\/marianitha-reyes\/\"}]}<\/script>\n<!-- \/ Yoast SEO plugin. -->","yoast_head_json":{"title":"Sujeto cae de segundo piso y muere en Minerales del Sur en Puebla - The Puebla Times","robots":{"index":"index","follow":"follow","max-snippet":"max-snippet:-1","max-image-preview":"max-image-preview:large","max-video-preview":"max-video-preview:-1"},"canonical":"https:\/\/thepueblatimes.mx\/index.php\/2021\/08\/09\/sujeto-cae-de-segundo-piso-y-muere-en-minerales-del-sur-en-puebla\/","og_locale":"es_ES","og_type":"article","og_title":"Sujeto cae de segundo piso y muere en Minerales del Sur en Puebla - The Puebla Times","og_description":"Puebla, Pue.- Un hombre muri\u00f3 tras caer de un segundo piso en Calle Francio esquina con la 3 sur en la colonia Minerales del Sur, en la ciudad de Puebla La zona fue acordonada por polic\u00edas municipales. Tambi\u00e9n arrib\u00f3 personal de la Fiscal\u00eda Puebla para realizar las diligencias correspondientes. Hasta el momento se desconoce la...","og_url":"https:\/\/thepueblatimes.mx\/index.php\/2021\/08\/09\/sujeto-cae-de-segundo-piso-y-muere-en-minerales-del-sur-en-puebla\/","og_site_name":"The Puebla Times","article_published_time":"2021-08-10T04:26:54+00:00","og_image":[{"width":640,"height":400,"url":"https:\/\/thepueblatimes.mx\/wp-content\/uploads\/2021\/08\/F7A611A0-82D7-4564-BA20-127E1AA66F37.jpeg","type":"image\/jpeg"}],"author":"Francisco S\u00e1nchez Nolasco","twitter_card":"summary_large_image","twitter_misc":{"Escrito por":"Francisco S\u00e1nchez Nolasco"},"schema":{"@context":"https:\/\/schema.org","@graph":[{"@type":"WebPage","@id":"https:\/\/thepueblatimes.mx\/index.php\/2021\/08\/09\/sujeto-cae-de-segundo-piso-y-muere-en-minerales-del-sur-en-puebla\/","url":"https:\/\/thepueblatimes.mx\/index.php\/2021\/08\/09\/sujeto-cae-de-segundo-piso-y-muere-en-minerales-del-sur-en-puebla\/","name":"Sujeto cae de segundo piso y muere en Minerales del Sur en Puebla - The Puebla Times","isPartOf":{"@id":"https:\/\/thepueblatimes.mx\/#website"},"datePublished":"2021-08-10T04:26:54+00:00","dateModified":"2021-08-10T04:26:54+00:00","author":{"@id":"https:\/\/thepueblatimes.mx\/#\/schema\/person\/7bdf2adbc50078b104bba72b5612f774"},"breadcrumb":{"@id":"https:\/\/thepueblatimes.mx\/index.php\/2021\/08\/09\/sujeto-cae-de-segundo-piso-y-muere-en-minerales-del-sur-en-puebla\/#breadcrumb"},"inLanguage":"es","potentialAction":[{"@type":"ReadAction","target":["https:\/\/thepueblatimes.mx\/index.php\/2021\/08\/09\/sujeto-cae-de-segundo-piso-y-muere-en-minerales-del-sur-en-puebla\/"]}]},{"@type":"BreadcrumbList","@id":"https:\/\/thepueblatimes.mx\/index.php\/2021\/08\/09\/sujeto-cae-de-segundo-piso-y-muere-en-minerales-del-sur-en-puebla\/#breadcrumb","itemListElement":[{"@type":"ListItem","position":1,"name":"Portada","item":"https:\/\/thepueblatimes.mx\/"},{"@type":"ListItem","position":2,"name":"Sujeto cae de segundo piso y muere en Minerales del Sur en Puebla"}]},{"@type":"WebSite","@id":"https:\/\/thepueblatimes.mx\/#website","url":"https:\/\/thepueblatimes.mx\/","name":"The Puebla Times","description":"Noticias del Estado de Puebla","potentialAction":[{"@type":"SearchAction","target":{"@type":"EntryPoint","urlTemplate":"https:\/\/thepueblatimes.mx\/?s={search_term_string}"},"query-input":"required name=search_term_string"}],"inLanguage":"es"},{"@type":"Person","@id":"https:\/\/thepueblatimes.mx\/#\/schema\/person\/7bdf2adbc50078b104bba72b5612f774","name":"Francisco S\u00e1nchez Nolasco","image":{"@type":"ImageObject","inLanguage":"es","@id":"https:\/\/thepueblatimes.mx\/#\/schema\/person\/image\/","url":"https:\/\/secure.gravatar.com\/avatar\/6061d7d20b38bc2742a5218401b198d2?s=96&d=mm&r=g","contentUrl":"https:\/\/secure.gravatar.com\/avatar\/6061d7d20b38bc2742a5218401b198d2?s=96&d=mm&r=g","caption":"Francisco S\u00e1nchez Nolasco"},"url":"https:\/\/thepueblatimes.mx\/index.php\/author\/marianitha-reyes\/"}]}},"jetpack_featured_media_url":"https:\/\/thepueblatimes.mx\/wp-content\/uploads\/2021\/08\/F7A611A0-82D7-4564-BA20-127E1AA66F37.jpeg","_links":{"self":[{"href":"https:\/\/thepueblatimes.mx\/index.php\/wp-json\/wp\/v2\/posts\/15091"}],"collection":[{"href":"https:\/\/thepueblatimes.mx\/index.php\/wp-json\/wp\/v2\/posts"}],"about":[{"href":"https:\/\/thepueblatimes.mx\/index.php\/wp-json\/wp\/v2\/types\/post"}],"author":[{"embeddable":true,"href":"https:\/\/thepueblatimes.mx\/index.php\/wp-json\/wp\/v2\/users\/15"}],"replies":[{"embeddable":true,"href":"https:\/\/thepueblatimes.mx\/index.php\/wp-json\/wp\/v2\/comments?post=15091"}],"version-history":[{"count":2,"href":"https:\/\/thepueblatimes.mx\/index.php\/wp-json\/wp\/v2\/posts\/15091\/revisions"}],"predecessor-version":[{"id":15094,"href":"https:\/\/thepueblatimes.mx\/index.php\/wp-json\/wp\/v2\/posts\/15091\/revisions\/15094"}],"wp:featuredmedia":[{"embeddable":true,"href":"https:\/\/thepueblatimes.mx\/index.php\/wp-json\/wp\/v2\/media\/15092"}],"wp:attachment":[{"href":"https:\/\/thepueblatimes.mx\/index.php\/wp-json\/wp\/v2\/media?parent=15091"}],"wp:term":[{"taxonomy":"category","embeddable":true,"href":"https:\/\/thepueblatimes.mx\/index.php\/wp-json\/wp\/v2\/categories?post=15091"},{"taxonomy":"post_tag","embeddable":true,"href":"https:\/\/thepueblatimes.mx\/index.php\/wp-json\/wp\/v2\/tags?post=15091"}],"curies":[{"name":"wp","href":"https:\/\/api.w.org\/{rel}","templated":true}]}}