{"id":15084,"date":"2021-08-09T23:18:18","date_gmt":"2021-08-10T04:18:18","guid":{"rendered":"https:\/\/thepueblatimes.mx\/?p=15084"},"modified":"2021-08-09T23:18:18","modified_gmt":"2021-08-10T04:18:18","slug":"atrapa-guardia-nacional-a-sujeto-por-doble-secuestro-en-teziutlan","status":"publish","type":"post","link":"https:\/\/thepueblatimes.mx\/index.php\/2021\/08\/09\/atrapa-guardia-nacional-a-sujeto-por-doble-secuestro-en-teziutlan\/","title":{"rendered":"Atrapa Guardia Nacional a sujeto por doble secuestro en Teziutl\u00e1n"},"content":{"rendered":"<p>La <strong>Fiscal\u00eda General de la Rep\u00fablica<\/strong>(FGR), a trav\u00e9s de la Fiscal\u00eda Especializada en materia de Delincuencia Organizada (FEMDO), obtuvo <strong>vinculaci\u00f3n a proceso <\/strong>en contra de un sujeto acusado de participar en un secuestro en el estado de Puebla.<\/p>\n<p>Derivado del trabajo de investigaci\u00f3n de gabinete y en campo coordinado por el agente del <strong>Ministerio P\u00fablico Federal<\/strong> (MPF), fue posible identificar a diversas personas involucradas en el <strong>secuestro<\/strong> de dos personas en el municipio de <strong>Teziutl\u00e1n<\/strong>.<\/p>\n<p>El 22 de julio de 2021, elementos de la Guardia Nacional (GN), dieron cumplimiento en el estado de Puebla, a la orden de aprehensi\u00f3n librada en contra de <strong>Manuel \u201cA\u201d y\/o Jos\u00e9 Manuel \u201cA\u201d<\/strong>, por su probable intervenci\u00f3n en el delito de delincuencia organizada con fines de <strong>secuestro<\/strong>.<\/p>\n<p>Posteriormente, y en continuaci\u00f3n de audiencia, el Juez de la causa lo vincul\u00f3 a proceso por ser probable responsable del delito de <strong>delincuencia organizada<\/strong>, quedando bajo la medida cautelar de prisi\u00f3n preventiva oficiosa en el CEFERESO 14 en G\u00f3mez Palacio, Durango.<\/p>\n<p><strong>Reportan tambi\u00e9n captura de huachicolero en Tamaulipas<\/strong><\/p>\n<p>En otro caso, se vincul\u00f3 a proceso a <strong>V\u00edctor Manuel<\/strong> \u201cS\u201d, por su probable responsabilidad en el delito de posesi\u00f3n il\u00edcita de petrol\u00edfero, por lo que el Juez de Control del Centro de Justicia Penal Federal, en el Estado de Tamaulipas, con residencia en <strong>Ciudad Victoria<\/strong>, le impuso la medida cautelar de prisi\u00f3n preventiva oficiosa en el Centro de Reclusi\u00f3n de Ciudad Victoria, y otorg\u00f3 un mes para la investigaci\u00f3n complementaria.<\/p>\n<p>Esta persona fue detenida el 20 de julio de 2021 durante la ejecuci\u00f3n de un cateo en la colonia <strong>Enrique C\u00e1rdenas<\/strong> Gonz\u00e1lez, de Tampico, Tamaulipas, donde adem\u00e1s se asegur\u00f3 el inmueble, un veh\u00edculo, una motocicleta, aproximadamente ocho mil litros de di\u00e9sel y 48 mil pesos.<\/p>\n","protected":false},"excerpt":{"rendered":"<p>La Fiscal\u00eda General de la Rep\u00fablica(FGR), a trav\u00e9s de la Fiscal\u00eda Especializada en materia de Delincuencia Organizada (FEMDO), obtuvo vinculaci\u00f3n a proceso en contra de un sujeto acusado de participar en un secuestro en el estado de Puebla. Derivado del trabajo de investigaci\u00f3n de gabinete y en campo coordinado por el agente del Ministerio P\u00fablico&#8230;<\/p>\n","protected":false},"author":15,"featured_media":15086,"comment_status":"open","ping_status":"open","sticky":false,"template":"","format":"standard","meta":[],"categories":[20],"tags":[],"yoast_head":"<!-- This site is optimized with the Yoast SEO plugin v20.8 - https:\/\/yoast.com\/wordpress\/plugins\/seo\/ -->\n<title>Atrapa Guardia Nacional a sujeto por doble secuestro en Teziutl\u00e1n - The Puebla Times<\/title>\n<meta name=\"robots\" content=\"index, follow, max-snippet:-1, max-image-preview:large, max-video-preview:-1\" \/>\n<link rel=\"canonical\" href=\"https:\/\/thepueblatimes.mx\/index.php\/2021\/08\/09\/atrapa-guardia-nacional-a-sujeto-por-doble-secuestro-en-teziutlan\/\" \/>\n<meta property=\"og:locale\" content=\"es_ES\" \/>\n<meta property=\"og:type\" content=\"article\" \/>\n<meta property=\"og:title\" content=\"Atrapa Guardia Nacional a sujeto por doble secuestro en Teziutl\u00e1n - The Puebla Times\" \/>\n<meta property=\"og:description\" content=\"La Fiscal\u00eda General de la Rep\u00fablica(FGR), a trav\u00e9s de la Fiscal\u00eda Especializada en materia de Delincuencia Organizada (FEMDO), obtuvo vinculaci\u00f3n a proceso en contra de un sujeto acusado de participar en un secuestro en el estado de Puebla. Derivado del trabajo de investigaci\u00f3n de gabinete y en campo coordinado por el agente del Ministerio P\u00fablico...\" \/>\n<meta property=\"og:url\" content=\"https:\/\/thepueblatimes.mx\/index.php\/2021\/08\/09\/atrapa-guardia-nacional-a-sujeto-por-doble-secuestro-en-teziutlan\/\" \/>\n<meta property=\"og:site_name\" content=\"The Puebla Times\" \/>\n<meta property=\"article:published_time\" content=\"2021-08-10T04:18:18+00:00\" \/>\n<meta property=\"og:image\" content=\"https:\/\/thepueblatimes.mx\/wp-content\/uploads\/2021\/08\/81DE12C7-A39D-47A4-A229-840312E73377.jpeg\" \/>\n\t<meta property=\"og:image:width\" content=\"680\" \/>\n\t<meta property=\"og:image:height\" content=\"451\" \/>\n\t<meta property=\"og:image:type\" content=\"image\/jpeg\" \/>\n<meta name=\"author\" content=\"Francisco S\u00e1nchez Nolasco\" \/>\n<meta name=\"twitter:card\" content=\"summary_large_image\" \/>\n<meta name=\"twitter:label1\" content=\"Escrito por\" \/>\n\t<meta name=\"twitter:data1\" content=\"Francisco S\u00e1nchez Nolasco\" \/>\n\t<meta name=\"twitter:label2\" content=\"Tiempo de lectura\" \/>\n\t<meta name=\"twitter:data2\" content=\"2 minutos\" \/>\n<script type=\"application\/ld+json\" class=\"yoast-schema-graph\">{\"@context\":\"https:\/\/schema.org\",\"@graph\":[{\"@type\":\"WebPage\",\"@id\":\"https:\/\/thepueblatimes.mx\/index.php\/2021\/08\/09\/atrapa-guardia-nacional-a-sujeto-por-doble-secuestro-en-teziutlan\/\",\"url\":\"https:\/\/thepueblatimes.mx\/index.php\/2021\/08\/09\/atrapa-guardia-nacional-a-sujeto-por-doble-secuestro-en-teziutlan\/\",\"name\":\"Atrapa Guardia Nacional a sujeto por doble secuestro en Teziutl\u00e1n - The Puebla Times\",\"isPartOf\":{\"@id\":\"https:\/\/thepueblatimes.mx\/#website\"},\"datePublished\":\"2021-08-10T04:18:18+00:00\",\"dateModified\":\"2021-08-10T04:18:18+00:00\",\"author\":{\"@id\":\"https:\/\/thepueblatimes.mx\/#\/schema\/person\/7bdf2adbc50078b104bba72b5612f774\"},\"breadcrumb\":{\"@id\":\"https:\/\/thepueblatimes.mx\/index.php\/2021\/08\/09\/atrapa-guardia-nacional-a-sujeto-por-doble-secuestro-en-teziutlan\/#breadcrumb\"},\"inLanguage\":\"es\",\"potentialAction\":[{\"@type\":\"ReadAction\",\"target\":[\"https:\/\/thepueblatimes.mx\/index.php\/2021\/08\/09\/atrapa-guardia-nacional-a-sujeto-por-doble-secuestro-en-teziutlan\/\"]}]},{\"@type\":\"BreadcrumbList\",\"@id\":\"https:\/\/thepueblatimes.mx\/index.php\/2021\/08\/09\/atrapa-guardia-nacional-a-sujeto-por-doble-secuestro-en-teziutlan\/#breadcrumb\",\"itemListElement\":[{\"@type\":\"ListItem\",\"position\":1,\"name\":\"Portada\",\"item\":\"https:\/\/thepueblatimes.mx\/\"},{\"@type\":\"ListItem\",\"position\":2,\"name\":\"Atrapa Guardia Nacional a sujeto por doble secuestro en Teziutl\u00e1n\"}]},{\"@type\":\"WebSite\",\"@id\":\"https:\/\/thepueblatimes.mx\/#website\",\"url\":\"https:\/\/thepueblatimes.mx\/\",\"name\":\"The Puebla Times\",\"description\":\"Noticias del Estado de Puebla\",\"potentialAction\":[{\"@type\":\"SearchAction\",\"target\":{\"@type\":\"EntryPoint\",\"urlTemplate\":\"https:\/\/thepueblatimes.mx\/?s={search_term_string}\"},\"query-input\":\"required name=search_term_string\"}],\"inLanguage\":\"es\"},{\"@type\":\"Person\",\"@id\":\"https:\/\/thepueblatimes.mx\/#\/schema\/person\/7bdf2adbc50078b104bba72b5612f774\",\"name\":\"Francisco S\u00e1nchez Nolasco\",\"image\":{\"@type\":\"ImageObject\",\"inLanguage\":\"es\",\"@id\":\"https:\/\/thepueblatimes.mx\/#\/schema\/person\/image\/\",\"url\":\"https:\/\/secure.gravatar.com\/avatar\/6061d7d20b38bc2742a5218401b198d2?s=96&d=mm&r=g\",\"contentUrl\":\"https:\/\/secure.gravatar.com\/avatar\/6061d7d20b38bc2742a5218401b198d2?s=96&d=mm&r=g\",\"caption\":\"Francisco S\u00e1nchez Nolasco\"},\"url\":\"https:\/\/thepueblatimes.mx\/index.php\/author\/marianitha-reyes\/\"}]}<\/script>\n<!-- \/ Yoast SEO plugin. -->","yoast_head_json":{"title":"Atrapa Guardia Nacional a sujeto por doble secuestro en Teziutl\u00e1n - The Puebla Times","robots":{"index":"index","follow":"follow","max-snippet":"max-snippet:-1","max-image-preview":"max-image-preview:large","max-video-preview":"max-video-preview:-1"},"canonical":"https:\/\/thepueblatimes.mx\/index.php\/2021\/08\/09\/atrapa-guardia-nacional-a-sujeto-por-doble-secuestro-en-teziutlan\/","og_locale":"es_ES","og_type":"article","og_title":"Atrapa Guardia Nacional a sujeto por doble secuestro en Teziutl\u00e1n - The Puebla Times","og_description":"La Fiscal\u00eda General de la Rep\u00fablica(FGR), a trav\u00e9s de la Fiscal\u00eda Especializada en materia de Delincuencia Organizada (FEMDO), obtuvo vinculaci\u00f3n a proceso en contra de un sujeto acusado de participar en un secuestro en el estado de Puebla. Derivado del trabajo de investigaci\u00f3n de gabinete y en campo coordinado por el agente del Ministerio P\u00fablico...","og_url":"https:\/\/thepueblatimes.mx\/index.php\/2021\/08\/09\/atrapa-guardia-nacional-a-sujeto-por-doble-secuestro-en-teziutlan\/","og_site_name":"The Puebla Times","article_published_time":"2021-08-10T04:18:18+00:00","og_image":[{"width":680,"height":451,"url":"https:\/\/thepueblatimes.mx\/wp-content\/uploads\/2021\/08\/81DE12C7-A39D-47A4-A229-840312E73377.jpeg","type":"image\/jpeg"}],"author":"Francisco S\u00e1nchez Nolasco","twitter_card":"summary_large_image","twitter_misc":{"Escrito por":"Francisco S\u00e1nchez Nolasco","Tiempo de lectura":"2 minutos"},"schema":{"@context":"https:\/\/schema.org","@graph":[{"@type":"WebPage","@id":"https:\/\/thepueblatimes.mx\/index.php\/2021\/08\/09\/atrapa-guardia-nacional-a-sujeto-por-doble-secuestro-en-teziutlan\/","url":"https:\/\/thepueblatimes.mx\/index.php\/2021\/08\/09\/atrapa-guardia-nacional-a-sujeto-por-doble-secuestro-en-teziutlan\/","name":"Atrapa Guardia Nacional a sujeto por doble secuestro en Teziutl\u00e1n - The Puebla Times","isPartOf":{"@id":"https:\/\/thepueblatimes.mx\/#website"},"datePublished":"2021-08-10T04:18:18+00:00","dateModified":"2021-08-10T04:18:18+00:00","author":{"@id":"https:\/\/thepueblatimes.mx\/#\/schema\/person\/7bdf2adbc50078b104bba72b5612f774"},"breadcrumb":{"@id":"https:\/\/thepueblatimes.mx\/index.php\/2021\/08\/09\/atrapa-guardia-nacional-a-sujeto-por-doble-secuestro-en-teziutlan\/#breadcrumb"},"inLanguage":"es","potentialAction":[{"@type":"ReadAction","target":["https:\/\/thepueblatimes.mx\/index.php\/2021\/08\/09\/atrapa-guardia-nacional-a-sujeto-por-doble-secuestro-en-teziutlan\/"]}]},{"@type":"BreadcrumbList","@id":"https:\/\/thepueblatimes.mx\/index.php\/2021\/08\/09\/atrapa-guardia-nacional-a-sujeto-por-doble-secuestro-en-teziutlan\/#breadcrumb","itemListElement":[{"@type":"ListItem","position":1,"name":"Portada","item":"https:\/\/thepueblatimes.mx\/"},{"@type":"ListItem","position":2,"name":"Atrapa Guardia Nacional a sujeto por doble secuestro en Teziutl\u00e1n"}]},{"@type":"WebSite","@id":"https:\/\/thepueblatimes.mx\/#website","url":"https:\/\/thepueblatimes.mx\/","name":"The Puebla Times","description":"Noticias del Estado de Puebla","potentialAction":[{"@type":"SearchAction","target":{"@type":"EntryPoint","urlTemplate":"https:\/\/thepueblatimes.mx\/?s={search_term_string}"},"query-input":"required name=search_term_string"}],"inLanguage":"es"},{"@type":"Person","@id":"https:\/\/thepueblatimes.mx\/#\/schema\/person\/7bdf2adbc50078b104bba72b5612f774","name":"Francisco S\u00e1nchez Nolasco","image":{"@type":"ImageObject","inLanguage":"es","@id":"https:\/\/thepueblatimes.mx\/#\/schema\/person\/image\/","url":"https:\/\/secure.gravatar.com\/avatar\/6061d7d20b38bc2742a5218401b198d2?s=96&d=mm&r=g","contentUrl":"https:\/\/secure.gravatar.com\/avatar\/6061d7d20b38bc2742a5218401b198d2?s=96&d=mm&r=g","caption":"Francisco S\u00e1nchez Nolasco"},"url":"https:\/\/thepueblatimes.mx\/index.php\/author\/marianitha-reyes\/"}]}},"jetpack_featured_media_url":"https:\/\/thepueblatimes.mx\/wp-content\/uploads\/2021\/08\/81DE12C7-A39D-47A4-A229-840312E73377.jpeg","_links":{"self":[{"href":"https:\/\/thepueblatimes.mx\/index.php\/wp-json\/wp\/v2\/posts\/15084"}],"collection":[{"href":"https:\/\/thepueblatimes.mx\/index.php\/wp-json\/wp\/v2\/posts"}],"about":[{"href":"https:\/\/thepueblatimes.mx\/index.php\/wp-json\/wp\/v2\/types\/post"}],"author":[{"embeddable":true,"href":"https:\/\/thepueblatimes.mx\/index.php\/wp-json\/wp\/v2\/users\/15"}],"replies":[{"embeddable":true,"href":"https:\/\/thepueblatimes.mx\/index.php\/wp-json\/wp\/v2\/comments?post=15084"}],"version-history":[{"count":1,"href":"https:\/\/thepueblatimes.mx\/index.php\/wp-json\/wp\/v2\/posts\/15084\/revisions"}],"predecessor-version":[{"id":15087,"href":"https:\/\/thepueblatimes.mx\/index.php\/wp-json\/wp\/v2\/posts\/15084\/revisions\/15087"}],"wp:featuredmedia":[{"embeddable":true,"href":"https:\/\/thepueblatimes.mx\/index.php\/wp-json\/wp\/v2\/media\/15086"}],"wp:attachment":[{"href":"https:\/\/thepueblatimes.mx\/index.php\/wp-json\/wp\/v2\/media?parent=15084"}],"wp:term":[{"taxonomy":"category","embeddable":true,"href":"https:\/\/thepueblatimes.mx\/index.php\/wp-json\/wp\/v2\/categories?post=15084"},{"taxonomy":"post_tag","embeddable":true,"href":"https:\/\/thepueblatimes.mx\/index.php\/wp-json\/wp\/v2\/tags?post=15084"}],"curies":[{"name":"wp","href":"https:\/\/api.w.org\/{rel}","templated":true}]}}