{"id":15076,"date":"2021-08-09T23:07:14","date_gmt":"2021-08-10T04:07:14","guid":{"rendered":"https:\/\/thepueblatimes.mx\/?p=15076"},"modified":"2021-08-09T23:07:14","modified_gmt":"2021-08-10T04:07:14","slug":"arrollan-a-indigente-en-limites-de-atlixco-con-tochimilco","status":"publish","type":"post","link":"https:\/\/thepueblatimes.mx\/index.php\/2021\/08\/09\/arrollan-a-indigente-en-limites-de-atlixco-con-tochimilco\/","title":{"rendered":"Arrollan a indigente en l\u00edmites de Atlixco con Tochimilco"},"content":{"rendered":"<p>Atlixco, Pue.-<strong> Mientras caminaba en un paraje solitario sobre la carretera San Jer\u00f3nimo Coyula- Tochimilco, un hombre<\/strong>, aparentemente indigente,<strong> fue arrollado por un auto particular cuyo conductor se dio a la fuga.<\/strong><\/p>\n<p>Los hechos ocurrieron este lunes, de acuerdo con la informaci\u00f3n oficial,<strong> en los l\u00edmites de los municipios de Atlixco- Atzizihuac\u00e1n- Tochimilco.<\/strong><\/p>\n<p>El occiso, cuya identidad es desconocida hasta el momento, aparentemente viv\u00eda en situaci\u00f3n de calle o era un indigente.<\/p>\n<p>Polic\u00edas de Tochimilco y Atzizihuac\u00e1n llegaron para confirmar el percance vial y dar fe de la muerte de este hombre.<\/p>\n","protected":false},"excerpt":{"rendered":"<p>Atlixco, Pue.- Mientras caminaba en un paraje solitario sobre la carretera San Jer\u00f3nimo Coyula- Tochimilco, un hombre, aparentemente indigente, fue arrollado por un auto particular cuyo conductor se dio a la fuga. Los hechos ocurrieron este lunes, de acuerdo con la informaci\u00f3n oficial, en los l\u00edmites de los municipios de Atlixco- Atzizihuac\u00e1n- Tochimilco. El occiso,&#8230;<\/p>\n","protected":false},"author":15,"featured_media":15078,"comment_status":"open","ping_status":"open","sticky":false,"template":"","format":"standard","meta":[],"categories":[20],"tags":[49],"yoast_head":"<!-- This site is optimized with the Yoast SEO plugin v20.8 - https:\/\/yoast.com\/wordpress\/plugins\/seo\/ -->\n<title>Arrollan a indigente en l\u00edmites de Atlixco con Tochimilco - The Puebla Times<\/title>\n<meta name=\"robots\" content=\"index, follow, max-snippet:-1, max-image-preview:large, max-video-preview:-1\" \/>\n<link rel=\"canonical\" href=\"https:\/\/thepueblatimes.mx\/index.php\/2021\/08\/09\/arrollan-a-indigente-en-limites-de-atlixco-con-tochimilco\/\" \/>\n<meta property=\"og:locale\" content=\"es_ES\" \/>\n<meta property=\"og:type\" content=\"article\" \/>\n<meta property=\"og:title\" content=\"Arrollan a indigente en l\u00edmites de Atlixco con Tochimilco - The Puebla Times\" \/>\n<meta property=\"og:description\" content=\"Atlixco, Pue.- Mientras caminaba en un paraje solitario sobre la carretera San Jer\u00f3nimo Coyula- Tochimilco, un hombre, aparentemente indigente, fue arrollado por un auto particular cuyo conductor se dio a la fuga. Los hechos ocurrieron este lunes, de acuerdo con la informaci\u00f3n oficial, en los l\u00edmites de los municipios de Atlixco- Atzizihuac\u00e1n- Tochimilco. El occiso,...\" \/>\n<meta property=\"og:url\" content=\"https:\/\/thepueblatimes.mx\/index.php\/2021\/08\/09\/arrollan-a-indigente-en-limites-de-atlixco-con-tochimilco\/\" \/>\n<meta property=\"og:site_name\" content=\"The Puebla Times\" \/>\n<meta property=\"article:published_time\" content=\"2021-08-10T04:07:14+00:00\" \/>\n<meta property=\"og:image\" content=\"https:\/\/thepueblatimes.mx\/wp-content\/uploads\/2021\/08\/50A41499-1177-4D5E-A82C-9097860EE13F.jpeg\" \/>\n\t<meta property=\"og:image:width\" content=\"554\" \/>\n\t<meta property=\"og:image:height\" content=\"360\" \/>\n\t<meta property=\"og:image:type\" content=\"image\/jpeg\" \/>\n<meta name=\"author\" content=\"Francisco S\u00e1nchez Nolasco\" \/>\n<meta name=\"twitter:card\" content=\"summary_large_image\" \/>\n<meta name=\"twitter:label1\" content=\"Escrito por\" \/>\n\t<meta name=\"twitter:data1\" content=\"Francisco S\u00e1nchez Nolasco\" \/>\n\t<meta name=\"twitter:label2\" content=\"Tiempo de lectura\" \/>\n\t<meta name=\"twitter:data2\" content=\"1 minuto\" \/>\n<script type=\"application\/ld+json\" class=\"yoast-schema-graph\">{\"@context\":\"https:\/\/schema.org\",\"@graph\":[{\"@type\":\"WebPage\",\"@id\":\"https:\/\/thepueblatimes.mx\/index.php\/2021\/08\/09\/arrollan-a-indigente-en-limites-de-atlixco-con-tochimilco\/\",\"url\":\"https:\/\/thepueblatimes.mx\/index.php\/2021\/08\/09\/arrollan-a-indigente-en-limites-de-atlixco-con-tochimilco\/\",\"name\":\"Arrollan a indigente en l\u00edmites de Atlixco con Tochimilco - The Puebla Times\",\"isPartOf\":{\"@id\":\"https:\/\/thepueblatimes.mx\/#website\"},\"datePublished\":\"2021-08-10T04:07:14+00:00\",\"dateModified\":\"2021-08-10T04:07:14+00:00\",\"author\":{\"@id\":\"https:\/\/thepueblatimes.mx\/#\/schema\/person\/7bdf2adbc50078b104bba72b5612f774\"},\"breadcrumb\":{\"@id\":\"https:\/\/thepueblatimes.mx\/index.php\/2021\/08\/09\/arrollan-a-indigente-en-limites-de-atlixco-con-tochimilco\/#breadcrumb\"},\"inLanguage\":\"es\",\"potentialAction\":[{\"@type\":\"ReadAction\",\"target\":[\"https:\/\/thepueblatimes.mx\/index.php\/2021\/08\/09\/arrollan-a-indigente-en-limites-de-atlixco-con-tochimilco\/\"]}]},{\"@type\":\"BreadcrumbList\",\"@id\":\"https:\/\/thepueblatimes.mx\/index.php\/2021\/08\/09\/arrollan-a-indigente-en-limites-de-atlixco-con-tochimilco\/#breadcrumb\",\"itemListElement\":[{\"@type\":\"ListItem\",\"position\":1,\"name\":\"Portada\",\"item\":\"https:\/\/thepueblatimes.mx\/\"},{\"@type\":\"ListItem\",\"position\":2,\"name\":\"Arrollan a indigente en l\u00edmites de Atlixco con Tochimilco\"}]},{\"@type\":\"WebSite\",\"@id\":\"https:\/\/thepueblatimes.mx\/#website\",\"url\":\"https:\/\/thepueblatimes.mx\/\",\"name\":\"The Puebla Times\",\"description\":\"Noticias del Estado de Puebla\",\"potentialAction\":[{\"@type\":\"SearchAction\",\"target\":{\"@type\":\"EntryPoint\",\"urlTemplate\":\"https:\/\/thepueblatimes.mx\/?s={search_term_string}\"},\"query-input\":\"required name=search_term_string\"}],\"inLanguage\":\"es\"},{\"@type\":\"Person\",\"@id\":\"https:\/\/thepueblatimes.mx\/#\/schema\/person\/7bdf2adbc50078b104bba72b5612f774\",\"name\":\"Francisco S\u00e1nchez Nolasco\",\"image\":{\"@type\":\"ImageObject\",\"inLanguage\":\"es\",\"@id\":\"https:\/\/thepueblatimes.mx\/#\/schema\/person\/image\/\",\"url\":\"https:\/\/secure.gravatar.com\/avatar\/6061d7d20b38bc2742a5218401b198d2?s=96&d=mm&r=g\",\"contentUrl\":\"https:\/\/secure.gravatar.com\/avatar\/6061d7d20b38bc2742a5218401b198d2?s=96&d=mm&r=g\",\"caption\":\"Francisco S\u00e1nchez Nolasco\"},\"url\":\"https:\/\/thepueblatimes.mx\/index.php\/author\/marianitha-reyes\/\"}]}<\/script>\n<!-- \/ Yoast SEO plugin. -->","yoast_head_json":{"title":"Arrollan a indigente en l\u00edmites de Atlixco con Tochimilco - The Puebla Times","robots":{"index":"index","follow":"follow","max-snippet":"max-snippet:-1","max-image-preview":"max-image-preview:large","max-video-preview":"max-video-preview:-1"},"canonical":"https:\/\/thepueblatimes.mx\/index.php\/2021\/08\/09\/arrollan-a-indigente-en-limites-de-atlixco-con-tochimilco\/","og_locale":"es_ES","og_type":"article","og_title":"Arrollan a indigente en l\u00edmites de Atlixco con Tochimilco - The Puebla Times","og_description":"Atlixco, Pue.- Mientras caminaba en un paraje solitario sobre la carretera San Jer\u00f3nimo Coyula- Tochimilco, un hombre, aparentemente indigente, fue arrollado por un auto particular cuyo conductor se dio a la fuga. Los hechos ocurrieron este lunes, de acuerdo con la informaci\u00f3n oficial, en los l\u00edmites de los municipios de Atlixco- Atzizihuac\u00e1n- Tochimilco. El occiso,...","og_url":"https:\/\/thepueblatimes.mx\/index.php\/2021\/08\/09\/arrollan-a-indigente-en-limites-de-atlixco-con-tochimilco\/","og_site_name":"The Puebla Times","article_published_time":"2021-08-10T04:07:14+00:00","og_image":[{"width":554,"height":360,"url":"https:\/\/thepueblatimes.mx\/wp-content\/uploads\/2021\/08\/50A41499-1177-4D5E-A82C-9097860EE13F.jpeg","type":"image\/jpeg"}],"author":"Francisco S\u00e1nchez Nolasco","twitter_card":"summary_large_image","twitter_misc":{"Escrito por":"Francisco S\u00e1nchez Nolasco","Tiempo de lectura":"1 minuto"},"schema":{"@context":"https:\/\/schema.org","@graph":[{"@type":"WebPage","@id":"https:\/\/thepueblatimes.mx\/index.php\/2021\/08\/09\/arrollan-a-indigente-en-limites-de-atlixco-con-tochimilco\/","url":"https:\/\/thepueblatimes.mx\/index.php\/2021\/08\/09\/arrollan-a-indigente-en-limites-de-atlixco-con-tochimilco\/","name":"Arrollan a indigente en l\u00edmites de Atlixco con Tochimilco - The Puebla Times","isPartOf":{"@id":"https:\/\/thepueblatimes.mx\/#website"},"datePublished":"2021-08-10T04:07:14+00:00","dateModified":"2021-08-10T04:07:14+00:00","author":{"@id":"https:\/\/thepueblatimes.mx\/#\/schema\/person\/7bdf2adbc50078b104bba72b5612f774"},"breadcrumb":{"@id":"https:\/\/thepueblatimes.mx\/index.php\/2021\/08\/09\/arrollan-a-indigente-en-limites-de-atlixco-con-tochimilco\/#breadcrumb"},"inLanguage":"es","potentialAction":[{"@type":"ReadAction","target":["https:\/\/thepueblatimes.mx\/index.php\/2021\/08\/09\/arrollan-a-indigente-en-limites-de-atlixco-con-tochimilco\/"]}]},{"@type":"BreadcrumbList","@id":"https:\/\/thepueblatimes.mx\/index.php\/2021\/08\/09\/arrollan-a-indigente-en-limites-de-atlixco-con-tochimilco\/#breadcrumb","itemListElement":[{"@type":"ListItem","position":1,"name":"Portada","item":"https:\/\/thepueblatimes.mx\/"},{"@type":"ListItem","position":2,"name":"Arrollan a indigente en l\u00edmites de Atlixco con Tochimilco"}]},{"@type":"WebSite","@id":"https:\/\/thepueblatimes.mx\/#website","url":"https:\/\/thepueblatimes.mx\/","name":"The Puebla Times","description":"Noticias del Estado de Puebla","potentialAction":[{"@type":"SearchAction","target":{"@type":"EntryPoint","urlTemplate":"https:\/\/thepueblatimes.mx\/?s={search_term_string}"},"query-input":"required name=search_term_string"}],"inLanguage":"es"},{"@type":"Person","@id":"https:\/\/thepueblatimes.mx\/#\/schema\/person\/7bdf2adbc50078b104bba72b5612f774","name":"Francisco S\u00e1nchez Nolasco","image":{"@type":"ImageObject","inLanguage":"es","@id":"https:\/\/thepueblatimes.mx\/#\/schema\/person\/image\/","url":"https:\/\/secure.gravatar.com\/avatar\/6061d7d20b38bc2742a5218401b198d2?s=96&d=mm&r=g","contentUrl":"https:\/\/secure.gravatar.com\/avatar\/6061d7d20b38bc2742a5218401b198d2?s=96&d=mm&r=g","caption":"Francisco S\u00e1nchez Nolasco"},"url":"https:\/\/thepueblatimes.mx\/index.php\/author\/marianitha-reyes\/"}]}},"jetpack_featured_media_url":"https:\/\/thepueblatimes.mx\/wp-content\/uploads\/2021\/08\/50A41499-1177-4D5E-A82C-9097860EE13F.jpeg","_links":{"self":[{"href":"https:\/\/thepueblatimes.mx\/index.php\/wp-json\/wp\/v2\/posts\/15076"}],"collection":[{"href":"https:\/\/thepueblatimes.mx\/index.php\/wp-json\/wp\/v2\/posts"}],"about":[{"href":"https:\/\/thepueblatimes.mx\/index.php\/wp-json\/wp\/v2\/types\/post"}],"author":[{"embeddable":true,"href":"https:\/\/thepueblatimes.mx\/index.php\/wp-json\/wp\/v2\/users\/15"}],"replies":[{"embeddable":true,"href":"https:\/\/thepueblatimes.mx\/index.php\/wp-json\/wp\/v2\/comments?post=15076"}],"version-history":[{"count":1,"href":"https:\/\/thepueblatimes.mx\/index.php\/wp-json\/wp\/v2\/posts\/15076\/revisions"}],"predecessor-version":[{"id":15079,"href":"https:\/\/thepueblatimes.mx\/index.php\/wp-json\/wp\/v2\/posts\/15076\/revisions\/15079"}],"wp:featuredmedia":[{"embeddable":true,"href":"https:\/\/thepueblatimes.mx\/index.php\/wp-json\/wp\/v2\/media\/15078"}],"wp:attachment":[{"href":"https:\/\/thepueblatimes.mx\/index.php\/wp-json\/wp\/v2\/media?parent=15076"}],"wp:term":[{"taxonomy":"category","embeddable":true,"href":"https:\/\/thepueblatimes.mx\/index.php\/wp-json\/wp\/v2\/categories?post=15076"},{"taxonomy":"post_tag","embeddable":true,"href":"https:\/\/thepueblatimes.mx\/index.php\/wp-json\/wp\/v2\/tags?post=15076"}],"curies":[{"name":"wp","href":"https:\/\/api.w.org\/{rel}","templated":true}]}}