{"id":15069,"date":"2021-08-05T23:56:22","date_gmt":"2021-08-06T04:56:22","guid":{"rendered":"https:\/\/thepueblatimes.mx\/?p=15069"},"modified":"2021-08-05T23:56:22","modified_gmt":"2021-08-06T04:56:22","slug":"motociclista-muere-al-ser-impactado-por-patrulla-en-izucar","status":"publish","type":"post","link":"https:\/\/thepueblatimes.mx\/index.php\/2021\/08\/05\/motociclista-muere-al-ser-impactado-por-patrulla-en-izucar\/","title":{"rendered":"Motociclista muere al ser impactado por patrulla en Iz\u00facar"},"content":{"rendered":"<p>Una patrulla de la Polic\u00eda Municipal impact\u00f3 una motoneta y la colisi\u00f3n caus\u00f3 la muerte del motociclista, en el municipio de Iz\u00facar de Matamoros.<\/p>\n<p>El hecho de tr\u00e1nsito ocurri\u00f3 minutos despu\u00e9s de las tres de la tarde de este jueves, en calles de la colonia Centro.<\/p>\n<p>Informaci\u00f3n obtenida refiere que los veh\u00edculos involucrados fueron la patrulla P-505 y una motoneta color rojo, que se impactaron en la intersecci\u00f3n de la avenida Independencia y Vicente Guerrero.<\/p>\n<p>Derivado del choque, el conductor de la motoneta qued\u00f3 inm\u00f3vil y tirado en el piso con una severa herida en la cabeza, junto a su unidad y al veh\u00edculo oficial.<\/p>\n<p>El percance vehicular se report\u00f3 a las corporaciones de auxilio por lo que acudieron t\u00e9cnicos en urgencias m\u00e9dicas, quienes confirmaron el fallecimiento del sujeto.<\/p>\n<p>El lugar fue resguardado por polic\u00edas municipales y el cuerpo fue cubierto con una manta, en espera de que se efectuaran las diligencias de levantamiento de cad\u00e1ver.<\/p>\n<p>Algunos vecinos y testigos indicaron que el hombre se llamaba Andr\u00e9s, debido a una credencial que localizaron en el sitio de la colisi\u00f3n.<\/p>\n<p>&nbsp;<\/p>\n","protected":false},"excerpt":{"rendered":"<p>Una patrulla de la Polic\u00eda Municipal impact\u00f3 una motoneta y la colisi\u00f3n caus\u00f3 la muerte del motociclista, en el municipio de Iz\u00facar de Matamoros. El hecho de tr\u00e1nsito ocurri\u00f3 minutos despu\u00e9s de las tres de la tarde de este jueves, en calles de la colonia Centro. Informaci\u00f3n obtenida refiere que los veh\u00edculos involucrados fueron la&#8230;<\/p>\n","protected":false},"author":15,"featured_media":15070,"comment_status":"open","ping_status":"open","sticky":false,"template":"","format":"standard","meta":[],"categories":[20],"tags":[49],"yoast_head":"<!-- This site is optimized with the Yoast SEO plugin v20.8 - https:\/\/yoast.com\/wordpress\/plugins\/seo\/ -->\n<title>Motociclista muere al ser impactado por patrulla en Iz\u00facar - The Puebla Times<\/title>\n<meta name=\"robots\" content=\"index, follow, max-snippet:-1, max-image-preview:large, max-video-preview:-1\" \/>\n<link rel=\"canonical\" href=\"https:\/\/thepueblatimes.mx\/index.php\/2021\/08\/05\/motociclista-muere-al-ser-impactado-por-patrulla-en-izucar\/\" \/>\n<meta property=\"og:locale\" content=\"es_ES\" \/>\n<meta property=\"og:type\" content=\"article\" \/>\n<meta property=\"og:title\" content=\"Motociclista muere al ser impactado por patrulla en Iz\u00facar - The Puebla Times\" \/>\n<meta property=\"og:description\" content=\"Una patrulla de la Polic\u00eda Municipal impact\u00f3 una motoneta y la colisi\u00f3n caus\u00f3 la muerte del motociclista, en el municipio de Iz\u00facar de Matamoros. El hecho de tr\u00e1nsito ocurri\u00f3 minutos despu\u00e9s de las tres de la tarde de este jueves, en calles de la colonia Centro. Informaci\u00f3n obtenida refiere que los veh\u00edculos involucrados fueron la...\" \/>\n<meta property=\"og:url\" content=\"https:\/\/thepueblatimes.mx\/index.php\/2021\/08\/05\/motociclista-muere-al-ser-impactado-por-patrulla-en-izucar\/\" \/>\n<meta property=\"og:site_name\" content=\"The Puebla Times\" \/>\n<meta property=\"article:published_time\" content=\"2021-08-06T04:56:22+00:00\" \/>\n<meta property=\"og:image\" content=\"https:\/\/thepueblatimes.mx\/wp-content\/uploads\/2021\/08\/602517F2-E48D-4086-A66C-6D4D04BC5D2C.png\" \/>\n\t<meta property=\"og:image:width\" content=\"345\" \/>\n\t<meta property=\"og:image:height\" content=\"172\" \/>\n\t<meta property=\"og:image:type\" content=\"image\/png\" \/>\n<meta name=\"author\" content=\"Francisco S\u00e1nchez Nolasco\" \/>\n<meta name=\"twitter:card\" content=\"summary_large_image\" \/>\n<meta name=\"twitter:label1\" content=\"Escrito por\" \/>\n\t<meta name=\"twitter:data1\" content=\"Francisco S\u00e1nchez Nolasco\" \/>\n\t<meta name=\"twitter:label2\" content=\"Tiempo de lectura\" \/>\n\t<meta name=\"twitter:data2\" content=\"1 minuto\" \/>\n<script type=\"application\/ld+json\" class=\"yoast-schema-graph\">{\"@context\":\"https:\/\/schema.org\",\"@graph\":[{\"@type\":\"WebPage\",\"@id\":\"https:\/\/thepueblatimes.mx\/index.php\/2021\/08\/05\/motociclista-muere-al-ser-impactado-por-patrulla-en-izucar\/\",\"url\":\"https:\/\/thepueblatimes.mx\/index.php\/2021\/08\/05\/motociclista-muere-al-ser-impactado-por-patrulla-en-izucar\/\",\"name\":\"Motociclista muere al ser impactado por patrulla en Iz\u00facar - The Puebla Times\",\"isPartOf\":{\"@id\":\"https:\/\/thepueblatimes.mx\/#website\"},\"datePublished\":\"2021-08-06T04:56:22+00:00\",\"dateModified\":\"2021-08-06T04:56:22+00:00\",\"author\":{\"@id\":\"https:\/\/thepueblatimes.mx\/#\/schema\/person\/7bdf2adbc50078b104bba72b5612f774\"},\"breadcrumb\":{\"@id\":\"https:\/\/thepueblatimes.mx\/index.php\/2021\/08\/05\/motociclista-muere-al-ser-impactado-por-patrulla-en-izucar\/#breadcrumb\"},\"inLanguage\":\"es\",\"potentialAction\":[{\"@type\":\"ReadAction\",\"target\":[\"https:\/\/thepueblatimes.mx\/index.php\/2021\/08\/05\/motociclista-muere-al-ser-impactado-por-patrulla-en-izucar\/\"]}]},{\"@type\":\"BreadcrumbList\",\"@id\":\"https:\/\/thepueblatimes.mx\/index.php\/2021\/08\/05\/motociclista-muere-al-ser-impactado-por-patrulla-en-izucar\/#breadcrumb\",\"itemListElement\":[{\"@type\":\"ListItem\",\"position\":1,\"name\":\"Portada\",\"item\":\"https:\/\/thepueblatimes.mx\/\"},{\"@type\":\"ListItem\",\"position\":2,\"name\":\"Motociclista muere al ser impactado por patrulla en Iz\u00facar\"}]},{\"@type\":\"WebSite\",\"@id\":\"https:\/\/thepueblatimes.mx\/#website\",\"url\":\"https:\/\/thepueblatimes.mx\/\",\"name\":\"The Puebla Times\",\"description\":\"Noticias del Estado de Puebla\",\"potentialAction\":[{\"@type\":\"SearchAction\",\"target\":{\"@type\":\"EntryPoint\",\"urlTemplate\":\"https:\/\/thepueblatimes.mx\/?s={search_term_string}\"},\"query-input\":\"required name=search_term_string\"}],\"inLanguage\":\"es\"},{\"@type\":\"Person\",\"@id\":\"https:\/\/thepueblatimes.mx\/#\/schema\/person\/7bdf2adbc50078b104bba72b5612f774\",\"name\":\"Francisco S\u00e1nchez Nolasco\",\"image\":{\"@type\":\"ImageObject\",\"inLanguage\":\"es\",\"@id\":\"https:\/\/thepueblatimes.mx\/#\/schema\/person\/image\/\",\"url\":\"https:\/\/secure.gravatar.com\/avatar\/6061d7d20b38bc2742a5218401b198d2?s=96&d=mm&r=g\",\"contentUrl\":\"https:\/\/secure.gravatar.com\/avatar\/6061d7d20b38bc2742a5218401b198d2?s=96&d=mm&r=g\",\"caption\":\"Francisco S\u00e1nchez Nolasco\"},\"url\":\"https:\/\/thepueblatimes.mx\/index.php\/author\/marianitha-reyes\/\"}]}<\/script>\n<!-- \/ Yoast SEO plugin. -->","yoast_head_json":{"title":"Motociclista muere al ser impactado por patrulla en Iz\u00facar - The Puebla Times","robots":{"index":"index","follow":"follow","max-snippet":"max-snippet:-1","max-image-preview":"max-image-preview:large","max-video-preview":"max-video-preview:-1"},"canonical":"https:\/\/thepueblatimes.mx\/index.php\/2021\/08\/05\/motociclista-muere-al-ser-impactado-por-patrulla-en-izucar\/","og_locale":"es_ES","og_type":"article","og_title":"Motociclista muere al ser impactado por patrulla en Iz\u00facar - The Puebla Times","og_description":"Una patrulla de la Polic\u00eda Municipal impact\u00f3 una motoneta y la colisi\u00f3n caus\u00f3 la muerte del motociclista, en el municipio de Iz\u00facar de Matamoros. El hecho de tr\u00e1nsito ocurri\u00f3 minutos despu\u00e9s de las tres de la tarde de este jueves, en calles de la colonia Centro. Informaci\u00f3n obtenida refiere que los veh\u00edculos involucrados fueron la...","og_url":"https:\/\/thepueblatimes.mx\/index.php\/2021\/08\/05\/motociclista-muere-al-ser-impactado-por-patrulla-en-izucar\/","og_site_name":"The Puebla Times","article_published_time":"2021-08-06T04:56:22+00:00","og_image":[{"width":345,"height":172,"url":"https:\/\/thepueblatimes.mx\/wp-content\/uploads\/2021\/08\/602517F2-E48D-4086-A66C-6D4D04BC5D2C.png","type":"image\/png"}],"author":"Francisco S\u00e1nchez Nolasco","twitter_card":"summary_large_image","twitter_misc":{"Escrito por":"Francisco S\u00e1nchez Nolasco","Tiempo de lectura":"1 minuto"},"schema":{"@context":"https:\/\/schema.org","@graph":[{"@type":"WebPage","@id":"https:\/\/thepueblatimes.mx\/index.php\/2021\/08\/05\/motociclista-muere-al-ser-impactado-por-patrulla-en-izucar\/","url":"https:\/\/thepueblatimes.mx\/index.php\/2021\/08\/05\/motociclista-muere-al-ser-impactado-por-patrulla-en-izucar\/","name":"Motociclista muere al ser impactado por patrulla en Iz\u00facar - The Puebla Times","isPartOf":{"@id":"https:\/\/thepueblatimes.mx\/#website"},"datePublished":"2021-08-06T04:56:22+00:00","dateModified":"2021-08-06T04:56:22+00:00","author":{"@id":"https:\/\/thepueblatimes.mx\/#\/schema\/person\/7bdf2adbc50078b104bba72b5612f774"},"breadcrumb":{"@id":"https:\/\/thepueblatimes.mx\/index.php\/2021\/08\/05\/motociclista-muere-al-ser-impactado-por-patrulla-en-izucar\/#breadcrumb"},"inLanguage":"es","potentialAction":[{"@type":"ReadAction","target":["https:\/\/thepueblatimes.mx\/index.php\/2021\/08\/05\/motociclista-muere-al-ser-impactado-por-patrulla-en-izucar\/"]}]},{"@type":"BreadcrumbList","@id":"https:\/\/thepueblatimes.mx\/index.php\/2021\/08\/05\/motociclista-muere-al-ser-impactado-por-patrulla-en-izucar\/#breadcrumb","itemListElement":[{"@type":"ListItem","position":1,"name":"Portada","item":"https:\/\/thepueblatimes.mx\/"},{"@type":"ListItem","position":2,"name":"Motociclista muere al ser impactado por patrulla en Iz\u00facar"}]},{"@type":"WebSite","@id":"https:\/\/thepueblatimes.mx\/#website","url":"https:\/\/thepueblatimes.mx\/","name":"The Puebla Times","description":"Noticias del Estado de Puebla","potentialAction":[{"@type":"SearchAction","target":{"@type":"EntryPoint","urlTemplate":"https:\/\/thepueblatimes.mx\/?s={search_term_string}"},"query-input":"required name=search_term_string"}],"inLanguage":"es"},{"@type":"Person","@id":"https:\/\/thepueblatimes.mx\/#\/schema\/person\/7bdf2adbc50078b104bba72b5612f774","name":"Francisco S\u00e1nchez Nolasco","image":{"@type":"ImageObject","inLanguage":"es","@id":"https:\/\/thepueblatimes.mx\/#\/schema\/person\/image\/","url":"https:\/\/secure.gravatar.com\/avatar\/6061d7d20b38bc2742a5218401b198d2?s=96&d=mm&r=g","contentUrl":"https:\/\/secure.gravatar.com\/avatar\/6061d7d20b38bc2742a5218401b198d2?s=96&d=mm&r=g","caption":"Francisco S\u00e1nchez Nolasco"},"url":"https:\/\/thepueblatimes.mx\/index.php\/author\/marianitha-reyes\/"}]}},"jetpack_featured_media_url":"https:\/\/thepueblatimes.mx\/wp-content\/uploads\/2021\/08\/602517F2-E48D-4086-A66C-6D4D04BC5D2C.png","_links":{"self":[{"href":"https:\/\/thepueblatimes.mx\/index.php\/wp-json\/wp\/v2\/posts\/15069"}],"collection":[{"href":"https:\/\/thepueblatimes.mx\/index.php\/wp-json\/wp\/v2\/posts"}],"about":[{"href":"https:\/\/thepueblatimes.mx\/index.php\/wp-json\/wp\/v2\/types\/post"}],"author":[{"embeddable":true,"href":"https:\/\/thepueblatimes.mx\/index.php\/wp-json\/wp\/v2\/users\/15"}],"replies":[{"embeddable":true,"href":"https:\/\/thepueblatimes.mx\/index.php\/wp-json\/wp\/v2\/comments?post=15069"}],"version-history":[{"count":1,"href":"https:\/\/thepueblatimes.mx\/index.php\/wp-json\/wp\/v2\/posts\/15069\/revisions"}],"predecessor-version":[{"id":15071,"href":"https:\/\/thepueblatimes.mx\/index.php\/wp-json\/wp\/v2\/posts\/15069\/revisions\/15071"}],"wp:featuredmedia":[{"embeddable":true,"href":"https:\/\/thepueblatimes.mx\/index.php\/wp-json\/wp\/v2\/media\/15070"}],"wp:attachment":[{"href":"https:\/\/thepueblatimes.mx\/index.php\/wp-json\/wp\/v2\/media?parent=15069"}],"wp:term":[{"taxonomy":"category","embeddable":true,"href":"https:\/\/thepueblatimes.mx\/index.php\/wp-json\/wp\/v2\/categories?post=15069"},{"taxonomy":"post_tag","embeddable":true,"href":"https:\/\/thepueblatimes.mx\/index.php\/wp-json\/wp\/v2\/tags?post=15069"}],"curies":[{"name":"wp","href":"https:\/\/api.w.org\/{rel}","templated":true}]}}