{"id":15045,"date":"2021-08-05T11:18:56","date_gmt":"2021-08-05T16:18:56","guid":{"rendered":"https:\/\/thepueblatimes.mx\/?p=15045"},"modified":"2021-08-05T11:18:56","modified_gmt":"2021-08-05T16:18:56","slug":"hallan-cadaver-baleado-de-gallero-desaparecido-en-chietla","status":"publish","type":"post","link":"https:\/\/thepueblatimes.mx\/index.php\/2021\/08\/05\/hallan-cadaver-baleado-de-gallero-desaparecido-en-chietla\/","title":{"rendered":"Hallan cad\u00e1ver baleado de gallero desaparecido en Chietla"},"content":{"rendered":"<p>Chietla, Pue.- <strong>El cad\u00e1ver de un masculino fue localizado en el Cerro de los Puercos, perteneciente al municipio de Chietla<\/strong>, las primeras horas de este jueves. <strong>El cuerpo corresponde a Gonzalo Israel Osorio Coria, alias \u00abEl Cocota\u00bb<\/strong>, vecino de la comunidad de\u00a0Ahuehuetzingo, quien <strong>era buscado desde el mi\u00e9rcoles por sus familiares.<br \/>\n<\/strong><\/p>\n<p>Gonzalo desapareci\u00f3 cuando viajaba con rumbo a Iz\u00facar de Matamoros en un autom\u00f3vil Nissan Tiida, modelo 2016 con placas de circulaci\u00f3n del Estado de Guerrero. <strong>Su familia perdi\u00f3 comunicaci\u00f3n con este hombre en el tramo\u00a0Zolonquiapa-Blanca, en el municipio de Tilapa.\u00a0\u00a0<\/strong><\/p>\n<p>De acuerdo a las autoridades, este hombre f<strong>ue ultimado con arma de fuego <\/strong>y en el lugar se encontr\u00f3 tambi\u00e9n el autom\u00f3vil que conduc\u00eda.<\/p>\n<p><strong>Gonzalo Israel Osorio Coria era gallero <\/strong>y es precisamente en esta zona donde se efect\u00faan este tipo de encuentros.<\/p>\n<p>&nbsp;<\/p>\n","protected":false},"excerpt":{"rendered":"<p>Chietla, Pue.- El cad\u00e1ver de un masculino fue localizado en el Cerro de los Puercos, perteneciente al municipio de Chietla, las primeras horas de este jueves. El cuerpo corresponde a Gonzalo Israel Osorio Coria, alias \u00abEl Cocota\u00bb, vecino de la comunidad de\u00a0Ahuehuetzingo, quien era buscado desde el mi\u00e9rcoles por sus familiares. Gonzalo desapareci\u00f3 cuando viajaba&#8230;<\/p>\n","protected":false},"author":15,"featured_media":15046,"comment_status":"open","ping_status":"open","sticky":false,"template":"","format":"standard","meta":[],"categories":[20],"tags":[49],"yoast_head":"<!-- This site is optimized with the Yoast SEO plugin v20.8 - https:\/\/yoast.com\/wordpress\/plugins\/seo\/ -->\n<title>Hallan cad\u00e1ver baleado de gallero desaparecido en Chietla - The Puebla Times<\/title>\n<meta name=\"robots\" content=\"index, follow, max-snippet:-1, max-image-preview:large, max-video-preview:-1\" \/>\n<link rel=\"canonical\" href=\"https:\/\/thepueblatimes.mx\/index.php\/2021\/08\/05\/hallan-cadaver-baleado-de-gallero-desaparecido-en-chietla\/\" \/>\n<meta property=\"og:locale\" content=\"es_ES\" \/>\n<meta property=\"og:type\" content=\"article\" \/>\n<meta property=\"og:title\" content=\"Hallan cad\u00e1ver baleado de gallero desaparecido en Chietla - The Puebla Times\" \/>\n<meta property=\"og:description\" content=\"Chietla, Pue.- El cad\u00e1ver de un masculino fue localizado en el Cerro de los Puercos, perteneciente al municipio de Chietla, las primeras horas de este jueves. El cuerpo corresponde a Gonzalo Israel Osorio Coria, alias \u00abEl Cocota\u00bb, vecino de la comunidad de\u00a0Ahuehuetzingo, quien era buscado desde el mi\u00e9rcoles por sus familiares. Gonzalo desapareci\u00f3 cuando viajaba...\" \/>\n<meta property=\"og:url\" content=\"https:\/\/thepueblatimes.mx\/index.php\/2021\/08\/05\/hallan-cadaver-baleado-de-gallero-desaparecido-en-chietla\/\" \/>\n<meta property=\"og:site_name\" content=\"The Puebla Times\" \/>\n<meta property=\"article:published_time\" content=\"2021-08-05T16:18:56+00:00\" \/>\n<meta property=\"og:image\" content=\"https:\/\/thepueblatimes.mx\/wp-content\/uploads\/2021\/08\/93A24265-B4C2-4305-A8C3-953FE381F976.jpeg\" \/>\n\t<meta property=\"og:image:width\" content=\"650\" \/>\n\t<meta property=\"og:image:height\" content=\"474\" \/>\n\t<meta property=\"og:image:type\" content=\"image\/jpeg\" \/>\n<meta name=\"author\" content=\"Francisco S\u00e1nchez Nolasco\" \/>\n<meta name=\"twitter:card\" content=\"summary_large_image\" \/>\n<meta name=\"twitter:label1\" content=\"Escrito por\" \/>\n\t<meta name=\"twitter:data1\" content=\"Francisco S\u00e1nchez Nolasco\" \/>\n\t<meta name=\"twitter:label2\" content=\"Tiempo de lectura\" \/>\n\t<meta name=\"twitter:data2\" content=\"1 minuto\" \/>\n<script type=\"application\/ld+json\" class=\"yoast-schema-graph\">{\"@context\":\"https:\/\/schema.org\",\"@graph\":[{\"@type\":\"WebPage\",\"@id\":\"https:\/\/thepueblatimes.mx\/index.php\/2021\/08\/05\/hallan-cadaver-baleado-de-gallero-desaparecido-en-chietla\/\",\"url\":\"https:\/\/thepueblatimes.mx\/index.php\/2021\/08\/05\/hallan-cadaver-baleado-de-gallero-desaparecido-en-chietla\/\",\"name\":\"Hallan cad\u00e1ver baleado de gallero desaparecido en Chietla - The Puebla Times\",\"isPartOf\":{\"@id\":\"https:\/\/thepueblatimes.mx\/#website\"},\"datePublished\":\"2021-08-05T16:18:56+00:00\",\"dateModified\":\"2021-08-05T16:18:56+00:00\",\"author\":{\"@id\":\"https:\/\/thepueblatimes.mx\/#\/schema\/person\/7bdf2adbc50078b104bba72b5612f774\"},\"breadcrumb\":{\"@id\":\"https:\/\/thepueblatimes.mx\/index.php\/2021\/08\/05\/hallan-cadaver-baleado-de-gallero-desaparecido-en-chietla\/#breadcrumb\"},\"inLanguage\":\"es\",\"potentialAction\":[{\"@type\":\"ReadAction\",\"target\":[\"https:\/\/thepueblatimes.mx\/index.php\/2021\/08\/05\/hallan-cadaver-baleado-de-gallero-desaparecido-en-chietla\/\"]}]},{\"@type\":\"BreadcrumbList\",\"@id\":\"https:\/\/thepueblatimes.mx\/index.php\/2021\/08\/05\/hallan-cadaver-baleado-de-gallero-desaparecido-en-chietla\/#breadcrumb\",\"itemListElement\":[{\"@type\":\"ListItem\",\"position\":1,\"name\":\"Portada\",\"item\":\"https:\/\/thepueblatimes.mx\/\"},{\"@type\":\"ListItem\",\"position\":2,\"name\":\"Hallan cad\u00e1ver baleado de gallero desaparecido en Chietla\"}]},{\"@type\":\"WebSite\",\"@id\":\"https:\/\/thepueblatimes.mx\/#website\",\"url\":\"https:\/\/thepueblatimes.mx\/\",\"name\":\"The Puebla Times\",\"description\":\"Noticias del Estado de Puebla\",\"potentialAction\":[{\"@type\":\"SearchAction\",\"target\":{\"@type\":\"EntryPoint\",\"urlTemplate\":\"https:\/\/thepueblatimes.mx\/?s={search_term_string}\"},\"query-input\":\"required name=search_term_string\"}],\"inLanguage\":\"es\"},{\"@type\":\"Person\",\"@id\":\"https:\/\/thepueblatimes.mx\/#\/schema\/person\/7bdf2adbc50078b104bba72b5612f774\",\"name\":\"Francisco S\u00e1nchez Nolasco\",\"image\":{\"@type\":\"ImageObject\",\"inLanguage\":\"es\",\"@id\":\"https:\/\/thepueblatimes.mx\/#\/schema\/person\/image\/\",\"url\":\"https:\/\/secure.gravatar.com\/avatar\/6061d7d20b38bc2742a5218401b198d2?s=96&d=mm&r=g\",\"contentUrl\":\"https:\/\/secure.gravatar.com\/avatar\/6061d7d20b38bc2742a5218401b198d2?s=96&d=mm&r=g\",\"caption\":\"Francisco S\u00e1nchez Nolasco\"},\"url\":\"https:\/\/thepueblatimes.mx\/index.php\/author\/marianitha-reyes\/\"}]}<\/script>\n<!-- \/ Yoast SEO plugin. -->","yoast_head_json":{"title":"Hallan cad\u00e1ver baleado de gallero desaparecido en Chietla - The Puebla Times","robots":{"index":"index","follow":"follow","max-snippet":"max-snippet:-1","max-image-preview":"max-image-preview:large","max-video-preview":"max-video-preview:-1"},"canonical":"https:\/\/thepueblatimes.mx\/index.php\/2021\/08\/05\/hallan-cadaver-baleado-de-gallero-desaparecido-en-chietla\/","og_locale":"es_ES","og_type":"article","og_title":"Hallan cad\u00e1ver baleado de gallero desaparecido en Chietla - The Puebla Times","og_description":"Chietla, Pue.- El cad\u00e1ver de un masculino fue localizado en el Cerro de los Puercos, perteneciente al municipio de Chietla, las primeras horas de este jueves. El cuerpo corresponde a Gonzalo Israel Osorio Coria, alias \u00abEl Cocota\u00bb, vecino de la comunidad de\u00a0Ahuehuetzingo, quien era buscado desde el mi\u00e9rcoles por sus familiares. Gonzalo desapareci\u00f3 cuando viajaba...","og_url":"https:\/\/thepueblatimes.mx\/index.php\/2021\/08\/05\/hallan-cadaver-baleado-de-gallero-desaparecido-en-chietla\/","og_site_name":"The Puebla Times","article_published_time":"2021-08-05T16:18:56+00:00","og_image":[{"width":650,"height":474,"url":"https:\/\/thepueblatimes.mx\/wp-content\/uploads\/2021\/08\/93A24265-B4C2-4305-A8C3-953FE381F976.jpeg","type":"image\/jpeg"}],"author":"Francisco S\u00e1nchez Nolasco","twitter_card":"summary_large_image","twitter_misc":{"Escrito por":"Francisco S\u00e1nchez Nolasco","Tiempo de lectura":"1 minuto"},"schema":{"@context":"https:\/\/schema.org","@graph":[{"@type":"WebPage","@id":"https:\/\/thepueblatimes.mx\/index.php\/2021\/08\/05\/hallan-cadaver-baleado-de-gallero-desaparecido-en-chietla\/","url":"https:\/\/thepueblatimes.mx\/index.php\/2021\/08\/05\/hallan-cadaver-baleado-de-gallero-desaparecido-en-chietla\/","name":"Hallan cad\u00e1ver baleado de gallero desaparecido en Chietla - The Puebla Times","isPartOf":{"@id":"https:\/\/thepueblatimes.mx\/#website"},"datePublished":"2021-08-05T16:18:56+00:00","dateModified":"2021-08-05T16:18:56+00:00","author":{"@id":"https:\/\/thepueblatimes.mx\/#\/schema\/person\/7bdf2adbc50078b104bba72b5612f774"},"breadcrumb":{"@id":"https:\/\/thepueblatimes.mx\/index.php\/2021\/08\/05\/hallan-cadaver-baleado-de-gallero-desaparecido-en-chietla\/#breadcrumb"},"inLanguage":"es","potentialAction":[{"@type":"ReadAction","target":["https:\/\/thepueblatimes.mx\/index.php\/2021\/08\/05\/hallan-cadaver-baleado-de-gallero-desaparecido-en-chietla\/"]}]},{"@type":"BreadcrumbList","@id":"https:\/\/thepueblatimes.mx\/index.php\/2021\/08\/05\/hallan-cadaver-baleado-de-gallero-desaparecido-en-chietla\/#breadcrumb","itemListElement":[{"@type":"ListItem","position":1,"name":"Portada","item":"https:\/\/thepueblatimes.mx\/"},{"@type":"ListItem","position":2,"name":"Hallan cad\u00e1ver baleado de gallero desaparecido en Chietla"}]},{"@type":"WebSite","@id":"https:\/\/thepueblatimes.mx\/#website","url":"https:\/\/thepueblatimes.mx\/","name":"The Puebla Times","description":"Noticias del Estado de Puebla","potentialAction":[{"@type":"SearchAction","target":{"@type":"EntryPoint","urlTemplate":"https:\/\/thepueblatimes.mx\/?s={search_term_string}"},"query-input":"required name=search_term_string"}],"inLanguage":"es"},{"@type":"Person","@id":"https:\/\/thepueblatimes.mx\/#\/schema\/person\/7bdf2adbc50078b104bba72b5612f774","name":"Francisco S\u00e1nchez Nolasco","image":{"@type":"ImageObject","inLanguage":"es","@id":"https:\/\/thepueblatimes.mx\/#\/schema\/person\/image\/","url":"https:\/\/secure.gravatar.com\/avatar\/6061d7d20b38bc2742a5218401b198d2?s=96&d=mm&r=g","contentUrl":"https:\/\/secure.gravatar.com\/avatar\/6061d7d20b38bc2742a5218401b198d2?s=96&d=mm&r=g","caption":"Francisco S\u00e1nchez Nolasco"},"url":"https:\/\/thepueblatimes.mx\/index.php\/author\/marianitha-reyes\/"}]}},"jetpack_featured_media_url":"https:\/\/thepueblatimes.mx\/wp-content\/uploads\/2021\/08\/93A24265-B4C2-4305-A8C3-953FE381F976.jpeg","_links":{"self":[{"href":"https:\/\/thepueblatimes.mx\/index.php\/wp-json\/wp\/v2\/posts\/15045"}],"collection":[{"href":"https:\/\/thepueblatimes.mx\/index.php\/wp-json\/wp\/v2\/posts"}],"about":[{"href":"https:\/\/thepueblatimes.mx\/index.php\/wp-json\/wp\/v2\/types\/post"}],"author":[{"embeddable":true,"href":"https:\/\/thepueblatimes.mx\/index.php\/wp-json\/wp\/v2\/users\/15"}],"replies":[{"embeddable":true,"href":"https:\/\/thepueblatimes.mx\/index.php\/wp-json\/wp\/v2\/comments?post=15045"}],"version-history":[{"count":2,"href":"https:\/\/thepueblatimes.mx\/index.php\/wp-json\/wp\/v2\/posts\/15045\/revisions"}],"predecessor-version":[{"id":15048,"href":"https:\/\/thepueblatimes.mx\/index.php\/wp-json\/wp\/v2\/posts\/15045\/revisions\/15048"}],"wp:featuredmedia":[{"embeddable":true,"href":"https:\/\/thepueblatimes.mx\/index.php\/wp-json\/wp\/v2\/media\/15046"}],"wp:attachment":[{"href":"https:\/\/thepueblatimes.mx\/index.php\/wp-json\/wp\/v2\/media?parent=15045"}],"wp:term":[{"taxonomy":"category","embeddable":true,"href":"https:\/\/thepueblatimes.mx\/index.php\/wp-json\/wp\/v2\/categories?post=15045"},{"taxonomy":"post_tag","embeddable":true,"href":"https:\/\/thepueblatimes.mx\/index.php\/wp-json\/wp\/v2\/tags?post=15045"}],"curies":[{"name":"wp","href":"https:\/\/api.w.org\/{rel}","templated":true}]}}