{"id":15041,"date":"2021-08-05T11:16:49","date_gmt":"2021-08-05T16:16:49","guid":{"rendered":"https:\/\/thepueblatimes.mx\/?p=15041"},"modified":"2021-08-05T11:16:49","modified_gmt":"2021-08-05T16:16:49","slug":"se-robo-de-zacatlan-a-su-hijastra-de-11-anos-y-la-embarazo","status":"publish","type":"post","link":"https:\/\/thepueblatimes.mx\/index.php\/2021\/08\/05\/se-robo-de-zacatlan-a-su-hijastra-de-11-anos-y-la-embarazo\/","title":{"rendered":"Se rob\u00f3 de Zacatl\u00e1n a su hijastra de 11 a\u00f1os y la embaraz\u00f3"},"content":{"rendered":"<p>Zacatl\u00e1n, Pue.- La Fiscal\u00eda General del Estado de Puebla obtuvo <strong>sentencia condenatoria contra Fortino N., responsable de los delitos de privaci\u00f3n ilegal de la libertad <\/strong>en su modalidad de <strong>secuestro y violaci\u00f3n equiparada calificada cometidos en agravio de una menor de 11 a\u00f1os de edad.<\/strong><\/p>\n<p>Se desprende de los actos de investigaci\u00f3n que el <strong>29 de octubre de 2017 en el municipio de Zacatl\u00e1n <\/strong>el sentenciado violent\u00f3 sexualmente a su <strong>hijastra por primera vez, il\u00edcito que repiti\u00f3 dos meses despu\u00e9s.<\/strong><\/p>\n<p>El 24 de diciembre del mismo a\u00f1o, Fortino N. sustrajo de su domicilio a la v\u00edctima, <strong>llev\u00e1ndosela a bordo de una motocicleta hasta la ciudad de M\u00e9xico<\/strong> lugar donde la mantuvo <strong>retenida por cinco meses. Adem\u00e1s de que la menor de edad result\u00f3 embarazada a causa de las agresiones sexuales.<\/strong><\/p>\n<p>Con previa autorizaci\u00f3n judicial, agentes investigadores ubicaron al hombre y lo aprehendieron en el a\u00f1o 2018. La Fiscal\u00eda de Investigaci\u00f3n Regional practic\u00f3 diversas diligencias mediante las que acredit\u00f3 la comisi\u00f3n de los il\u00edcitos.<\/p>\n<p>En audiencia de juicio oral, el Tribunal de Enjuiciamiento impuso una sentencia de 62 a\u00f1os 6 meses de prisi\u00f3n a Fortino N. y lo conden\u00f3 al pago de reparaci\u00f3n por da\u00f1o moral.<\/p>\n","protected":false},"excerpt":{"rendered":"<p>Zacatl\u00e1n, Pue.- La Fiscal\u00eda General del Estado de Puebla obtuvo sentencia condenatoria contra Fortino N., responsable de los delitos de privaci\u00f3n ilegal de la libertad en su modalidad de secuestro y violaci\u00f3n equiparada calificada cometidos en agravio de una menor de 11 a\u00f1os de edad. Se desprende de los actos de investigaci\u00f3n que el 29&#8230;<\/p>\n","protected":false},"author":15,"featured_media":15042,"comment_status":"open","ping_status":"open","sticky":false,"template":"","format":"standard","meta":[],"categories":[20],"tags":[49],"yoast_head":"<!-- This site is optimized with the Yoast SEO plugin v20.8 - https:\/\/yoast.com\/wordpress\/plugins\/seo\/ -->\n<title>Se rob\u00f3 de Zacatl\u00e1n a su hijastra de 11 a\u00f1os y la embaraz\u00f3 - The Puebla Times<\/title>\n<meta name=\"robots\" content=\"index, follow, max-snippet:-1, max-image-preview:large, max-video-preview:-1\" \/>\n<link rel=\"canonical\" href=\"https:\/\/thepueblatimes.mx\/index.php\/2021\/08\/05\/se-robo-de-zacatlan-a-su-hijastra-de-11-anos-y-la-embarazo\/\" \/>\n<meta property=\"og:locale\" content=\"es_ES\" \/>\n<meta property=\"og:type\" content=\"article\" \/>\n<meta property=\"og:title\" content=\"Se rob\u00f3 de Zacatl\u00e1n a su hijastra de 11 a\u00f1os y la embaraz\u00f3 - The Puebla Times\" \/>\n<meta property=\"og:description\" content=\"Zacatl\u00e1n, Pue.- La Fiscal\u00eda General del Estado de Puebla obtuvo sentencia condenatoria contra Fortino N., responsable de los delitos de privaci\u00f3n ilegal de la libertad en su modalidad de secuestro y violaci\u00f3n equiparada calificada cometidos en agravio de una menor de 11 a\u00f1os de edad. Se desprende de los actos de investigaci\u00f3n que el 29...\" \/>\n<meta property=\"og:url\" content=\"https:\/\/thepueblatimes.mx\/index.php\/2021\/08\/05\/se-robo-de-zacatlan-a-su-hijastra-de-11-anos-y-la-embarazo\/\" \/>\n<meta property=\"og:site_name\" content=\"The Puebla Times\" \/>\n<meta property=\"article:published_time\" content=\"2021-08-05T16:16:49+00:00\" \/>\n<meta property=\"og:image\" content=\"https:\/\/thepueblatimes.mx\/wp-content\/uploads\/2021\/08\/3C5FA197-DE7C-4BBC-AEED-9C4CF885042E.jpeg\" \/>\n\t<meta property=\"og:image:width\" content=\"1184\" \/>\n\t<meta property=\"og:image:height\" content=\"666\" \/>\n\t<meta property=\"og:image:type\" content=\"image\/jpeg\" \/>\n<meta name=\"author\" content=\"Francisco S\u00e1nchez Nolasco\" \/>\n<meta name=\"twitter:card\" content=\"summary_large_image\" \/>\n<meta name=\"twitter:label1\" content=\"Escrito por\" \/>\n\t<meta name=\"twitter:data1\" content=\"Francisco S\u00e1nchez Nolasco\" \/>\n\t<meta name=\"twitter:label2\" content=\"Tiempo de lectura\" \/>\n\t<meta name=\"twitter:data2\" content=\"1 minuto\" \/>\n<script type=\"application\/ld+json\" class=\"yoast-schema-graph\">{\"@context\":\"https:\/\/schema.org\",\"@graph\":[{\"@type\":\"WebPage\",\"@id\":\"https:\/\/thepueblatimes.mx\/index.php\/2021\/08\/05\/se-robo-de-zacatlan-a-su-hijastra-de-11-anos-y-la-embarazo\/\",\"url\":\"https:\/\/thepueblatimes.mx\/index.php\/2021\/08\/05\/se-robo-de-zacatlan-a-su-hijastra-de-11-anos-y-la-embarazo\/\",\"name\":\"Se rob\u00f3 de Zacatl\u00e1n a su hijastra de 11 a\u00f1os y la embaraz\u00f3 - The Puebla Times\",\"isPartOf\":{\"@id\":\"https:\/\/thepueblatimes.mx\/#website\"},\"datePublished\":\"2021-08-05T16:16:49+00:00\",\"dateModified\":\"2021-08-05T16:16:49+00:00\",\"author\":{\"@id\":\"https:\/\/thepueblatimes.mx\/#\/schema\/person\/7bdf2adbc50078b104bba72b5612f774\"},\"breadcrumb\":{\"@id\":\"https:\/\/thepueblatimes.mx\/index.php\/2021\/08\/05\/se-robo-de-zacatlan-a-su-hijastra-de-11-anos-y-la-embarazo\/#breadcrumb\"},\"inLanguage\":\"es\",\"potentialAction\":[{\"@type\":\"ReadAction\",\"target\":[\"https:\/\/thepueblatimes.mx\/index.php\/2021\/08\/05\/se-robo-de-zacatlan-a-su-hijastra-de-11-anos-y-la-embarazo\/\"]}]},{\"@type\":\"BreadcrumbList\",\"@id\":\"https:\/\/thepueblatimes.mx\/index.php\/2021\/08\/05\/se-robo-de-zacatlan-a-su-hijastra-de-11-anos-y-la-embarazo\/#breadcrumb\",\"itemListElement\":[{\"@type\":\"ListItem\",\"position\":1,\"name\":\"Portada\",\"item\":\"https:\/\/thepueblatimes.mx\/\"},{\"@type\":\"ListItem\",\"position\":2,\"name\":\"Se rob\u00f3 de Zacatl\u00e1n a su hijastra de 11 a\u00f1os y la embaraz\u00f3\"}]},{\"@type\":\"WebSite\",\"@id\":\"https:\/\/thepueblatimes.mx\/#website\",\"url\":\"https:\/\/thepueblatimes.mx\/\",\"name\":\"The Puebla Times\",\"description\":\"Noticias del Estado de Puebla\",\"potentialAction\":[{\"@type\":\"SearchAction\",\"target\":{\"@type\":\"EntryPoint\",\"urlTemplate\":\"https:\/\/thepueblatimes.mx\/?s={search_term_string}\"},\"query-input\":\"required name=search_term_string\"}],\"inLanguage\":\"es\"},{\"@type\":\"Person\",\"@id\":\"https:\/\/thepueblatimes.mx\/#\/schema\/person\/7bdf2adbc50078b104bba72b5612f774\",\"name\":\"Francisco S\u00e1nchez Nolasco\",\"image\":{\"@type\":\"ImageObject\",\"inLanguage\":\"es\",\"@id\":\"https:\/\/thepueblatimes.mx\/#\/schema\/person\/image\/\",\"url\":\"https:\/\/secure.gravatar.com\/avatar\/6061d7d20b38bc2742a5218401b198d2?s=96&d=mm&r=g\",\"contentUrl\":\"https:\/\/secure.gravatar.com\/avatar\/6061d7d20b38bc2742a5218401b198d2?s=96&d=mm&r=g\",\"caption\":\"Francisco S\u00e1nchez Nolasco\"},\"url\":\"https:\/\/thepueblatimes.mx\/index.php\/author\/marianitha-reyes\/\"}]}<\/script>\n<!-- \/ Yoast SEO plugin. -->","yoast_head_json":{"title":"Se rob\u00f3 de Zacatl\u00e1n a su hijastra de 11 a\u00f1os y la embaraz\u00f3 - The Puebla Times","robots":{"index":"index","follow":"follow","max-snippet":"max-snippet:-1","max-image-preview":"max-image-preview:large","max-video-preview":"max-video-preview:-1"},"canonical":"https:\/\/thepueblatimes.mx\/index.php\/2021\/08\/05\/se-robo-de-zacatlan-a-su-hijastra-de-11-anos-y-la-embarazo\/","og_locale":"es_ES","og_type":"article","og_title":"Se rob\u00f3 de Zacatl\u00e1n a su hijastra de 11 a\u00f1os y la embaraz\u00f3 - The Puebla Times","og_description":"Zacatl\u00e1n, Pue.- La Fiscal\u00eda General del Estado de Puebla obtuvo sentencia condenatoria contra Fortino N., responsable de los delitos de privaci\u00f3n ilegal de la libertad en su modalidad de secuestro y violaci\u00f3n equiparada calificada cometidos en agravio de una menor de 11 a\u00f1os de edad. Se desprende de los actos de investigaci\u00f3n que el 29...","og_url":"https:\/\/thepueblatimes.mx\/index.php\/2021\/08\/05\/se-robo-de-zacatlan-a-su-hijastra-de-11-anos-y-la-embarazo\/","og_site_name":"The Puebla Times","article_published_time":"2021-08-05T16:16:49+00:00","og_image":[{"width":1184,"height":666,"url":"https:\/\/thepueblatimes.mx\/wp-content\/uploads\/2021\/08\/3C5FA197-DE7C-4BBC-AEED-9C4CF885042E.jpeg","type":"image\/jpeg"}],"author":"Francisco S\u00e1nchez Nolasco","twitter_card":"summary_large_image","twitter_misc":{"Escrito por":"Francisco S\u00e1nchez Nolasco","Tiempo de lectura":"1 minuto"},"schema":{"@context":"https:\/\/schema.org","@graph":[{"@type":"WebPage","@id":"https:\/\/thepueblatimes.mx\/index.php\/2021\/08\/05\/se-robo-de-zacatlan-a-su-hijastra-de-11-anos-y-la-embarazo\/","url":"https:\/\/thepueblatimes.mx\/index.php\/2021\/08\/05\/se-robo-de-zacatlan-a-su-hijastra-de-11-anos-y-la-embarazo\/","name":"Se rob\u00f3 de Zacatl\u00e1n a su hijastra de 11 a\u00f1os y la embaraz\u00f3 - The Puebla Times","isPartOf":{"@id":"https:\/\/thepueblatimes.mx\/#website"},"datePublished":"2021-08-05T16:16:49+00:00","dateModified":"2021-08-05T16:16:49+00:00","author":{"@id":"https:\/\/thepueblatimes.mx\/#\/schema\/person\/7bdf2adbc50078b104bba72b5612f774"},"breadcrumb":{"@id":"https:\/\/thepueblatimes.mx\/index.php\/2021\/08\/05\/se-robo-de-zacatlan-a-su-hijastra-de-11-anos-y-la-embarazo\/#breadcrumb"},"inLanguage":"es","potentialAction":[{"@type":"ReadAction","target":["https:\/\/thepueblatimes.mx\/index.php\/2021\/08\/05\/se-robo-de-zacatlan-a-su-hijastra-de-11-anos-y-la-embarazo\/"]}]},{"@type":"BreadcrumbList","@id":"https:\/\/thepueblatimes.mx\/index.php\/2021\/08\/05\/se-robo-de-zacatlan-a-su-hijastra-de-11-anos-y-la-embarazo\/#breadcrumb","itemListElement":[{"@type":"ListItem","position":1,"name":"Portada","item":"https:\/\/thepueblatimes.mx\/"},{"@type":"ListItem","position":2,"name":"Se rob\u00f3 de Zacatl\u00e1n a su hijastra de 11 a\u00f1os y la embaraz\u00f3"}]},{"@type":"WebSite","@id":"https:\/\/thepueblatimes.mx\/#website","url":"https:\/\/thepueblatimes.mx\/","name":"The Puebla Times","description":"Noticias del Estado de Puebla","potentialAction":[{"@type":"SearchAction","target":{"@type":"EntryPoint","urlTemplate":"https:\/\/thepueblatimes.mx\/?s={search_term_string}"},"query-input":"required name=search_term_string"}],"inLanguage":"es"},{"@type":"Person","@id":"https:\/\/thepueblatimes.mx\/#\/schema\/person\/7bdf2adbc50078b104bba72b5612f774","name":"Francisco S\u00e1nchez Nolasco","image":{"@type":"ImageObject","inLanguage":"es","@id":"https:\/\/thepueblatimes.mx\/#\/schema\/person\/image\/","url":"https:\/\/secure.gravatar.com\/avatar\/6061d7d20b38bc2742a5218401b198d2?s=96&d=mm&r=g","contentUrl":"https:\/\/secure.gravatar.com\/avatar\/6061d7d20b38bc2742a5218401b198d2?s=96&d=mm&r=g","caption":"Francisco S\u00e1nchez Nolasco"},"url":"https:\/\/thepueblatimes.mx\/index.php\/author\/marianitha-reyes\/"}]}},"jetpack_featured_media_url":"https:\/\/thepueblatimes.mx\/wp-content\/uploads\/2021\/08\/3C5FA197-DE7C-4BBC-AEED-9C4CF885042E.jpeg","_links":{"self":[{"href":"https:\/\/thepueblatimes.mx\/index.php\/wp-json\/wp\/v2\/posts\/15041"}],"collection":[{"href":"https:\/\/thepueblatimes.mx\/index.php\/wp-json\/wp\/v2\/posts"}],"about":[{"href":"https:\/\/thepueblatimes.mx\/index.php\/wp-json\/wp\/v2\/types\/post"}],"author":[{"embeddable":true,"href":"https:\/\/thepueblatimes.mx\/index.php\/wp-json\/wp\/v2\/users\/15"}],"replies":[{"embeddable":true,"href":"https:\/\/thepueblatimes.mx\/index.php\/wp-json\/wp\/v2\/comments?post=15041"}],"version-history":[{"count":2,"href":"https:\/\/thepueblatimes.mx\/index.php\/wp-json\/wp\/v2\/posts\/15041\/revisions"}],"predecessor-version":[{"id":15044,"href":"https:\/\/thepueblatimes.mx\/index.php\/wp-json\/wp\/v2\/posts\/15041\/revisions\/15044"}],"wp:featuredmedia":[{"embeddable":true,"href":"https:\/\/thepueblatimes.mx\/index.php\/wp-json\/wp\/v2\/media\/15042"}],"wp:attachment":[{"href":"https:\/\/thepueblatimes.mx\/index.php\/wp-json\/wp\/v2\/media?parent=15041"}],"wp:term":[{"taxonomy":"category","embeddable":true,"href":"https:\/\/thepueblatimes.mx\/index.php\/wp-json\/wp\/v2\/categories?post=15041"},{"taxonomy":"post_tag","embeddable":true,"href":"https:\/\/thepueblatimes.mx\/index.php\/wp-json\/wp\/v2\/tags?post=15041"}],"curies":[{"name":"wp","href":"https:\/\/api.w.org\/{rel}","templated":true}]}}