{"id":15038,"date":"2021-08-05T11:14:48","date_gmt":"2021-08-05T16:14:48","guid":{"rendered":"https:\/\/thepueblatimes.mx\/?p=15038"},"modified":"2021-08-05T11:14:48","modified_gmt":"2021-08-05T16:14:48","slug":"alarma-a-vecinos-explosion-de-tanque-de-gas-en-restaurante-de-zautla","status":"publish","type":"post","link":"https:\/\/thepueblatimes.mx\/index.php\/2021\/08\/05\/alarma-a-vecinos-explosion-de-tanque-de-gas-en-restaurante-de-zautla\/","title":{"rendered":"Alarma a vecinos explosi\u00f3n de tanque de gas en restaurante de Zautla"},"content":{"rendered":"<p>Zautla, Pue.- <strong>Una fuerte explosi\u00f3n de un tanque de Gas Lp se registr\u00f3 durante la ma\u00f1ana de este jueves en la junta auxiliar de San Miguel Tenextatiloyan<\/strong>, perteneciente al municipio de Zautla. Hasta el momento se desconocen las causas que la originaron.<\/p>\n<p>Los hechos se presentaron al filo de las 08:45 <strong>en un restaurante ubicado sobre la carretera federal a Teziutl\u00e1n,<\/strong> a la altura de esta junta auxiliar, luego de que <strong>un tanque de gas explotara en la zona, alertando a los vecinos.<\/strong><\/p>\n<p>La explosi\u00f3n solo dej\u00f3 da\u00f1os materiales en tres locales aleda\u00f1os y en diversos autom\u00f3viles que estaban estacionados en el lugar. Hasta el momento elementos de seguridad ya abanderan la zona para evitar alg\u00fan otro riesgo, adem\u00e1s de que personal de Protecci\u00f3n Civil del municipio verifican el interior del lugar donde fue la explosi\u00f3n.<\/p>\n<p>Personal de Cruz Roja est\u00e1 en el lugar y atienden a una persona que presenta ligeras lesiones tras la explosi\u00f3n.<\/p>\n<p>&nbsp;<\/p>\n","protected":false},"excerpt":{"rendered":"<p>Zautla, Pue.- Una fuerte explosi\u00f3n de un tanque de Gas Lp se registr\u00f3 durante la ma\u00f1ana de este jueves en la junta auxiliar de San Miguel Tenextatiloyan, perteneciente al municipio de Zautla. Hasta el momento se desconocen las causas que la originaron. Los hechos se presentaron al filo de las 08:45 en un restaurante ubicado&#8230;<\/p>\n","protected":false},"author":15,"featured_media":15039,"comment_status":"open","ping_status":"open","sticky":false,"template":"","format":"standard","meta":[],"categories":[20],"tags":[49],"yoast_head":"<!-- This site is optimized with the Yoast SEO plugin v20.8 - https:\/\/yoast.com\/wordpress\/plugins\/seo\/ -->\n<title>Alarma a vecinos explosi\u00f3n de tanque de gas en restaurante de Zautla - The Puebla Times<\/title>\n<meta name=\"robots\" content=\"index, follow, max-snippet:-1, max-image-preview:large, max-video-preview:-1\" \/>\n<link rel=\"canonical\" href=\"https:\/\/thepueblatimes.mx\/index.php\/2021\/08\/05\/alarma-a-vecinos-explosion-de-tanque-de-gas-en-restaurante-de-zautla\/\" \/>\n<meta property=\"og:locale\" content=\"es_ES\" \/>\n<meta property=\"og:type\" content=\"article\" \/>\n<meta property=\"og:title\" content=\"Alarma a vecinos explosi\u00f3n de tanque de gas en restaurante de Zautla - The Puebla Times\" \/>\n<meta property=\"og:description\" content=\"Zautla, Pue.- Una fuerte explosi\u00f3n de un tanque de Gas Lp se registr\u00f3 durante la ma\u00f1ana de este jueves en la junta auxiliar de San Miguel Tenextatiloyan, perteneciente al municipio de Zautla. Hasta el momento se desconocen las causas que la originaron. Los hechos se presentaron al filo de las 08:45 en un restaurante ubicado...\" \/>\n<meta property=\"og:url\" content=\"https:\/\/thepueblatimes.mx\/index.php\/2021\/08\/05\/alarma-a-vecinos-explosion-de-tanque-de-gas-en-restaurante-de-zautla\/\" \/>\n<meta property=\"og:site_name\" content=\"The Puebla Times\" \/>\n<meta property=\"article:published_time\" content=\"2021-08-05T16:14:48+00:00\" \/>\n<meta property=\"og:image\" content=\"https:\/\/thepueblatimes.mx\/wp-content\/uploads\/2021\/08\/7ECD2210-8BD9-4B30-A647-EA79457E3DF9.jpeg\" \/>\n\t<meta property=\"og:image:width\" content=\"720\" \/>\n\t<meta property=\"og:image:height\" content=\"405\" \/>\n\t<meta property=\"og:image:type\" content=\"image\/jpeg\" \/>\n<meta name=\"author\" content=\"Francisco S\u00e1nchez Nolasco\" \/>\n<meta name=\"twitter:card\" content=\"summary_large_image\" \/>\n<meta name=\"twitter:label1\" content=\"Escrito por\" \/>\n\t<meta name=\"twitter:data1\" content=\"Francisco S\u00e1nchez Nolasco\" \/>\n\t<meta name=\"twitter:label2\" content=\"Tiempo de lectura\" \/>\n\t<meta name=\"twitter:data2\" content=\"1 minuto\" \/>\n<script type=\"application\/ld+json\" class=\"yoast-schema-graph\">{\"@context\":\"https:\/\/schema.org\",\"@graph\":[{\"@type\":\"WebPage\",\"@id\":\"https:\/\/thepueblatimes.mx\/index.php\/2021\/08\/05\/alarma-a-vecinos-explosion-de-tanque-de-gas-en-restaurante-de-zautla\/\",\"url\":\"https:\/\/thepueblatimes.mx\/index.php\/2021\/08\/05\/alarma-a-vecinos-explosion-de-tanque-de-gas-en-restaurante-de-zautla\/\",\"name\":\"Alarma a vecinos explosi\u00f3n de tanque de gas en restaurante de Zautla - The Puebla Times\",\"isPartOf\":{\"@id\":\"https:\/\/thepueblatimes.mx\/#website\"},\"datePublished\":\"2021-08-05T16:14:48+00:00\",\"dateModified\":\"2021-08-05T16:14:48+00:00\",\"author\":{\"@id\":\"https:\/\/thepueblatimes.mx\/#\/schema\/person\/7bdf2adbc50078b104bba72b5612f774\"},\"breadcrumb\":{\"@id\":\"https:\/\/thepueblatimes.mx\/index.php\/2021\/08\/05\/alarma-a-vecinos-explosion-de-tanque-de-gas-en-restaurante-de-zautla\/#breadcrumb\"},\"inLanguage\":\"es\",\"potentialAction\":[{\"@type\":\"ReadAction\",\"target\":[\"https:\/\/thepueblatimes.mx\/index.php\/2021\/08\/05\/alarma-a-vecinos-explosion-de-tanque-de-gas-en-restaurante-de-zautla\/\"]}]},{\"@type\":\"BreadcrumbList\",\"@id\":\"https:\/\/thepueblatimes.mx\/index.php\/2021\/08\/05\/alarma-a-vecinos-explosion-de-tanque-de-gas-en-restaurante-de-zautla\/#breadcrumb\",\"itemListElement\":[{\"@type\":\"ListItem\",\"position\":1,\"name\":\"Portada\",\"item\":\"https:\/\/thepueblatimes.mx\/\"},{\"@type\":\"ListItem\",\"position\":2,\"name\":\"Alarma a vecinos explosi\u00f3n de tanque de gas en restaurante de Zautla\"}]},{\"@type\":\"WebSite\",\"@id\":\"https:\/\/thepueblatimes.mx\/#website\",\"url\":\"https:\/\/thepueblatimes.mx\/\",\"name\":\"The Puebla Times\",\"description\":\"Noticias del Estado de Puebla\",\"potentialAction\":[{\"@type\":\"SearchAction\",\"target\":{\"@type\":\"EntryPoint\",\"urlTemplate\":\"https:\/\/thepueblatimes.mx\/?s={search_term_string}\"},\"query-input\":\"required name=search_term_string\"}],\"inLanguage\":\"es\"},{\"@type\":\"Person\",\"@id\":\"https:\/\/thepueblatimes.mx\/#\/schema\/person\/7bdf2adbc50078b104bba72b5612f774\",\"name\":\"Francisco S\u00e1nchez Nolasco\",\"image\":{\"@type\":\"ImageObject\",\"inLanguage\":\"es\",\"@id\":\"https:\/\/thepueblatimes.mx\/#\/schema\/person\/image\/\",\"url\":\"https:\/\/secure.gravatar.com\/avatar\/6061d7d20b38bc2742a5218401b198d2?s=96&d=mm&r=g\",\"contentUrl\":\"https:\/\/secure.gravatar.com\/avatar\/6061d7d20b38bc2742a5218401b198d2?s=96&d=mm&r=g\",\"caption\":\"Francisco S\u00e1nchez Nolasco\"},\"url\":\"https:\/\/thepueblatimes.mx\/index.php\/author\/marianitha-reyes\/\"}]}<\/script>\n<!-- \/ Yoast SEO plugin. -->","yoast_head_json":{"title":"Alarma a vecinos explosi\u00f3n de tanque de gas en restaurante de Zautla - The Puebla Times","robots":{"index":"index","follow":"follow","max-snippet":"max-snippet:-1","max-image-preview":"max-image-preview:large","max-video-preview":"max-video-preview:-1"},"canonical":"https:\/\/thepueblatimes.mx\/index.php\/2021\/08\/05\/alarma-a-vecinos-explosion-de-tanque-de-gas-en-restaurante-de-zautla\/","og_locale":"es_ES","og_type":"article","og_title":"Alarma a vecinos explosi\u00f3n de tanque de gas en restaurante de Zautla - The Puebla Times","og_description":"Zautla, Pue.- Una fuerte explosi\u00f3n de un tanque de Gas Lp se registr\u00f3 durante la ma\u00f1ana de este jueves en la junta auxiliar de San Miguel Tenextatiloyan, perteneciente al municipio de Zautla. Hasta el momento se desconocen las causas que la originaron. Los hechos se presentaron al filo de las 08:45 en un restaurante ubicado...","og_url":"https:\/\/thepueblatimes.mx\/index.php\/2021\/08\/05\/alarma-a-vecinos-explosion-de-tanque-de-gas-en-restaurante-de-zautla\/","og_site_name":"The Puebla Times","article_published_time":"2021-08-05T16:14:48+00:00","og_image":[{"width":720,"height":405,"url":"https:\/\/thepueblatimes.mx\/wp-content\/uploads\/2021\/08\/7ECD2210-8BD9-4B30-A647-EA79457E3DF9.jpeg","type":"image\/jpeg"}],"author":"Francisco S\u00e1nchez Nolasco","twitter_card":"summary_large_image","twitter_misc":{"Escrito por":"Francisco S\u00e1nchez Nolasco","Tiempo de lectura":"1 minuto"},"schema":{"@context":"https:\/\/schema.org","@graph":[{"@type":"WebPage","@id":"https:\/\/thepueblatimes.mx\/index.php\/2021\/08\/05\/alarma-a-vecinos-explosion-de-tanque-de-gas-en-restaurante-de-zautla\/","url":"https:\/\/thepueblatimes.mx\/index.php\/2021\/08\/05\/alarma-a-vecinos-explosion-de-tanque-de-gas-en-restaurante-de-zautla\/","name":"Alarma a vecinos explosi\u00f3n de tanque de gas en restaurante de Zautla - The Puebla Times","isPartOf":{"@id":"https:\/\/thepueblatimes.mx\/#website"},"datePublished":"2021-08-05T16:14:48+00:00","dateModified":"2021-08-05T16:14:48+00:00","author":{"@id":"https:\/\/thepueblatimes.mx\/#\/schema\/person\/7bdf2adbc50078b104bba72b5612f774"},"breadcrumb":{"@id":"https:\/\/thepueblatimes.mx\/index.php\/2021\/08\/05\/alarma-a-vecinos-explosion-de-tanque-de-gas-en-restaurante-de-zautla\/#breadcrumb"},"inLanguage":"es","potentialAction":[{"@type":"ReadAction","target":["https:\/\/thepueblatimes.mx\/index.php\/2021\/08\/05\/alarma-a-vecinos-explosion-de-tanque-de-gas-en-restaurante-de-zautla\/"]}]},{"@type":"BreadcrumbList","@id":"https:\/\/thepueblatimes.mx\/index.php\/2021\/08\/05\/alarma-a-vecinos-explosion-de-tanque-de-gas-en-restaurante-de-zautla\/#breadcrumb","itemListElement":[{"@type":"ListItem","position":1,"name":"Portada","item":"https:\/\/thepueblatimes.mx\/"},{"@type":"ListItem","position":2,"name":"Alarma a vecinos explosi\u00f3n de tanque de gas en restaurante de Zautla"}]},{"@type":"WebSite","@id":"https:\/\/thepueblatimes.mx\/#website","url":"https:\/\/thepueblatimes.mx\/","name":"The Puebla Times","description":"Noticias del Estado de Puebla","potentialAction":[{"@type":"SearchAction","target":{"@type":"EntryPoint","urlTemplate":"https:\/\/thepueblatimes.mx\/?s={search_term_string}"},"query-input":"required name=search_term_string"}],"inLanguage":"es"},{"@type":"Person","@id":"https:\/\/thepueblatimes.mx\/#\/schema\/person\/7bdf2adbc50078b104bba72b5612f774","name":"Francisco S\u00e1nchez Nolasco","image":{"@type":"ImageObject","inLanguage":"es","@id":"https:\/\/thepueblatimes.mx\/#\/schema\/person\/image\/","url":"https:\/\/secure.gravatar.com\/avatar\/6061d7d20b38bc2742a5218401b198d2?s=96&d=mm&r=g","contentUrl":"https:\/\/secure.gravatar.com\/avatar\/6061d7d20b38bc2742a5218401b198d2?s=96&d=mm&r=g","caption":"Francisco S\u00e1nchez Nolasco"},"url":"https:\/\/thepueblatimes.mx\/index.php\/author\/marianitha-reyes\/"}]}},"jetpack_featured_media_url":"https:\/\/thepueblatimes.mx\/wp-content\/uploads\/2021\/08\/7ECD2210-8BD9-4B30-A647-EA79457E3DF9.jpeg","_links":{"self":[{"href":"https:\/\/thepueblatimes.mx\/index.php\/wp-json\/wp\/v2\/posts\/15038"}],"collection":[{"href":"https:\/\/thepueblatimes.mx\/index.php\/wp-json\/wp\/v2\/posts"}],"about":[{"href":"https:\/\/thepueblatimes.mx\/index.php\/wp-json\/wp\/v2\/types\/post"}],"author":[{"embeddable":true,"href":"https:\/\/thepueblatimes.mx\/index.php\/wp-json\/wp\/v2\/users\/15"}],"replies":[{"embeddable":true,"href":"https:\/\/thepueblatimes.mx\/index.php\/wp-json\/wp\/v2\/comments?post=15038"}],"version-history":[{"count":1,"href":"https:\/\/thepueblatimes.mx\/index.php\/wp-json\/wp\/v2\/posts\/15038\/revisions"}],"predecessor-version":[{"id":15040,"href":"https:\/\/thepueblatimes.mx\/index.php\/wp-json\/wp\/v2\/posts\/15038\/revisions\/15040"}],"wp:featuredmedia":[{"embeddable":true,"href":"https:\/\/thepueblatimes.mx\/index.php\/wp-json\/wp\/v2\/media\/15039"}],"wp:attachment":[{"href":"https:\/\/thepueblatimes.mx\/index.php\/wp-json\/wp\/v2\/media?parent=15038"}],"wp:term":[{"taxonomy":"category","embeddable":true,"href":"https:\/\/thepueblatimes.mx\/index.php\/wp-json\/wp\/v2\/categories?post=15038"},{"taxonomy":"post_tag","embeddable":true,"href":"https:\/\/thepueblatimes.mx\/index.php\/wp-json\/wp\/v2\/tags?post=15038"}],"curies":[{"name":"wp","href":"https:\/\/api.w.org\/{rel}","templated":true}]}}