{"id":15035,"date":"2021-08-05T11:12:07","date_gmt":"2021-08-05T16:12:07","guid":{"rendered":"https:\/\/thepueblatimes.mx\/?p=15035"},"modified":"2021-08-05T11:12:07","modified_gmt":"2021-08-05T16:12:07","slug":"video-por-corto-circuito-se-calcina-casa-en-ciudad-serdan","status":"publish","type":"post","link":"https:\/\/thepueblatimes.mx\/index.php\/2021\/08\/05\/video-por-corto-circuito-se-calcina-casa-en-ciudad-serdan\/","title":{"rendered":"VIDEO Por corto circuito se calcina casa en Ciudad Serd\u00e1n"},"content":{"rendered":"<p>Ciudad Serd\u00e1n.-<strong> Un corto circuito origin\u00f3 un incendio al interior de un domicilio en calle 6 oriente colonia Fuentes de Guadalupe en Ciudad Serd\u00e1n<\/strong>.<strong>.<\/strong>\u00a0Presuntamente\u00a0 madera que se encontraba al interior fue consumida por el fuego originado por el chispazo y alg\u00fan\u00a0 material al interior del inmueble aceler\u00f3 la combusti\u00f3n.<\/p>\n<p><strong>Vecino apoyaron en primera instancia colocando una escalera y haciendo cadena con cubetas con agua<\/strong>, posteriormente arribaron elementos de Protecci\u00f3n Civil y una pipa del SOAPACS controlaron\u00a0 poco a poco el siniestro.<\/p>\n<p><strong>Durante la maniobra una l\u00ednea de alta tensi\u00f3n permaneci\u00f3 en el pavimento\u00a0 dando chispazos mientras el agua corr\u00eda sobre la calle<\/strong>;\u00a0se pidi\u00f3 apoyo a CFE para realizar corte de energ\u00eda pero nunca llegaron al apoyo.<\/p>\n<p>El incendio inici\u00f3 aproximadamente\u00a0 a las cero horas de este jueves 5 de agosto se logr\u00f3 controlar\u00a0 minutos despu\u00e9s de la una de la madrugada.<\/p>\n<p>&nbsp;<\/p>\n","protected":false},"excerpt":{"rendered":"<p>Ciudad Serd\u00e1n.- Un corto circuito origin\u00f3 un incendio al interior de un domicilio en calle 6 oriente colonia Fuentes de Guadalupe en Ciudad Serd\u00e1n..\u00a0Presuntamente\u00a0 madera que se encontraba al interior fue consumida por el fuego originado por el chispazo y alg\u00fan\u00a0 material al interior del inmueble aceler\u00f3 la combusti\u00f3n. Vecino apoyaron en primera instancia colocando&#8230;<\/p>\n","protected":false},"author":15,"featured_media":15036,"comment_status":"open","ping_status":"open","sticky":false,"template":"","format":"standard","meta":[],"categories":[20],"tags":[49],"yoast_head":"<!-- This site is optimized with the Yoast SEO plugin v20.8 - https:\/\/yoast.com\/wordpress\/plugins\/seo\/ -->\n<title>VIDEO Por corto circuito se calcina casa en Ciudad Serd\u00e1n - The Puebla Times<\/title>\n<meta name=\"robots\" content=\"index, follow, max-snippet:-1, max-image-preview:large, max-video-preview:-1\" \/>\n<link rel=\"canonical\" href=\"https:\/\/thepueblatimes.mx\/index.php\/2021\/08\/05\/video-por-corto-circuito-se-calcina-casa-en-ciudad-serdan\/\" \/>\n<meta property=\"og:locale\" content=\"es_ES\" \/>\n<meta property=\"og:type\" content=\"article\" \/>\n<meta property=\"og:title\" content=\"VIDEO Por corto circuito se calcina casa en Ciudad Serd\u00e1n - The Puebla Times\" \/>\n<meta property=\"og:description\" content=\"Ciudad Serd\u00e1n.- Un corto circuito origin\u00f3 un incendio al interior de un domicilio en calle 6 oriente colonia Fuentes de Guadalupe en Ciudad Serd\u00e1n..\u00a0Presuntamente\u00a0 madera que se encontraba al interior fue consumida por el fuego originado por el chispazo y alg\u00fan\u00a0 material al interior del inmueble aceler\u00f3 la combusti\u00f3n. Vecino apoyaron en primera instancia colocando...\" \/>\n<meta property=\"og:url\" content=\"https:\/\/thepueblatimes.mx\/index.php\/2021\/08\/05\/video-por-corto-circuito-se-calcina-casa-en-ciudad-serdan\/\" \/>\n<meta property=\"og:site_name\" content=\"The Puebla Times\" \/>\n<meta property=\"article:published_time\" content=\"2021-08-05T16:12:07+00:00\" \/>\n<meta property=\"og:image\" content=\"https:\/\/thepueblatimes.mx\/wp-content\/uploads\/2021\/08\/B038CCF2-C1FD-4F2D-9F13-01DDEEFE0677.jpeg\" \/>\n\t<meta property=\"og:image:width\" content=\"650\" \/>\n\t<meta property=\"og:image:height\" content=\"462\" \/>\n\t<meta property=\"og:image:type\" content=\"image\/jpeg\" \/>\n<meta name=\"author\" content=\"Francisco S\u00e1nchez Nolasco\" \/>\n<meta name=\"twitter:card\" content=\"summary_large_image\" \/>\n<meta name=\"twitter:label1\" content=\"Escrito por\" \/>\n\t<meta name=\"twitter:data1\" content=\"Francisco S\u00e1nchez Nolasco\" \/>\n\t<meta name=\"twitter:label2\" content=\"Tiempo de lectura\" \/>\n\t<meta name=\"twitter:data2\" content=\"1 minuto\" \/>\n<script type=\"application\/ld+json\" class=\"yoast-schema-graph\">{\"@context\":\"https:\/\/schema.org\",\"@graph\":[{\"@type\":\"WebPage\",\"@id\":\"https:\/\/thepueblatimes.mx\/index.php\/2021\/08\/05\/video-por-corto-circuito-se-calcina-casa-en-ciudad-serdan\/\",\"url\":\"https:\/\/thepueblatimes.mx\/index.php\/2021\/08\/05\/video-por-corto-circuito-se-calcina-casa-en-ciudad-serdan\/\",\"name\":\"VIDEO Por corto circuito se calcina casa en Ciudad Serd\u00e1n - The Puebla Times\",\"isPartOf\":{\"@id\":\"https:\/\/thepueblatimes.mx\/#website\"},\"datePublished\":\"2021-08-05T16:12:07+00:00\",\"dateModified\":\"2021-08-05T16:12:07+00:00\",\"author\":{\"@id\":\"https:\/\/thepueblatimes.mx\/#\/schema\/person\/7bdf2adbc50078b104bba72b5612f774\"},\"breadcrumb\":{\"@id\":\"https:\/\/thepueblatimes.mx\/index.php\/2021\/08\/05\/video-por-corto-circuito-se-calcina-casa-en-ciudad-serdan\/#breadcrumb\"},\"inLanguage\":\"es\",\"potentialAction\":[{\"@type\":\"ReadAction\",\"target\":[\"https:\/\/thepueblatimes.mx\/index.php\/2021\/08\/05\/video-por-corto-circuito-se-calcina-casa-en-ciudad-serdan\/\"]}]},{\"@type\":\"BreadcrumbList\",\"@id\":\"https:\/\/thepueblatimes.mx\/index.php\/2021\/08\/05\/video-por-corto-circuito-se-calcina-casa-en-ciudad-serdan\/#breadcrumb\",\"itemListElement\":[{\"@type\":\"ListItem\",\"position\":1,\"name\":\"Portada\",\"item\":\"https:\/\/thepueblatimes.mx\/\"},{\"@type\":\"ListItem\",\"position\":2,\"name\":\"VIDEO Por corto circuito se calcina casa en Ciudad Serd\u00e1n\"}]},{\"@type\":\"WebSite\",\"@id\":\"https:\/\/thepueblatimes.mx\/#website\",\"url\":\"https:\/\/thepueblatimes.mx\/\",\"name\":\"The Puebla Times\",\"description\":\"Noticias del Estado de Puebla\",\"potentialAction\":[{\"@type\":\"SearchAction\",\"target\":{\"@type\":\"EntryPoint\",\"urlTemplate\":\"https:\/\/thepueblatimes.mx\/?s={search_term_string}\"},\"query-input\":\"required name=search_term_string\"}],\"inLanguage\":\"es\"},{\"@type\":\"Person\",\"@id\":\"https:\/\/thepueblatimes.mx\/#\/schema\/person\/7bdf2adbc50078b104bba72b5612f774\",\"name\":\"Francisco S\u00e1nchez Nolasco\",\"image\":{\"@type\":\"ImageObject\",\"inLanguage\":\"es\",\"@id\":\"https:\/\/thepueblatimes.mx\/#\/schema\/person\/image\/\",\"url\":\"https:\/\/secure.gravatar.com\/avatar\/6061d7d20b38bc2742a5218401b198d2?s=96&d=mm&r=g\",\"contentUrl\":\"https:\/\/secure.gravatar.com\/avatar\/6061d7d20b38bc2742a5218401b198d2?s=96&d=mm&r=g\",\"caption\":\"Francisco S\u00e1nchez Nolasco\"},\"url\":\"https:\/\/thepueblatimes.mx\/index.php\/author\/marianitha-reyes\/\"}]}<\/script>\n<!-- \/ Yoast SEO plugin. -->","yoast_head_json":{"title":"VIDEO Por corto circuito se calcina casa en Ciudad Serd\u00e1n - The Puebla Times","robots":{"index":"index","follow":"follow","max-snippet":"max-snippet:-1","max-image-preview":"max-image-preview:large","max-video-preview":"max-video-preview:-1"},"canonical":"https:\/\/thepueblatimes.mx\/index.php\/2021\/08\/05\/video-por-corto-circuito-se-calcina-casa-en-ciudad-serdan\/","og_locale":"es_ES","og_type":"article","og_title":"VIDEO Por corto circuito se calcina casa en Ciudad Serd\u00e1n - The Puebla Times","og_description":"Ciudad Serd\u00e1n.- Un corto circuito origin\u00f3 un incendio al interior de un domicilio en calle 6 oriente colonia Fuentes de Guadalupe en Ciudad Serd\u00e1n..\u00a0Presuntamente\u00a0 madera que se encontraba al interior fue consumida por el fuego originado por el chispazo y alg\u00fan\u00a0 material al interior del inmueble aceler\u00f3 la combusti\u00f3n. Vecino apoyaron en primera instancia colocando...","og_url":"https:\/\/thepueblatimes.mx\/index.php\/2021\/08\/05\/video-por-corto-circuito-se-calcina-casa-en-ciudad-serdan\/","og_site_name":"The Puebla Times","article_published_time":"2021-08-05T16:12:07+00:00","og_image":[{"width":650,"height":462,"url":"https:\/\/thepueblatimes.mx\/wp-content\/uploads\/2021\/08\/B038CCF2-C1FD-4F2D-9F13-01DDEEFE0677.jpeg","type":"image\/jpeg"}],"author":"Francisco S\u00e1nchez Nolasco","twitter_card":"summary_large_image","twitter_misc":{"Escrito por":"Francisco S\u00e1nchez Nolasco","Tiempo de lectura":"1 minuto"},"schema":{"@context":"https:\/\/schema.org","@graph":[{"@type":"WebPage","@id":"https:\/\/thepueblatimes.mx\/index.php\/2021\/08\/05\/video-por-corto-circuito-se-calcina-casa-en-ciudad-serdan\/","url":"https:\/\/thepueblatimes.mx\/index.php\/2021\/08\/05\/video-por-corto-circuito-se-calcina-casa-en-ciudad-serdan\/","name":"VIDEO Por corto circuito se calcina casa en Ciudad Serd\u00e1n - The Puebla Times","isPartOf":{"@id":"https:\/\/thepueblatimes.mx\/#website"},"datePublished":"2021-08-05T16:12:07+00:00","dateModified":"2021-08-05T16:12:07+00:00","author":{"@id":"https:\/\/thepueblatimes.mx\/#\/schema\/person\/7bdf2adbc50078b104bba72b5612f774"},"breadcrumb":{"@id":"https:\/\/thepueblatimes.mx\/index.php\/2021\/08\/05\/video-por-corto-circuito-se-calcina-casa-en-ciudad-serdan\/#breadcrumb"},"inLanguage":"es","potentialAction":[{"@type":"ReadAction","target":["https:\/\/thepueblatimes.mx\/index.php\/2021\/08\/05\/video-por-corto-circuito-se-calcina-casa-en-ciudad-serdan\/"]}]},{"@type":"BreadcrumbList","@id":"https:\/\/thepueblatimes.mx\/index.php\/2021\/08\/05\/video-por-corto-circuito-se-calcina-casa-en-ciudad-serdan\/#breadcrumb","itemListElement":[{"@type":"ListItem","position":1,"name":"Portada","item":"https:\/\/thepueblatimes.mx\/"},{"@type":"ListItem","position":2,"name":"VIDEO Por corto circuito se calcina casa en Ciudad Serd\u00e1n"}]},{"@type":"WebSite","@id":"https:\/\/thepueblatimes.mx\/#website","url":"https:\/\/thepueblatimes.mx\/","name":"The Puebla Times","description":"Noticias del Estado de Puebla","potentialAction":[{"@type":"SearchAction","target":{"@type":"EntryPoint","urlTemplate":"https:\/\/thepueblatimes.mx\/?s={search_term_string}"},"query-input":"required name=search_term_string"}],"inLanguage":"es"},{"@type":"Person","@id":"https:\/\/thepueblatimes.mx\/#\/schema\/person\/7bdf2adbc50078b104bba72b5612f774","name":"Francisco S\u00e1nchez Nolasco","image":{"@type":"ImageObject","inLanguage":"es","@id":"https:\/\/thepueblatimes.mx\/#\/schema\/person\/image\/","url":"https:\/\/secure.gravatar.com\/avatar\/6061d7d20b38bc2742a5218401b198d2?s=96&d=mm&r=g","contentUrl":"https:\/\/secure.gravatar.com\/avatar\/6061d7d20b38bc2742a5218401b198d2?s=96&d=mm&r=g","caption":"Francisco S\u00e1nchez Nolasco"},"url":"https:\/\/thepueblatimes.mx\/index.php\/author\/marianitha-reyes\/"}]}},"jetpack_featured_media_url":"https:\/\/thepueblatimes.mx\/wp-content\/uploads\/2021\/08\/B038CCF2-C1FD-4F2D-9F13-01DDEEFE0677.jpeg","_links":{"self":[{"href":"https:\/\/thepueblatimes.mx\/index.php\/wp-json\/wp\/v2\/posts\/15035"}],"collection":[{"href":"https:\/\/thepueblatimes.mx\/index.php\/wp-json\/wp\/v2\/posts"}],"about":[{"href":"https:\/\/thepueblatimes.mx\/index.php\/wp-json\/wp\/v2\/types\/post"}],"author":[{"embeddable":true,"href":"https:\/\/thepueblatimes.mx\/index.php\/wp-json\/wp\/v2\/users\/15"}],"replies":[{"embeddable":true,"href":"https:\/\/thepueblatimes.mx\/index.php\/wp-json\/wp\/v2\/comments?post=15035"}],"version-history":[{"count":1,"href":"https:\/\/thepueblatimes.mx\/index.php\/wp-json\/wp\/v2\/posts\/15035\/revisions"}],"predecessor-version":[{"id":15037,"href":"https:\/\/thepueblatimes.mx\/index.php\/wp-json\/wp\/v2\/posts\/15035\/revisions\/15037"}],"wp:featuredmedia":[{"embeddable":true,"href":"https:\/\/thepueblatimes.mx\/index.php\/wp-json\/wp\/v2\/media\/15036"}],"wp:attachment":[{"href":"https:\/\/thepueblatimes.mx\/index.php\/wp-json\/wp\/v2\/media?parent=15035"}],"wp:term":[{"taxonomy":"category","embeddable":true,"href":"https:\/\/thepueblatimes.mx\/index.php\/wp-json\/wp\/v2\/categories?post=15035"},{"taxonomy":"post_tag","embeddable":true,"href":"https:\/\/thepueblatimes.mx\/index.php\/wp-json\/wp\/v2\/tags?post=15035"}],"curies":[{"name":"wp","href":"https:\/\/api.w.org\/{rel}","templated":true}]}}