{"id":15031,"date":"2021-08-03T22:51:13","date_gmt":"2021-08-04T03:51:13","guid":{"rendered":"https:\/\/thepueblatimes.mx\/?p=15031"},"modified":"2021-08-03T22:51:13","modified_gmt":"2021-08-04T03:51:13","slug":"roban-camioneta-de-estacionamiento-de-coppel-en-tecamachalco","status":"publish","type":"post","link":"https:\/\/thepueblatimes.mx\/index.php\/2021\/08\/03\/roban-camioneta-de-estacionamiento-de-coppel-en-tecamachalco\/","title":{"rendered":"Roban camioneta de estacionamiento de Coppel en Tecamachalco"},"content":{"rendered":"<p>Tecamachalco, Pue.- Fuentes oficiales informaron que <strong>durante la tarde de ayer domingo una llamada al 911 inform\u00f3 que en el estacionamiento subterr\u00e1neo de la tienda Coppel ubicada sobre la calle 2 su<\/strong>r en pleno <strong>centro de Tecamachalco <\/strong>se registr\u00f3 el <strong>robo de una camioneta Chevrolet Silverado<\/strong> color verde con batea californiana\u00a0y placas de circulaci\u00f3n 176-ZSK del Distrito Federal.<\/p>\n<p>La v\u00edctima acudi\u00f3 a realizar diferentes actividades a la tienda departamental, sin embargo al llegar al estacionamiento\u00a0se percat\u00f3 que ya no estaba la unidad, por lo que dio aviso a las autoridades de manera inmediata, quienes implementaron un operativo de b\u00fasqueda sin tener \u00e9xito.<\/p>\n<p>Finalmente la v\u00edctima fue asesorada para presentar la denuncia ante las autoridades correspondientes.<\/p>\n","protected":false},"excerpt":{"rendered":"<p>Tecamachalco, Pue.- Fuentes oficiales informaron que durante la tarde de ayer domingo una llamada al 911 inform\u00f3 que en el estacionamiento subterr\u00e1neo de la tienda Coppel ubicada sobre la calle 2 sur en pleno centro de Tecamachalco se registr\u00f3 el robo de una camioneta Chevrolet Silverado color verde con batea californiana\u00a0y placas de circulaci\u00f3n 176-ZSK&#8230;<\/p>\n","protected":false},"author":15,"featured_media":15032,"comment_status":"open","ping_status":"open","sticky":false,"template":"","format":"standard","meta":[],"categories":[20],"tags":[49],"yoast_head":"<!-- This site is optimized with the Yoast SEO plugin v20.8 - https:\/\/yoast.com\/wordpress\/plugins\/seo\/ -->\n<title>Roban camioneta de estacionamiento de Coppel en Tecamachalco - The Puebla Times<\/title>\n<meta name=\"robots\" content=\"index, follow, max-snippet:-1, max-image-preview:large, max-video-preview:-1\" \/>\n<link rel=\"canonical\" href=\"https:\/\/thepueblatimes.mx\/index.php\/2021\/08\/03\/roban-camioneta-de-estacionamiento-de-coppel-en-tecamachalco\/\" \/>\n<meta property=\"og:locale\" content=\"es_ES\" \/>\n<meta property=\"og:type\" content=\"article\" \/>\n<meta property=\"og:title\" content=\"Roban camioneta de estacionamiento de Coppel en Tecamachalco - The Puebla Times\" \/>\n<meta property=\"og:description\" content=\"Tecamachalco, Pue.- Fuentes oficiales informaron que durante la tarde de ayer domingo una llamada al 911 inform\u00f3 que en el estacionamiento subterr\u00e1neo de la tienda Coppel ubicada sobre la calle 2 sur en pleno centro de Tecamachalco se registr\u00f3 el robo de una camioneta Chevrolet Silverado color verde con batea californiana\u00a0y placas de circulaci\u00f3n 176-ZSK...\" \/>\n<meta property=\"og:url\" content=\"https:\/\/thepueblatimes.mx\/index.php\/2021\/08\/03\/roban-camioneta-de-estacionamiento-de-coppel-en-tecamachalco\/\" \/>\n<meta property=\"og:site_name\" content=\"The Puebla Times\" \/>\n<meta property=\"article:published_time\" content=\"2021-08-04T03:51:13+00:00\" \/>\n<meta property=\"og:image\" content=\"https:\/\/thepueblatimes.mx\/wp-content\/uploads\/2021\/08\/EE344ABE-2859-4511-97D0-A6925638AA2E.jpeg\" \/>\n\t<meta property=\"og:image:width\" content=\"1080\" \/>\n\t<meta property=\"og:image:height\" content=\"828\" \/>\n\t<meta property=\"og:image:type\" content=\"image\/jpeg\" \/>\n<meta name=\"author\" content=\"Francisco S\u00e1nchez Nolasco\" \/>\n<meta name=\"twitter:card\" content=\"summary_large_image\" \/>\n<meta name=\"twitter:label1\" content=\"Escrito por\" \/>\n\t<meta name=\"twitter:data1\" content=\"Francisco S\u00e1nchez Nolasco\" \/>\n\t<meta name=\"twitter:label2\" content=\"Tiempo de lectura\" \/>\n\t<meta name=\"twitter:data2\" content=\"1 minuto\" \/>\n<script type=\"application\/ld+json\" class=\"yoast-schema-graph\">{\"@context\":\"https:\/\/schema.org\",\"@graph\":[{\"@type\":\"WebPage\",\"@id\":\"https:\/\/thepueblatimes.mx\/index.php\/2021\/08\/03\/roban-camioneta-de-estacionamiento-de-coppel-en-tecamachalco\/\",\"url\":\"https:\/\/thepueblatimes.mx\/index.php\/2021\/08\/03\/roban-camioneta-de-estacionamiento-de-coppel-en-tecamachalco\/\",\"name\":\"Roban camioneta de estacionamiento de Coppel en Tecamachalco - The Puebla Times\",\"isPartOf\":{\"@id\":\"https:\/\/thepueblatimes.mx\/#website\"},\"datePublished\":\"2021-08-04T03:51:13+00:00\",\"dateModified\":\"2021-08-04T03:51:13+00:00\",\"author\":{\"@id\":\"https:\/\/thepueblatimes.mx\/#\/schema\/person\/7bdf2adbc50078b104bba72b5612f774\"},\"breadcrumb\":{\"@id\":\"https:\/\/thepueblatimes.mx\/index.php\/2021\/08\/03\/roban-camioneta-de-estacionamiento-de-coppel-en-tecamachalco\/#breadcrumb\"},\"inLanguage\":\"es\",\"potentialAction\":[{\"@type\":\"ReadAction\",\"target\":[\"https:\/\/thepueblatimes.mx\/index.php\/2021\/08\/03\/roban-camioneta-de-estacionamiento-de-coppel-en-tecamachalco\/\"]}]},{\"@type\":\"BreadcrumbList\",\"@id\":\"https:\/\/thepueblatimes.mx\/index.php\/2021\/08\/03\/roban-camioneta-de-estacionamiento-de-coppel-en-tecamachalco\/#breadcrumb\",\"itemListElement\":[{\"@type\":\"ListItem\",\"position\":1,\"name\":\"Portada\",\"item\":\"https:\/\/thepueblatimes.mx\/\"},{\"@type\":\"ListItem\",\"position\":2,\"name\":\"Roban camioneta de estacionamiento de Coppel en Tecamachalco\"}]},{\"@type\":\"WebSite\",\"@id\":\"https:\/\/thepueblatimes.mx\/#website\",\"url\":\"https:\/\/thepueblatimes.mx\/\",\"name\":\"The Puebla Times\",\"description\":\"Noticias del Estado de Puebla\",\"potentialAction\":[{\"@type\":\"SearchAction\",\"target\":{\"@type\":\"EntryPoint\",\"urlTemplate\":\"https:\/\/thepueblatimes.mx\/?s={search_term_string}\"},\"query-input\":\"required name=search_term_string\"}],\"inLanguage\":\"es\"},{\"@type\":\"Person\",\"@id\":\"https:\/\/thepueblatimes.mx\/#\/schema\/person\/7bdf2adbc50078b104bba72b5612f774\",\"name\":\"Francisco S\u00e1nchez Nolasco\",\"image\":{\"@type\":\"ImageObject\",\"inLanguage\":\"es\",\"@id\":\"https:\/\/thepueblatimes.mx\/#\/schema\/person\/image\/\",\"url\":\"https:\/\/secure.gravatar.com\/avatar\/6061d7d20b38bc2742a5218401b198d2?s=96&d=mm&r=g\",\"contentUrl\":\"https:\/\/secure.gravatar.com\/avatar\/6061d7d20b38bc2742a5218401b198d2?s=96&d=mm&r=g\",\"caption\":\"Francisco S\u00e1nchez Nolasco\"},\"url\":\"https:\/\/thepueblatimes.mx\/index.php\/author\/marianitha-reyes\/\"}]}<\/script>\n<!-- \/ Yoast SEO plugin. -->","yoast_head_json":{"title":"Roban camioneta de estacionamiento de Coppel en Tecamachalco - The Puebla Times","robots":{"index":"index","follow":"follow","max-snippet":"max-snippet:-1","max-image-preview":"max-image-preview:large","max-video-preview":"max-video-preview:-1"},"canonical":"https:\/\/thepueblatimes.mx\/index.php\/2021\/08\/03\/roban-camioneta-de-estacionamiento-de-coppel-en-tecamachalco\/","og_locale":"es_ES","og_type":"article","og_title":"Roban camioneta de estacionamiento de Coppel en Tecamachalco - The Puebla Times","og_description":"Tecamachalco, Pue.- Fuentes oficiales informaron que durante la tarde de ayer domingo una llamada al 911 inform\u00f3 que en el estacionamiento subterr\u00e1neo de la tienda Coppel ubicada sobre la calle 2 sur en pleno centro de Tecamachalco se registr\u00f3 el robo de una camioneta Chevrolet Silverado color verde con batea californiana\u00a0y placas de circulaci\u00f3n 176-ZSK...","og_url":"https:\/\/thepueblatimes.mx\/index.php\/2021\/08\/03\/roban-camioneta-de-estacionamiento-de-coppel-en-tecamachalco\/","og_site_name":"The Puebla Times","article_published_time":"2021-08-04T03:51:13+00:00","og_image":[{"width":1080,"height":828,"url":"https:\/\/thepueblatimes.mx\/wp-content\/uploads\/2021\/08\/EE344ABE-2859-4511-97D0-A6925638AA2E.jpeg","type":"image\/jpeg"}],"author":"Francisco S\u00e1nchez Nolasco","twitter_card":"summary_large_image","twitter_misc":{"Escrito por":"Francisco S\u00e1nchez Nolasco","Tiempo de lectura":"1 minuto"},"schema":{"@context":"https:\/\/schema.org","@graph":[{"@type":"WebPage","@id":"https:\/\/thepueblatimes.mx\/index.php\/2021\/08\/03\/roban-camioneta-de-estacionamiento-de-coppel-en-tecamachalco\/","url":"https:\/\/thepueblatimes.mx\/index.php\/2021\/08\/03\/roban-camioneta-de-estacionamiento-de-coppel-en-tecamachalco\/","name":"Roban camioneta de estacionamiento de Coppel en Tecamachalco - The Puebla Times","isPartOf":{"@id":"https:\/\/thepueblatimes.mx\/#website"},"datePublished":"2021-08-04T03:51:13+00:00","dateModified":"2021-08-04T03:51:13+00:00","author":{"@id":"https:\/\/thepueblatimes.mx\/#\/schema\/person\/7bdf2adbc50078b104bba72b5612f774"},"breadcrumb":{"@id":"https:\/\/thepueblatimes.mx\/index.php\/2021\/08\/03\/roban-camioneta-de-estacionamiento-de-coppel-en-tecamachalco\/#breadcrumb"},"inLanguage":"es","potentialAction":[{"@type":"ReadAction","target":["https:\/\/thepueblatimes.mx\/index.php\/2021\/08\/03\/roban-camioneta-de-estacionamiento-de-coppel-en-tecamachalco\/"]}]},{"@type":"BreadcrumbList","@id":"https:\/\/thepueblatimes.mx\/index.php\/2021\/08\/03\/roban-camioneta-de-estacionamiento-de-coppel-en-tecamachalco\/#breadcrumb","itemListElement":[{"@type":"ListItem","position":1,"name":"Portada","item":"https:\/\/thepueblatimes.mx\/"},{"@type":"ListItem","position":2,"name":"Roban camioneta de estacionamiento de Coppel en Tecamachalco"}]},{"@type":"WebSite","@id":"https:\/\/thepueblatimes.mx\/#website","url":"https:\/\/thepueblatimes.mx\/","name":"The Puebla Times","description":"Noticias del Estado de Puebla","potentialAction":[{"@type":"SearchAction","target":{"@type":"EntryPoint","urlTemplate":"https:\/\/thepueblatimes.mx\/?s={search_term_string}"},"query-input":"required name=search_term_string"}],"inLanguage":"es"},{"@type":"Person","@id":"https:\/\/thepueblatimes.mx\/#\/schema\/person\/7bdf2adbc50078b104bba72b5612f774","name":"Francisco S\u00e1nchez Nolasco","image":{"@type":"ImageObject","inLanguage":"es","@id":"https:\/\/thepueblatimes.mx\/#\/schema\/person\/image\/","url":"https:\/\/secure.gravatar.com\/avatar\/6061d7d20b38bc2742a5218401b198d2?s=96&d=mm&r=g","contentUrl":"https:\/\/secure.gravatar.com\/avatar\/6061d7d20b38bc2742a5218401b198d2?s=96&d=mm&r=g","caption":"Francisco S\u00e1nchez Nolasco"},"url":"https:\/\/thepueblatimes.mx\/index.php\/author\/marianitha-reyes\/"}]}},"jetpack_featured_media_url":"https:\/\/thepueblatimes.mx\/wp-content\/uploads\/2021\/08\/EE344ABE-2859-4511-97D0-A6925638AA2E.jpeg","_links":{"self":[{"href":"https:\/\/thepueblatimes.mx\/index.php\/wp-json\/wp\/v2\/posts\/15031"}],"collection":[{"href":"https:\/\/thepueblatimes.mx\/index.php\/wp-json\/wp\/v2\/posts"}],"about":[{"href":"https:\/\/thepueblatimes.mx\/index.php\/wp-json\/wp\/v2\/types\/post"}],"author":[{"embeddable":true,"href":"https:\/\/thepueblatimes.mx\/index.php\/wp-json\/wp\/v2\/users\/15"}],"replies":[{"embeddable":true,"href":"https:\/\/thepueblatimes.mx\/index.php\/wp-json\/wp\/v2\/comments?post=15031"}],"version-history":[{"count":2,"href":"https:\/\/thepueblatimes.mx\/index.php\/wp-json\/wp\/v2\/posts\/15031\/revisions"}],"predecessor-version":[{"id":15034,"href":"https:\/\/thepueblatimes.mx\/index.php\/wp-json\/wp\/v2\/posts\/15031\/revisions\/15034"}],"wp:featuredmedia":[{"embeddable":true,"href":"https:\/\/thepueblatimes.mx\/index.php\/wp-json\/wp\/v2\/media\/15032"}],"wp:attachment":[{"href":"https:\/\/thepueblatimes.mx\/index.php\/wp-json\/wp\/v2\/media?parent=15031"}],"wp:term":[{"taxonomy":"category","embeddable":true,"href":"https:\/\/thepueblatimes.mx\/index.php\/wp-json\/wp\/v2\/categories?post=15031"},{"taxonomy":"post_tag","embeddable":true,"href":"https:\/\/thepueblatimes.mx\/index.php\/wp-json\/wp\/v2\/tags?post=15031"}],"curies":[{"name":"wp","href":"https:\/\/api.w.org\/{rel}","templated":true}]}}